{"id":34145,"date":"2023-08-23T14:16:08","date_gmt":"2023-08-23T17:16:08","guid":{"rendered":"https:\/\/radiorevelacionfm.cl\/?p=34145"},"modified":"2023-08-23T14:21:23","modified_gmt":"2023-08-23T17:21:23","slug":"los-bosques-de-lenga-de-aysen-se-adaptan-a-condiciones-mas-secas","status":"publish","type":"post","link":"https:\/\/radiorevelacionfm.cl\/?p=34145","title":{"rendered":"Los bosques de Lenga y \u00d1irre de Ays\u00e9n se adaptan a condiciones m\u00e1s secas"},"content":{"rendered":"<div class=\"flex_column av_one_full  flex_column_div av-zero-column-padding first  avia-builder-el-0  el_before_av_one_full  avia-builder-el-first  \" style='border-radius:0px; '><div  class='avia-image-container  av-styling-    avia-builder-el-1  avia-builder-el-no-sibling  avia-align-center '  itemprop=\"image\" itemscope=\"itemscope\" itemtype=\"https:\/\/schema.org\/ImageObject\"  ><div class='avia-image-container-inner'><div class='avia-image-overlay-wrap'><img decoding=\"async\" class='wp-image-34146 avia-img-lazy-loading-not-34146 avia_image' src=\"https:\/\/radiorevelacionfm.cl\/wp-content\/uploads\/2023\/08\/img_8434-1_optimized-1.jpg\" alt='' title='img_8434-(1)_optimized (1)' height=\"600\" width=\"842\"  itemprop=\"thumbnailUrl\" srcset=\"https:\/\/radiorevelacionfm.cl\/wp-content\/uploads\/2023\/08\/img_8434-1_optimized-1.jpg 842w, https:\/\/radiorevelacionfm.cl\/wp-content\/uploads\/2023\/08\/img_8434-1_optimized-1-300x214.jpg 300w, https:\/\/radiorevelacionfm.cl\/wp-content\/uploads\/2023\/08\/img_8434-1_optimized-1-768x547.jpg 768w, https:\/\/radiorevelacionfm.cl\/wp-content\/uploads\/2023\/08\/img_8434-1_optimized-1-260x185.jpg 260w, https:\/\/radiorevelacionfm.cl\/wp-content\/uploads\/2023\/08\/img_8434-1_optimized-1-705x502.jpg 705w, https:\/\/radiorevelacionfm.cl\/wp-content\/uploads\/2023\/08\/img_8434-1_optimized-1-450x321.jpg 450w, https:\/\/radiorevelacionfm.cl\/wp-content\/uploads\/2023\/08\/img_8434-1_optimized-1-600x428.jpg 600w\" sizes=\"(max-width: 842px) 100vw, 842px\" \/><\/div><\/div><\/div><\/div>\n<div class=\"flex_column av_one_full  flex_column_div av-zero-column-padding first  avia-builder-el-2  el_after_av_one_full  el_before_av_one_full  column-top-margin\" style='border-radius:0px; '><section class=\"av_textblock_section \"  itemscope=\"itemscope\" itemtype=\"https:\/\/schema.org\/BlogPosting\" itemprop=\"blogPost\" ><div class='avia_textblock  '   itemprop=\"text\" ><p style=\"text-align: center;\"><strong><span style=\"font-size: 18pt;\">Los bosques de Lenga y \u00d1irre de Ays\u00e9n se adaptan a condiciones m\u00e1s secas<\/span><\/strong><\/p>\n<div id=\"gtx-trans\" style=\"position: absolute; left: -50px; top: 4.31534px;\">\n<div class=\"gtx-trans-icon\"><\/div>\n<\/div>\n<\/div><\/section><\/div><div class=\"flex_column av_one_full  flex_column_div av-zero-column-padding first  avia-builder-el-4  el_after_av_one_full  el_before_av_hr  column-top-margin\" style='border-radius:0px; '><section class=\"av_textblock_section \"  itemscope=\"itemscope\" itemtype=\"https:\/\/schema.org\/BlogPosting\" itemprop=\"blogPost\" ><div class='avia_textblock  '   itemprop=\"text\" ><p class=\"v1MsoNormal\" style=\"text-align: justify;\" align=\"justify\"><span style=\"font-family: georgia, palatino, serif; font-size: 12pt;\"><span class=\"v1ContentPasted1\">Hace unas semanas tuvimos la mala noticia de registrar el mes de\u00a0<\/span><span class=\"v1ContentPasted1\">j<\/span><span class=\"v1ContentPasted1\">ulio m\u00e1s c\u00e1lido a nivel mundial desde que se tienen registros. Tambi\u00e9n se demostr\u00f3 que las olas de calor de Norte Am\u00e9rica y de Europa, no pueden ser explicadas naturalmente, y solo pueden ser provocadas por el aumento acelerado de los gases de efecto invernadero que cubren la atm\u00f3sfera del planeta. En el caso de las olas de calor de China, pueden ser explicadas por un efecto natural clim\u00e1tico, pero con una ocurrencia de 250 a\u00f1os, algo muy inusual. En Chile se habla de la mega sequ\u00eda provocada por ciclos naturales del clima y aumentada por efectos del cambio clim\u00e1tico. \u00bfPero qu\u00e9 pasa en la Patagonia y espec\u00edficamente en la\u00a0<\/span><span class=\"v1ContentPasted1\">R<\/span><span class=\"v1ContentPasted1\">egi\u00f3n de Ays\u00e9n?<\/span>\u00a0<\/span><\/p>\n<p class=\"v1MsoNormal\" style=\"text-align: justify;\" align=\"justify\"><span style=\"font-family: georgia, palatino, serif; font-size: 12pt;\"><span class=\"v1ContentPasted1\">Las predicciones de los modelos no son\u00a0<\/span><span class=\"v1ContentPasted1\">suficientes<\/span><span class=\"v1ContentPasted1\">, debido a la poca informaci\u00f3n de estaciones meteorol\u00f3gicas para ajustar los modelos de precipitaci\u00f3n y temperatura en un territorio tan grande y variado. Sin embargo, hay una tendencia similar en varios de ellos, indicando una disminuci\u00f3n de precipitaciones en la regi\u00f3n de Los Lagos hacia el sur, habiendo un cambio de tendencia en alg\u00fan punto de la\u00a0<\/span><span class=\"v1ContentPasted1\">R<\/span><span class=\"v1ContentPasted1\">egi\u00f3n de Ays\u00e9n hacia el sur, principalmente en el sector de archipi\u00e9lagos.<\/span>\u00a0<\/span><\/p>\n<p class=\"v1MsoNormal\" style=\"text-align: justify;\" align=\"justify\"><span style=\"font-family: georgia, palatino, serif; font-size: 12pt;\"><b><span class=\"v1ContentPasted1\">\u00bfC\u00f3mo est\u00e1 reaccionando el bosque de Ays\u00e9n a la disminuci\u00f3n de las lluvias?<\/span><\/b><b>\u00a0<\/b><\/span><\/p>\n<p class=\"v1MsoNormal\" style=\"text-align: justify;\" align=\"justify\"><span style=\"font-family: georgia, palatino, serif; font-size: 12pt;\"><span class=\"v1ContentPasted1\">El Centro de Investigaci\u00f3n en Ecosistemas de la Patagonia (CIEP)\u00a0<\/span><span class=\"v1ContentPasted1\">ha estado monitoreando por 7 a\u00f1os los arroyos de monta\u00f1a, ecosistemas muy sensibles a cambios de precipitaci\u00f3n, encontrando hasta el momento una disminuci\u00f3n de los arroyos asociados a bosques de Lenga.<\/span>\u00a0<\/span><\/p>\n<p class=\"v1MsoNormal\" style=\"text-align: justify;\" align=\"justify\"><span style=\"font-family: georgia, palatino, serif; font-size: 12pt;\"><span class=\"v1ContentPasted1\">El investigador CIEP, Paulo Moreno, junto al ec\u00f3logo forestal Alex Fajardo de la Universidad de Talca y al profesor Daniel Soto de la Universidad de Ays\u00e9n identifican algunas relaciones y efectos en los bosques de Lenga respecto a la menor disponibilidad de agua.<\/span>\u00a0<\/span><\/p>\n<p class=\"v1MsoNormal\" style=\"text-align: justify;\" align=\"justify\"><span style=\"font-family: georgia, palatino, serif; font-size: 12pt;\"><span class=\"v1ContentPasted1\">El doctor Alex Fajardo ha estudiado la eficiencia de los \u00e1rboles al consumo de agua, espec\u00edficamente en esta regi\u00f3n ha estudiado la capacidad del \u00d1irre, a trav\u00e9s de isotopos, de utilizar el agua. Al respecto, Fajardo se\u00f1ala que: \u00ab<\/span><span class=\"v1ContentPasted1\">hemos<\/span><span class=\"v1ContentPasted1\">\u00a0encontrado una se\u00f1al diferente en los \u00d1irres de condiciones m\u00e1s secas, traduci\u00e9ndose en un uso m\u00e1s eficiente del agua en los \u00faltimos a\u00f1os. En cambio, en bosques de \u00d1irre de zonas h\u00famedas como Puerto Ays\u00e9n no se observa esa se\u00f1al. O sea, los bosques cercanos a la estepa pueden ocupar de mejor forma la mol\u00e9cula de agua para procesos fisiol\u00f3gicos como la formaci\u00f3n de madera\u00bb.<\/span>\u00a0<\/span><\/p>\n<p class=\"v1MsoNormal\" style=\"text-align: justify;\" align=\"justify\"><span style=\"font-family: georgia, palatino, serif; font-size: 12pt;\"><span class=\"v1ContentPasted1\">Por otro lado, estudiando la ecolog\u00eda y silvicultura de los bosques de la Reserva Trapananda el Doctor Daniel Soto ha encontrado\u00a0<\/span><span class=\"v1ContentPasted1\">a muchos individuos con muerte regresiva (\u00abdieback\u00bb en ingl<\/span><span class=\"v1ContentPasted1\">\u00e9<\/span><span class=\"v1ContentPasted1\">s) o totalmente muertos en el peor de los casos<\/span><span class=\"v1ContentPasted1\">. \u00a0\u00abHemos registrado una gran cantidad de \u00e1rboles con una muerte de la parte m\u00e1s alta de la copa, d\u00f3nde la causa m\u00e1s probable haya sido la disminuci\u00f3n de precipitaciones<\/span><span class=\"v1ContentPasted1\">\u00a0durante los \u00faltimos a\u00f1os,<\/span><span class=\"v1ContentPasted1\">\u00a0y con eso la disponibilidad de agua en el suelo. Los \u00e1rboles transportan el agua del suelo a las hojas, y si no existe suficiente agua, se produce una burbuja de aire que interrumpe el flujo a las partes altas del \u00e1rbol, provocando la muerte de tejidos<\/span><span class=\"v1ContentPasted1\">.<\/span><span class=\"v1ContentPasted1\">\u00a0Esta situaci\u00f3n no ha sido bien estudiada en Chile y menos en la regi\u00f3n de Ays\u00e9n, y en esa materia el profesor Soto\u00a0<\/span><span class=\"v1ContentPasted1\">enfatiza\u00a0<\/span><span class=\"v1ContentPasted1\">que este fen\u00f3meno ecol\u00f3gico podr\u00eda ser visto como una potencial adaptaci\u00f3n de los bosques de la Reserva Nacional Trapananda, y que estar\u00edan en un proceso de transici\u00f3n a una condici\u00f3n m\u00e1s seca<\/span><span class=\"v1ContentPasted1\">,<\/span><span class=\"v1ContentPasted1\">\u00a0bajando la altura de los \u00e1rboles a una que pueda tolerar menor disponibilidad de agua en el sitio, esto abre una importante l\u00ednea de investigaci\u00f3n ecol\u00f3gica sobre la adaptabilidad de los bosques al cambio clim\u00e1tico en la regi\u00f3n\u00bb<\/span><span class=\"v1ContentPasted1\">. Tambi\u00e9n d<\/span><span class=\"v1ContentPasted1\">estaca que es necesario medidas de adaptaci\u00f3n o manejo adaptativo en bosques y evaluar su efectividad ante los cambios que se est\u00e1n produciendo a nivel de precipitaci\u00f3n de la regi\u00f3n de Ays\u00e9n. \u00a0<\/span><\/span><\/p>\n<p class=\"v1MsoNormal\" style=\"text-align: justify;\" align=\"justify\"><span style=\"font-family: georgia, palatino, serif; font-size: 12pt;\"><span class=\"v1ContentPasted1\">Apoyando ambas observaciones el investigador del CIEP, MSc. Paulo Moreno<\/span><span class=\"v1ContentPasted1\">\u00a0dedicado a entender las relaciones entre los bosques, los r\u00edos y su efecto en los sistemas marinos,<\/span><span class=\"v1ContentPasted1\">\u00a0encontr\u00f3 que los bosques de la Reserva Trapananda est\u00e1n creciendo significativamente menos en el \u00faltimo tiempo. Sin embargo, en bosques de menor productividad como los bosques de Coyhaique Alto al lado de la estepa, no se observa una merma del crecimiento. En este sentido Moreno se\u00f1ala que: \u00abLa disminuci\u00f3n de las precipitaciones y del agua de arroyos ha sido proporcionalmente igual en ambos sectores, sin embargo, los bosques m\u00e1s productivos se est\u00e1n viendo m\u00e1s afectados. Por otro lado, los bosques que ya estaban acostumbrados a un grado de estr\u00e9s h\u00eddrico, como los bosques cercanos a la estepa, han sido m\u00e1s eficientes en el uso del agua para el crecimiento\u00bb.<\/span>\u00a0<\/span><\/p>\n<p class=\"v1MsoNormal\" style=\"text-align: justify;\" align=\"justify\"><span style=\"font-family: georgia, palatino, serif; font-size: 12pt;\"><span class=\"v1ContentPasted1\">\u00abComo resumen podemos decir que el comportamiento de los bosques y de las especies respecto a cambios del clima, no es lineal y que existen interacciones y variables que deben incluirse en las proyecciones de los efectos de cambio clim\u00e1tico. Por esta raz\u00f3n se tiene que seguir estudiando las reacciones de los ecosistemas y sus organismos a estos cambios, para as\u00ed tener la informaci\u00f3n necesaria para conservar y manejar estos recursos adecuadamente, no solamente viendo la foto de hoy y los recuerdos del pasado, sino tambi\u00e9n pensando en un sistema que ya est\u00e1 cambiando, para bien o para mal\u00bb, finaliza el investigador Moreno.<\/span>\u00a0<\/span><\/p>\n<\/div><\/section><\/div><\/p>\n<div  style='height:50px' class='hr hr-invisible   avia-builder-el-6  el_after_av_one_full  el_before_av_social_share '><span class='hr-inner ' ><span class='hr-inner-style'><\/span><\/span><\/div>\n<div  class='av-social-sharing-box  avia-builder-el-7  el_after_av_hr  el_before_av_hr  '><div class='av-share-box'><h5 class='av-share-link-description av-no-toc '>Compartir esta noticia<\/h5><ul class='av-share-box-list noLightbox'><li class='av-share-link av-social-link-facebook' ><a target=\"_blank\" aria-label=\"Compartir en Facebook\" href='https:\/\/www.facebook.com\/sharer.php?u=https:\/\/radiorevelacionfm.cl\/?p=34145&#038;t=Los%20bosques%20de%20Lenga%20y%20%C3%91irre%20de%20Ays%C3%A9n%20se%20adaptan%20a%20condiciones%20m%C3%A1s%20secas' aria-hidden='false' data-av_icon='\ue8f3' data-av_iconfont='entypo-fontello' title='' data-avia-related-tooltip='Compartir en Facebook' rel=\"noopener\"><span class='avia_hidden_link_text'>Compartir en Facebook<\/span><\/a><\/li><li class='av-share-link av-social-link-twitter' ><a target=\"_blank\" aria-label=\"Compartir en Twitter\" href='https:\/\/twitter.com\/share?text=Los%20bosques%20de%20Lenga%20y%20%C3%91irre%20de%20Ays%C3%A9n%20se%20adaptan%20a%20condiciones%20m%C3%A1s%20secas&#038;url=https:\/\/radiorevelacionfm.cl\/?p=34145' aria-hidden='false' data-av_icon='\ue8f1' data-av_iconfont='entypo-fontello' title='' data-avia-related-tooltip='Compartir en Twitter' rel=\"noopener\"><span class='avia_hidden_link_text'>Compartir en Twitter<\/span><\/a><\/li><li class='av-share-link av-social-link-whatsapp' ><a target=\"_blank\" aria-label=\"Compartir en Whatsapp\" href='https:\/\/api.whatsapp.com\/send?text=https:\/\/radiorevelacionfm.cl\/?p=34145' aria-hidden='false' data-av_icon='\uf232' data-av_iconfont='entypo-fontello' title='' data-avia-related-tooltip='Compartir en Whatsapp' rel=\"noopener\"><span class='avia_hidden_link_text'>Compartir en Whatsapp<\/span><\/a><\/li><li class='av-share-link av-social-link-linkedin' ><a target=\"_blank\" aria-label=\"Compartir en LinkedIn\" href='https:\/\/linkedin.com\/shareArticle?mini=true&#038;title=Los%20bosques%20de%20Lenga%20y%20%C3%91irre%20de%20Ays%C3%A9n%20se%20adaptan%20a%20condiciones%20m%C3%A1s%20secas&#038;url=https:\/\/radiorevelacionfm.cl\/?p=34145' aria-hidden='false' data-av_icon='\ue8fc' data-av_iconfont='entypo-fontello' title='' data-avia-related-tooltip='Compartir en LinkedIn' rel=\"noopener\"><span class='avia_hidden_link_text'>Compartir en LinkedIn<\/span><\/a><\/li><li class='av-share-link av-social-link-mail' ><a  aria-label=\"Compartir por correo\" href='mailto:?subject=Los%20bosques%20de%20Lenga%20y%20%C3%91irre%20de%20Ays%C3%A9n%20se%20adaptan%20a%20condiciones%20m%C3%A1s%20secas&#038;body=https:\/\/radiorevelacionfm.cl\/?p=34145' aria-hidden='false' data-av_icon='\ue805' data-av_iconfont='entypo-fontello' title='' data-avia-related-tooltip='Compartir por correo'><span class='avia_hidden_link_text'>Compartir por correo<\/span><\/a><\/li><\/ul><\/div><\/div>\n<div  style='height:50px' class='hr hr-invisible   avia-builder-el-8  el_after_av_social_share  el_before_av_comments_list '><span class='hr-inner ' ><span class='hr-inner-style'><\/span><\/span><\/div>\n<div  class='av-buildercomment  av-blog-meta-html-info-disabled av-blog-meta-tag-disabled  '><\/div>\n","protected":false},"excerpt":{"rendered":"","protected":false},"author":1,"featured_media":34146,"comment_status":"open","ping_status":"open","sticky":false,"template":"","format":"standard","meta":{"footnotes":""},"categories":[38],"tags":[],"class_list":["post-34145","post","type-post","status-publish","format-standard","has-post-thumbnail","hentry","category-regional"],"jetpack_featured_media_url":"https:\/\/radiorevelacionfm.cl\/wp-content\/uploads\/2023\/08\/img_8434-1_optimized-1.jpg","_links":{"self":[{"href":"https:\/\/radiorevelacionfm.cl\/index.php?rest_route=\/wp\/v2\/posts\/34145","targetHints":{"allow":["GET"]}}],"collection":[{"href":"https:\/\/radiorevelacionfm.cl\/index.php?rest_route=\/wp\/v2\/posts"}],"about":[{"href":"https:\/\/radiorevelacionfm.cl\/index.php?rest_route=\/wp\/v2\/types\/post"}],"author":[{"embeddable":true,"href":"https:\/\/radiorevelacionfm.cl\/index.php?rest_route=\/wp\/v2\/users\/1"}],"replies":[{"embeddable":true,"href":"https:\/\/radiorevelacionfm.cl\/index.php?rest_route=%2Fwp%2Fv2%2Fcomments&post=34145"}],"version-history":[{"count":2,"href":"https:\/\/radiorevelacionfm.cl\/index.php?rest_route=\/wp\/v2\/posts\/34145\/revisions"}],"predecessor-version":[{"id":34148,"href":"https:\/\/radiorevelacionfm.cl\/index.php?rest_route=\/wp\/v2\/posts\/34145\/revisions\/34148"}],"wp:featuredmedia":[{"embeddable":true,"href":"https:\/\/radiorevelacionfm.cl\/index.php?rest_route=\/wp\/v2\/media\/34146"}],"wp:attachment":[{"href":"https:\/\/radiorevelacionfm.cl\/index.php?rest_route=%2Fwp%2Fv2%2Fmedia&parent=34145"}],"wp:term":[{"taxonomy":"category","embeddable":true,"href":"https:\/\/radiorevelacionfm.cl\/index.php?rest_route=%2Fwp%2Fv2%2Fcategories&post=34145"},{"taxonomy":"post_tag","embeddable":true,"href":"https:\/\/radiorevelacionfm.cl\/index.php?rest_route=%2Fwp%2Fv2%2Ftags&post=34145"}],"curies":[{"name":"wp","href":"https:\/\/api.w.org\/{rel}","templated":true}]}}