{"id":34142,"date":"2023-08-23T11:55:50","date_gmt":"2023-08-23T14:55:50","guid":{"rendered":"https:\/\/radiorevelacionfm.cl\/?p=34142"},"modified":"2023-08-23T11:56:45","modified_gmt":"2023-08-23T14:56:45","slug":"en-visita-a-la-region-superintendente-de-educacion-superior-se-reunio-con-estudiantes-de-ip-y-cft-los-lagos-en-coyhaique","status":"publish","type":"post","link":"https:\/\/radiorevelacionfm.cl\/?p=34142","title":{"rendered":"En visita a la regi\u00f3n Superintendente de Educaci\u00f3n Superior se reuni\u00f3 con estudiantes de IP y CFT Los Lagos en Coyhaique"},"content":{"rendered":"<div class=\"flex_column av_one_full  flex_column_div av-zero-column-padding first  avia-builder-el-0  el_before_av_one_full  avia-builder-el-first  \" style='border-radius:0px; '><div  class='avia-image-container  av-styling-    avia-builder-el-1  avia-builder-el-no-sibling  avia-align-center '  itemprop=\"image\" itemscope=\"itemscope\" itemtype=\"https:\/\/schema.org\/ImageObject\"  ><div class='avia-image-container-inner'><div class='avia-image-overlay-wrap'><img decoding=\"async\" class='wp-image-34143 avia-img-lazy-loading-not-34143 avia_image' src=\"https:\/\/radiorevelacionfm.cl\/wp-content\/uploads\/2023\/08\/9973206f-a357-4164-8de2-efc61d13ca07-1-1.jpeg\" alt='' title='9973206f-a357-4164-8de2-efc61d13ca07 (1) (1)' height=\"600\" width=\"800\"  itemprop=\"thumbnailUrl\" srcset=\"https:\/\/radiorevelacionfm.cl\/wp-content\/uploads\/2023\/08\/9973206f-a357-4164-8de2-efc61d13ca07-1-1.jpeg 800w, https:\/\/radiorevelacionfm.cl\/wp-content\/uploads\/2023\/08\/9973206f-a357-4164-8de2-efc61d13ca07-1-1-300x225.jpeg 300w, https:\/\/radiorevelacionfm.cl\/wp-content\/uploads\/2023\/08\/9973206f-a357-4164-8de2-efc61d13ca07-1-1-768x576.jpeg 768w, https:\/\/radiorevelacionfm.cl\/wp-content\/uploads\/2023\/08\/9973206f-a357-4164-8de2-efc61d13ca07-1-1-705x529.jpeg 705w, https:\/\/radiorevelacionfm.cl\/wp-content\/uploads\/2023\/08\/9973206f-a357-4164-8de2-efc61d13ca07-1-1-450x338.jpeg 450w, https:\/\/radiorevelacionfm.cl\/wp-content\/uploads\/2023\/08\/9973206f-a357-4164-8de2-efc61d13ca07-1-1-600x450.jpeg 600w\" sizes=\"(max-width: 800px) 100vw, 800px\" \/><\/div><\/div><\/div><\/div><div class=\"flex_column av_one_full  flex_column_div av-zero-column-padding first  avia-builder-el-2  el_after_av_one_full  el_before_av_one_full  column-top-margin\" style='border-radius:0px; '><section class=\"av_textblock_section \"  itemscope=\"itemscope\" itemtype=\"https:\/\/schema.org\/BlogPosting\" itemprop=\"blogPost\" ><div class='avia_textblock  '   itemprop=\"text\" ><p style=\"text-align: center;\"><strong><span style=\"font-size: 18pt;\">En visita a la regi\u00f3n Superintendente de Educaci\u00f3n Superior se reuni\u00f3 con estudiantes de IP y CFT Los Lagos en Coyhaique<\/span><\/strong><\/p>\n<div id=\"gtx-trans\" style=\"position: absolute; left: -50px; top: 4.31534px;\">\n<div class=\"gtx-trans-icon\"><\/div>\n<\/div>\n<\/div><\/section><\/div><div class=\"flex_column av_one_full  flex_column_div av-zero-column-padding first  avia-builder-el-4  el_after_av_one_full  el_before_av_hr  column-top-margin\" style='border-radius:0px; '><section class=\"av_textblock_section \"  itemscope=\"itemscope\" itemtype=\"https:\/\/schema.org\/BlogPosting\" itemprop=\"blogPost\" ><div class='avia_textblock  '   itemprop=\"text\" ><p class=\"v1MsoNormal\" style=\"text-align: justify;\">El Superintendente de Educaci\u00f3n Superior\u00a0Jos\u00e9 Miguel Salazar\u00a0viaj\u00f3 hasta la Regi\u00f3n de Ays\u00e9n del General Carlos Ib\u00e1\u00f1ez del Campo para reunirse con estudiantes la sede de Coyhaique del IP y CFT Los Lagos, en el contexto de la investigaci\u00f3n que est\u00e1 desarrollando el \u00f3rgano regulador, producto de la delicada situaci\u00f3n financiera que enfrentan ambas instituciones y que afecta a un total de 3.500 matriculados en nueve sedes a lo largo del pa\u00eds. En el encuentro fue acompa\u00f1ado por la Seremi de Educaci\u00f3n de Ays\u00e9n Isabel Garrido.<\/p>\n<p class=\"v1MsoNormal\" style=\"text-align: justify;\">Tras el encuentro, el superintendente Salazar explic\u00f3 que la reuni\u00f3n tuvo como objetivo \u201cayudar a los estudiantes a clarificar el estado del proceso que estamos siguiendo a estas dos instituciones, entender sus problemas y de esa manera empezar a proponer soluciones que permitan ir destrabando la situaci\u00f3n en que se encuentran ambas instituciones. Estamos haciendo un esfuerzo de coordinaci\u00f3n bien significativo con la Subsecretar\u00eda de Educaci\u00f3n Superior para que esto ocurra, pero nos parece tambi\u00e9n muy importante y necesario involucrar a las comunidades. Por lo tanto, es fundamental que los estudiantes, sus familias, los trabajadores y todas las personas relacionadas con estas instituciones est\u00e9n muy al tanto de lo que est\u00e1 ocurriendo y puedan ir tomando decisiones que contribuyan a resolver esta situaci\u00f3n en el corto plazo\u201d.<\/p>\n<p class=\"v1MsoNormal\" style=\"text-align: justify;\">La Seremi Isabel Garrido, se\u00f1al\u00f3 que fue una reuni\u00f3n que permiti\u00f3 un di\u00e1logo \u201cmuy transparente, muy franco y donde se expusieron todos los pasos que se dar\u00e1n en desarrollo de este proceso. Como gobierno estamos trabajando para resguardar los derechos de los estudiantes, que es lo m\u00e1s importante\u201d, se\u00f1al\u00f3.<\/p>\n<\/div><\/section><\/div><div  style='height:50px' class='hr hr-invisible   avia-builder-el-6  el_after_av_one_full  el_before_av_social_share '><span class='hr-inner ' ><span class='hr-inner-style'><\/span><\/span><\/div><\/p>\n<div  class='av-social-sharing-box  avia-builder-el-7  el_after_av_hr  el_before_av_hr  '><div class='av-share-box'><h5 class='av-share-link-description av-no-toc '>Compartir esta noticia<\/h5><ul class='av-share-box-list noLightbox'><li class='av-share-link av-social-link-facebook' ><a target=\"_blank\" aria-label=\"Compartir en Facebook\" href='https:\/\/www.facebook.com\/sharer.php?u=https:\/\/radiorevelacionfm.cl\/?p=34142&#038;t=En%20visita%20a%20la%20regi%C3%B3n%20Superintendente%20de%20Educaci%C3%B3n%20Superior%20se%20reuni%C3%B3%20con%20estudiantes%20de%20IP%20y%20CFT%20Los%20Lagos%20en%20Coyhaique' aria-hidden='false' data-av_icon='\ue8f3' data-av_iconfont='entypo-fontello' title='' data-avia-related-tooltip='Compartir en Facebook' rel=\"noopener\"><span class='avia_hidden_link_text'>Compartir en Facebook<\/span><\/a><\/li><li class='av-share-link av-social-link-twitter' ><a target=\"_blank\" aria-label=\"Compartir en Twitter\" href='https:\/\/twitter.com\/share?text=En%20visita%20a%20la%20regi%C3%B3n%20Superintendente%20de%20Educaci%C3%B3n%20Superior%20se%20reuni%C3%B3%20con%20estudiantes%20de%20IP%20y%20CFT%20Los%20Lagos%20en%20Coyhaique&#038;url=https:\/\/radiorevelacionfm.cl\/?p=34142' aria-hidden='false' data-av_icon='\ue8f1' data-av_iconfont='entypo-fontello' title='' data-avia-related-tooltip='Compartir en Twitter' rel=\"noopener\"><span class='avia_hidden_link_text'>Compartir en Twitter<\/span><\/a><\/li><li class='av-share-link av-social-link-whatsapp' ><a target=\"_blank\" aria-label=\"Compartir en Whatsapp\" href='https:\/\/api.whatsapp.com\/send?text=https:\/\/radiorevelacionfm.cl\/?p=34142' aria-hidden='false' data-av_icon='\uf232' data-av_iconfont='entypo-fontello' title='' data-avia-related-tooltip='Compartir en Whatsapp' rel=\"noopener\"><span class='avia_hidden_link_text'>Compartir en Whatsapp<\/span><\/a><\/li><li class='av-share-link av-social-link-linkedin' ><a target=\"_blank\" aria-label=\"Compartir en LinkedIn\" href='https:\/\/linkedin.com\/shareArticle?mini=true&#038;title=En%20visita%20a%20la%20regi%C3%B3n%20Superintendente%20de%20Educaci%C3%B3n%20Superior%20se%20reuni%C3%B3%20con%20estudiantes%20de%20IP%20y%20CFT%20Los%20Lagos%20en%20Coyhaique&#038;url=https:\/\/radiorevelacionfm.cl\/?p=34142' aria-hidden='false' data-av_icon='\ue8fc' data-av_iconfont='entypo-fontello' title='' data-avia-related-tooltip='Compartir en LinkedIn' rel=\"noopener\"><span class='avia_hidden_link_text'>Compartir en LinkedIn<\/span><\/a><\/li><li class='av-share-link av-social-link-mail' ><a  aria-label=\"Compartir por correo\" href='mailto:?subject=En%20visita%20a%20la%20regi%C3%B3n%20Superintendente%20de%20Educaci%C3%B3n%20Superior%20se%20reuni%C3%B3%20con%20estudiantes%20de%20IP%20y%20CFT%20Los%20Lagos%20en%20Coyhaique&#038;body=https:\/\/radiorevelacionfm.cl\/?p=34142' aria-hidden='false' data-av_icon='\ue805' data-av_iconfont='entypo-fontello' title='' data-avia-related-tooltip='Compartir por correo'><span class='avia_hidden_link_text'>Compartir por correo<\/span><\/a><\/li><\/ul><\/div><\/div>\n<div  style='height:50px' class='hr hr-invisible   avia-builder-el-8  el_after_av_social_share  el_before_av_comments_list '><span class='hr-inner ' ><span class='hr-inner-style'><\/span><\/span><\/div>\n<div  class='av-buildercomment  av-blog-meta-html-info-disabled av-blog-meta-tag-disabled  '><\/div>\n","protected":false},"excerpt":{"rendered":"","protected":false},"author":1,"featured_media":34143,"comment_status":"open","ping_status":"open","sticky":false,"template":"","format":"standard","meta":{"footnotes":""},"categories":[49],"tags":[],"class_list":["post-34142","post","type-post","status-publish","format-standard","has-post-thumbnail","hentry","category-educacion"],"jetpack_featured_media_url":"https:\/\/radiorevelacionfm.cl\/wp-content\/uploads\/2023\/08\/9973206f-a357-4164-8de2-efc61d13ca07-1-1.jpeg","_links":{"self":[{"href":"https:\/\/radiorevelacionfm.cl\/index.php?rest_route=\/wp\/v2\/posts\/34142","targetHints":{"allow":["GET"]}}],"collection":[{"href":"https:\/\/radiorevelacionfm.cl\/index.php?rest_route=\/wp\/v2\/posts"}],"about":[{"href":"https:\/\/radiorevelacionfm.cl\/index.php?rest_route=\/wp\/v2\/types\/post"}],"author":[{"embeddable":true,"href":"https:\/\/radiorevelacionfm.cl\/index.php?rest_route=\/wp\/v2\/users\/1"}],"replies":[{"embeddable":true,"href":"https:\/\/radiorevelacionfm.cl\/index.php?rest_route=%2Fwp%2Fv2%2Fcomments&post=34142"}],"version-history":[{"count":1,"href":"https:\/\/radiorevelacionfm.cl\/index.php?rest_route=\/wp\/v2\/posts\/34142\/revisions"}],"predecessor-version":[{"id":34144,"href":"https:\/\/radiorevelacionfm.cl\/index.php?rest_route=\/wp\/v2\/posts\/34142\/revisions\/34144"}],"wp:featuredmedia":[{"embeddable":true,"href":"https:\/\/radiorevelacionfm.cl\/index.php?rest_route=\/wp\/v2\/media\/34143"}],"wp:attachment":[{"href":"https:\/\/radiorevelacionfm.cl\/index.php?rest_route=%2Fwp%2Fv2%2Fmedia&parent=34142"}],"wp:term":[{"taxonomy":"category","embeddable":true,"href":"https:\/\/radiorevelacionfm.cl\/index.php?rest_route=%2Fwp%2Fv2%2Fcategories&post=34142"},{"taxonomy":"post_tag","embeddable":true,"href":"https:\/\/radiorevelacionfm.cl\/index.php?rest_route=%2Fwp%2Fv2%2Ftags&post=34142"}],"curies":[{"name":"wp","href":"https:\/\/api.w.org\/{rel}","templated":true}]}}