{"id":34135,"date":"2023-08-22T21:33:43","date_gmt":"2023-08-23T00:33:43","guid":{"rendered":"https:\/\/radiorevelacionfm.cl\/?p=34135"},"modified":"2023-08-22T21:33:43","modified_gmt":"2023-08-23T00:33:43","slug":"continua-despliegue-territorial-de-la-dos-aysen","status":"publish","type":"post","link":"https:\/\/radiorevelacionfm.cl\/?p=34135","title":{"rendered":"Contin\u00faa despliegue territorial de la DOS Ays\u00e9n"},"content":{"rendered":"<div class=\"flex_column av_one_full  flex_column_div av-zero-column-padding first  avia-builder-el-0  el_before_av_one_full  avia-builder-el-first  \" style='border-radius:0px; '><div  class='avia-image-container  av-styling-    avia-builder-el-1  avia-builder-el-no-sibling  avia-align-center '  itemprop=\"image\" itemscope=\"itemscope\" itemtype=\"https:\/\/schema.org\/ImageObject\"  ><div class='avia-image-container-inner'><div class='avia-image-overlay-wrap'><img decoding=\"async\" class='wp-image-34136 avia-img-lazy-loading-not-34136 avia_image' src=\"https:\/\/radiorevelacionfm.cl\/wp-content\/uploads\/2023\/08\/escuela-aysen2-1-1_optimized.jpg\" alt='' title='escuela-aysen2-(1)-(1)_optimized' height=\"600\" width=\"1065\"  itemprop=\"thumbnailUrl\" srcset=\"https:\/\/radiorevelacionfm.cl\/wp-content\/uploads\/2023\/08\/escuela-aysen2-1-1_optimized.jpg 1065w, https:\/\/radiorevelacionfm.cl\/wp-content\/uploads\/2023\/08\/escuela-aysen2-1-1_optimized-300x169.jpg 300w, https:\/\/radiorevelacionfm.cl\/wp-content\/uploads\/2023\/08\/escuela-aysen2-1-1_optimized-1030x580.jpg 1030w, https:\/\/radiorevelacionfm.cl\/wp-content\/uploads\/2023\/08\/escuela-aysen2-1-1_optimized-768x433.jpg 768w, https:\/\/radiorevelacionfm.cl\/wp-content\/uploads\/2023\/08\/escuela-aysen2-1-1_optimized-705x397.jpg 705w, https:\/\/radiorevelacionfm.cl\/wp-content\/uploads\/2023\/08\/escuela-aysen2-1-1_optimized-450x254.jpg 450w, https:\/\/radiorevelacionfm.cl\/wp-content\/uploads\/2023\/08\/escuela-aysen2-1-1_optimized-600x338.jpg 600w\" sizes=\"(max-width: 1065px) 100vw, 1065px\" \/><\/div><\/div><\/div><\/div><div class=\"flex_column av_one_full  flex_column_div av-zero-column-padding first  avia-builder-el-2  el_after_av_one_full  el_before_av_one_full  column-top-margin\" style='border-radius:0px; '><section class=\"av_textblock_section \"  itemscope=\"itemscope\" itemtype=\"https:\/\/schema.org\/BlogPosting\" itemprop=\"blogPost\" ><div class='avia_textblock  '   itemprop=\"text\" ><p style=\"text-align: center;\"><span style=\"font-size: 18pt;\"><strong>Contin\u00faa despliegue territorial de la DOS Ays\u00e9n <\/strong><\/span><\/p>\n<div id=\"gtx-trans\" style=\"position: absolute; left: -50px; top: 4.31534px;\">\n<div class=\"gtx-trans-icon\"><\/div>\n<\/div>\n<\/div><\/section><\/div><div class=\"flex_column av_one_full  flex_column_div av-zero-column-padding first  avia-builder-el-4  el_after_av_one_full  el_before_av_hr  column-top-margin\" style='border-radius:0px; '><section class=\"av_textblock_section \"  itemscope=\"itemscope\" itemtype=\"https:\/\/schema.org\/BlogPosting\" itemprop=\"blogPost\" ><div class='avia_textblock  '   itemprop=\"text\" ><p style=\"text-align: justify;\">Esta semana correspondi\u00f3 a la comuna de Ays\u00e9n, donde se realizaron dos Escuelas de Formaci\u00f3n Social, una en Puerto Ays\u00e9n el s\u00e1bado 12, invitados por la Ilustre Municipalidad de la comuna porte\u00f1a, en la que la DOS Ays\u00e9n realiz\u00f3 la presentaci\u00f3n de la Escuela de Formaci\u00f3n Social: \u00abHerramientas de Liderazgo Comunitario\u00bb, en el marco de la Celebraci\u00f3n del D\u00eda de la Dirigencia Social y Comunitaria. La misma, se desarroll\u00f3 en Islas Huichas, el s\u00e1bado 19 reci\u00e9n pasado.<\/p>\n<p style=\"text-align: justify;\">El Seremi (S) de Gobierno, Alan Espinoza Ortiz, destac\u00f3: \u201cLa Divisi\u00f3n de Organizaciones Sociales tiene un compromiso y el mandato presidencial de llegar a todas las comunidades a lo largo y ancho del pa\u00eds. Estamos profundamente comprometidos con la descentralizaci\u00f3n y con el trabajo en terreno con las organizaciones sociales, por eso es que nuestro equipo de la DOS\u00a0 inici\u00f3 un recorrido con diferentes servicios, esto es, de informaci\u00f3n, de di\u00e1logo, de participaci\u00f3n, de formaci\u00f3n social, entre otros. Recorrido que comenz\u00f3 en la comuna de Ays\u00e9n, pero que proyecta cubrir gran parte del territorio regional. Porque estamos convencidos que \u201cM\u00e1s organizaci\u00f3n es m\u00e1s Democracia\u201d.<\/p>\n<p style=\"text-align: justify;\">Existe un nutrido calendario para lo que resta del a\u00f1o, en que el equipo de la DOS Ays\u00e9n recorrer\u00e1 diversas comunas y localidades de la regi\u00f3n, para llevar los distintos servicios que ofrece la Divisi\u00f3n de Organizaciones Sociales a la ciudadan\u00eda, como feria MovilizaDOS, \u00a0Di\u00e1logos Ciudadanos y Escuelas de Formaci\u00f3n Social.<\/p>\n<p style=\"text-align: justify;\">En tanto, el alcalde de Ays\u00e9n, Julio Uribe indic\u00f3: \u201cHemos estado en la celebraci\u00f3n del D\u00eda del dirigente y dirigente social, donde nos hemos podido reunir con dirigentes, organizaciones deportivas, culturales, de medio ambiente, de adultos mayores, etc. Donde hemos pasado momentos muy gratos, creo que esto era muy merecido, agradecer a la banda de Carabineros que estuvo presente y a los vecinos enviarles el mensaje que sigamos trabajando en conjunto, como lo hemos hecho hasta ahora, la idea es avanzar junto a las organizaciones sociales para un mejor Ays\u00e9n. Por lo tanto, sigamos trabajando, realizando mejores proyectos, programas y planes para mejorar nuestra comuna\u201d.<\/p>\n<p style=\"text-align: justify;\">Finalmente, M\u00f3nica Navarrete, presidenta de la Junta de Vecinos Villa Patagonia y Uni\u00f3n Comunal de Pto. Ays\u00e9n, se\u00f1al\u00f3: \u201cyo llevo varios a\u00f1os siendo dirigente social, estas instancias son buenas, esta semana hemos sido muy reconocidas por el D\u00eda del Dirigente, lo cual agradecemos a todas las autoridades, que se nos considere, aunque somos dirigentes todo el a\u00f1o pero este d\u00eda es una buena instancia para nosotros para renovar energ\u00edas, cargarnos de buenas vibras y juntarnos entre todas, porque tenemos dirigentas de Chacabuco, de Ma\u00f1ihuales, de Ays\u00e9n, siempre estamos en conversaciones, pero esta instancia es para juntarnos de verdad. Estuvo muy entretenido, muy din\u00e1mico y que sigan as\u00ed celebrando el d\u00eda del dirigente para todos. Un saludo a todos mis pares, porque es bueno, es revitalizante, porque ser dirigente no es f\u00e1cil, nosotros trabajamos 24\/7 y lo hacemos por amor a nuestros vecinos, a la comunidad. Agradecida de la gente que conf\u00eda en mis gestiones y que ha votado para que est\u00e9 en este cargo\u201d.<\/p>\n<\/div><\/section><\/div><div  style='height:50px' class='hr hr-invisible   avia-builder-el-6  el_after_av_one_full  el_before_av_social_share '><span class='hr-inner ' ><span class='hr-inner-style'><\/span><\/span><\/div><\/p>\n<div  class='av-social-sharing-box  avia-builder-el-7  el_after_av_hr  el_before_av_hr  '><div class='av-share-box'><h5 class='av-share-link-description av-no-toc '>Compartir esta noticia<\/h5><ul class='av-share-box-list noLightbox'><li class='av-share-link av-social-link-facebook' ><a target=\"_blank\" aria-label=\"Compartir en Facebook\" href='https:\/\/www.facebook.com\/sharer.php?u=https:\/\/radiorevelacionfm.cl\/?p=34135&#038;t=Contin%C3%BAa%20despliegue%20territorial%20de%20la%20DOS%20Ays%C3%A9n' aria-hidden='false' data-av_icon='\ue8f3' data-av_iconfont='entypo-fontello' title='' data-avia-related-tooltip='Compartir en Facebook' rel=\"noopener\"><span class='avia_hidden_link_text'>Compartir en Facebook<\/span><\/a><\/li><li class='av-share-link av-social-link-twitter' ><a target=\"_blank\" aria-label=\"Compartir en Twitter\" href='https:\/\/twitter.com\/share?text=Contin%C3%BAa%20despliegue%20territorial%20de%20la%20DOS%20Ays%C3%A9n&#038;url=https:\/\/radiorevelacionfm.cl\/?p=34135' aria-hidden='false' data-av_icon='\ue8f1' data-av_iconfont='entypo-fontello' title='' data-avia-related-tooltip='Compartir en Twitter' rel=\"noopener\"><span class='avia_hidden_link_text'>Compartir en Twitter<\/span><\/a><\/li><li class='av-share-link av-social-link-whatsapp' ><a target=\"_blank\" aria-label=\"Compartir en Whatsapp\" href='https:\/\/api.whatsapp.com\/send?text=https:\/\/radiorevelacionfm.cl\/?p=34135' aria-hidden='false' data-av_icon='\uf232' data-av_iconfont='entypo-fontello' title='' data-avia-related-tooltip='Compartir en Whatsapp' rel=\"noopener\"><span class='avia_hidden_link_text'>Compartir en Whatsapp<\/span><\/a><\/li><li class='av-share-link av-social-link-linkedin' ><a target=\"_blank\" aria-label=\"Compartir en LinkedIn\" href='https:\/\/linkedin.com\/shareArticle?mini=true&#038;title=Contin%C3%BAa%20despliegue%20territorial%20de%20la%20DOS%20Ays%C3%A9n&#038;url=https:\/\/radiorevelacionfm.cl\/?p=34135' aria-hidden='false' data-av_icon='\ue8fc' data-av_iconfont='entypo-fontello' title='' data-avia-related-tooltip='Compartir en LinkedIn' rel=\"noopener\"><span class='avia_hidden_link_text'>Compartir en LinkedIn<\/span><\/a><\/li><li class='av-share-link av-social-link-mail' ><a  aria-label=\"Compartir por correo\" href='mailto:?subject=Contin%C3%BAa%20despliegue%20territorial%20de%20la%20DOS%20Ays%C3%A9n&#038;body=https:\/\/radiorevelacionfm.cl\/?p=34135' aria-hidden='false' data-av_icon='\ue805' data-av_iconfont='entypo-fontello' title='' data-avia-related-tooltip='Compartir por correo'><span class='avia_hidden_link_text'>Compartir por correo<\/span><\/a><\/li><\/ul><\/div><\/div>\n<div  style='height:50px' class='hr hr-invisible   avia-builder-el-8  el_after_av_social_share  el_before_av_comments_list '><span class='hr-inner ' ><span class='hr-inner-style'><\/span><\/span><\/div>\n<div  class='av-buildercomment  av-blog-meta-html-info-disabled av-blog-meta-tag-disabled  '><\/div>\n","protected":false},"excerpt":{"rendered":"","protected":false},"author":1,"featured_media":34136,"comment_status":"open","ping_status":"open","sticky":false,"template":"","format":"standard","meta":{"footnotes":""},"categories":[38],"tags":[],"class_list":["post-34135","post","type-post","status-publish","format-standard","has-post-thumbnail","hentry","category-regional"],"jetpack_featured_media_url":"https:\/\/radiorevelacionfm.cl\/wp-content\/uploads\/2023\/08\/escuela-aysen2-1-1_optimized.jpg","_links":{"self":[{"href":"https:\/\/radiorevelacionfm.cl\/index.php?rest_route=\/wp\/v2\/posts\/34135","targetHints":{"allow":["GET"]}}],"collection":[{"href":"https:\/\/radiorevelacionfm.cl\/index.php?rest_route=\/wp\/v2\/posts"}],"about":[{"href":"https:\/\/radiorevelacionfm.cl\/index.php?rest_route=\/wp\/v2\/types\/post"}],"author":[{"embeddable":true,"href":"https:\/\/radiorevelacionfm.cl\/index.php?rest_route=\/wp\/v2\/users\/1"}],"replies":[{"embeddable":true,"href":"https:\/\/radiorevelacionfm.cl\/index.php?rest_route=%2Fwp%2Fv2%2Fcomments&post=34135"}],"version-history":[{"count":1,"href":"https:\/\/radiorevelacionfm.cl\/index.php?rest_route=\/wp\/v2\/posts\/34135\/revisions"}],"predecessor-version":[{"id":34137,"href":"https:\/\/radiorevelacionfm.cl\/index.php?rest_route=\/wp\/v2\/posts\/34135\/revisions\/34137"}],"wp:featuredmedia":[{"embeddable":true,"href":"https:\/\/radiorevelacionfm.cl\/index.php?rest_route=\/wp\/v2\/media\/34136"}],"wp:attachment":[{"href":"https:\/\/radiorevelacionfm.cl\/index.php?rest_route=%2Fwp%2Fv2%2Fmedia&parent=34135"}],"wp:term":[{"taxonomy":"category","embeddable":true,"href":"https:\/\/radiorevelacionfm.cl\/index.php?rest_route=%2Fwp%2Fv2%2Fcategories&post=34135"},{"taxonomy":"post_tag","embeddable":true,"href":"https:\/\/radiorevelacionfm.cl\/index.php?rest_route=%2Fwp%2Fv2%2Ftags&post=34135"}],"curies":[{"name":"wp","href":"https:\/\/api.w.org\/{rel}","templated":true}]}}