{"id":34132,"date":"2023-08-22T19:25:33","date_gmt":"2023-08-22T22:25:33","guid":{"rendered":"https:\/\/radiorevelacionfm.cl\/?p=34132"},"modified":"2023-08-22T19:25:33","modified_gmt":"2023-08-22T22:25:33","slug":"senadora-ordenes-manifesto-su-apoyo-a-la-iniciativa-que-estableceria-el-dia-nacional-del-caballo-chileno","status":"publish","type":"post","link":"https:\/\/radiorevelacionfm.cl\/?p=34132","title":{"rendered":"Senadora \u00d3rdenes manifest\u00f3 su apoyo a la iniciativa que establecer\u00eda el d\u00eda nacional del Caballo Chileno"},"content":{"rendered":"<div class=\"flex_column av_one_full  flex_column_div av-zero-column-padding first  avia-builder-el-0  el_before_av_one_full  avia-builder-el-first  \" style='border-radius:0px; '><div  class='avia-image-container  av-styling-    avia-builder-el-1  avia-builder-el-no-sibling  avia-align-center '  itemprop=\"image\" itemscope=\"itemscope\" itemtype=\"https:\/\/schema.org\/ImageObject\"  ><div class='avia-image-container-inner'><div class='avia-image-overlay-wrap'><img decoding=\"async\" class='wp-image-34133 avia-img-lazy-loading-not-34133 avia_image' src=\"https:\/\/radiorevelacionfm.cl\/wp-content\/uploads\/2023\/08\/20230818162138_img_2054-1_optimized.jpg\" alt='' title='20230818162138_img_2054-(1)_optimized' height=\"600\" width=\"800\"  itemprop=\"thumbnailUrl\" srcset=\"https:\/\/radiorevelacionfm.cl\/wp-content\/uploads\/2023\/08\/20230818162138_img_2054-1_optimized.jpg 800w, https:\/\/radiorevelacionfm.cl\/wp-content\/uploads\/2023\/08\/20230818162138_img_2054-1_optimized-300x225.jpg 300w, https:\/\/radiorevelacionfm.cl\/wp-content\/uploads\/2023\/08\/20230818162138_img_2054-1_optimized-768x576.jpg 768w, https:\/\/radiorevelacionfm.cl\/wp-content\/uploads\/2023\/08\/20230818162138_img_2054-1_optimized-705x529.jpg 705w, https:\/\/radiorevelacionfm.cl\/wp-content\/uploads\/2023\/08\/20230818162138_img_2054-1_optimized-450x338.jpg 450w, https:\/\/radiorevelacionfm.cl\/wp-content\/uploads\/2023\/08\/20230818162138_img_2054-1_optimized-600x450.jpg 600w\" sizes=\"(max-width: 800px) 100vw, 800px\" \/><\/div><\/div><\/div><\/div><div class=\"flex_column av_one_full  flex_column_div av-zero-column-padding first  avia-builder-el-2  el_after_av_one_full  el_before_av_one_full  column-top-margin\" style='border-radius:0px; '><section class=\"av_textblock_section \"  itemscope=\"itemscope\" itemtype=\"https:\/\/schema.org\/BlogPosting\" itemprop=\"blogPost\" ><div class='avia_textblock  '   itemprop=\"text\" ><p style=\"text-align: center;\"><span style=\"font-size: 18pt;\"><strong>Senadora \u00d3rdenes manifest\u00f3 su apoyo a la iniciativa que establecer\u00eda el d\u00eda nacional del Caballo Chileno<\/strong><\/span><\/p>\n<div id=\"gtx-trans\" style=\"position: absolute; left: -50px; top: 4.31534px;\">\n<div class=\"gtx-trans-icon\"><\/div>\n<\/div>\n<\/div><\/section><\/div><div class=\"flex_column av_one_full  flex_column_div av-zero-column-padding first  avia-builder-el-4  el_after_av_one_full  el_before_av_hr  column-top-margin\" style='border-radius:0px; '><section class=\"av_textblock_section \"  itemscope=\"itemscope\" itemtype=\"https:\/\/schema.org\/BlogPosting\" itemprop=\"blogPost\" ><div class='avia_textblock  '   itemprop=\"text\" ><p style=\"text-align: justify;\"><em>En el marco de la semana distrital, la Senadora de la Regi\u00f3n de Ays\u00e9n, Ximena \u00d3rdenes, visit\u00f3 el Criadero Siempre Corriendo. La cita fue guiada por Rodrigo Mu\u00f1oz, presidente de la Asociaci\u00f3n de Criadores de Caballos Raza Chilena de Ays\u00e9n y Leonardo Bustos, su tesorero.<\/em><\/p>\n<p style=\"text-align: justify;\">Mu\u00f1oz, destac\u00f3 las bondades del caballo chileno, se\u00f1alando que este es un equino que se viene seleccionando desde hace a\u00f1os en el pa\u00eds, consolid\u00e1ndose como la raza m\u00e1s antigua de Am\u00e9rica y la tercera m\u00e1s antigua del mundo. \u201cEs un caballo morfol\u00f3gicamente muy bonito, muy arm\u00f3nico y funcionalmente es muy potente, con movimientos r\u00e1pidos en espacios reducidos. Esto ha hecho que los pa\u00edses vecinos, como por ejemplo Argentina y Brasil, est\u00e9n llevando nuestra gen\u00e9tica para mejorar la raza que ellos tienen\u201d, asegur\u00f3 el presidente de la Asociaci\u00f3n.<\/p>\n<p style=\"text-align: justify;\">\u201cAs\u00ed como hemos mantenido esta raza, la hemos seguido seleccionando de acuerdo con su morfolog\u00eda, su funcionalidad y los distintos deportes donde se est\u00e1 utilizando. Por lo mismo, nosotros como Federaci\u00f3n de Criadores y la Asociaci\u00f3n de Criadores de Ays\u00e9n, estamos tratando de llevar adelante distintas actividades con nuestro caballo\u201d, sostuvo, destacando actividades como movimientos de riendas, cabalgatas, arreo de ganado, entre otras.<\/p>\n<p style=\"text-align: justify;\">\u201cEl fin de semana tuvimos la visita de la senadora Ximena \u00d3rdenes en un criadero de nuestra Asociaci\u00f3n. Le mostramos el caballo, qu\u00e9 es lo que hacemos con ellos y le contamos m\u00e1s de esta raza tan noble que tenemos en nuestro pa\u00eds y que es un patrimonio natural. Tambi\u00e9n, que tenemos proyectado con parlamentarios hacer un proyecto de ley para que se declare un d\u00eda del caballo chileno\u201d, recalc\u00f3.<\/p>\n<p style=\"text-align: justify;\">Por su parte, la senadora por la regi\u00f3n de Ays\u00e9n, Ximena \u00d3rdenes, tambi\u00e9n valor\u00f3 la visita y las bondades de este animal criollo, saludando a los diversos grupos que mantienen vivas las tradiciones en torno al caballo y que est\u00e1n preocupados de preservar su gen\u00e9tica \u00fanica. \u201cEl Caballo de Raza Pura Chilena, presenta caracter\u00edsticas morfol\u00f3gicas y funcionales que lo distingue de las dem\u00e1s razas del mundo\u201d, se\u00f1al\u00f3.<\/p>\n<p style=\"text-align: justify;\">\u201cEs monumento nacional y debemos reconocer y proteger el valor gen\u00e9tico que lo hace \u00fanico y parte de nuestra cultura e identidad. Este equino tiene un atractivo extraordinario, desde el punto de vista cient\u00edfico, como recurso gen\u00e9tico y zoot\u00e9cnico y tambi\u00e9n desde el punto de vista cultural, deportivo y tur\u00edstico, alcanzando renombre internacional\u201d, concluy\u00f3 la parlamentaria, recalcando la idea de preservar este atractivo animal.<\/p>\n<p style=\"text-align: justify;\">Durante la visita, la senadora pudo aprender m\u00e1s sobre las bondades de la raza chilena y al mismo tiempo, conocer la realidad de los diversos grupos que lo conservan. Junto con esto, tambi\u00e9n convers\u00f3 con Mu\u00f1oz y Bustos sobre las gestiones que est\u00e1 realizando la Federaci\u00f3n de Criadores, junto a la Bancada del Campo y las Tradiciones, para instaurar el D\u00eda Nacional del Caballo Chileno. Iniciativa que la parlamentaria valor\u00f3 y suscribi\u00f3.<\/p>\n<\/div><\/section><\/div><div  style='height:50px' class='hr hr-invisible   avia-builder-el-6  el_after_av_one_full  el_before_av_social_share '><span class='hr-inner ' ><span class='hr-inner-style'><\/span><\/span><\/div><\/p>\n<div  class='av-social-sharing-box  avia-builder-el-7  el_after_av_hr  el_before_av_hr  '><div class='av-share-box'><h5 class='av-share-link-description av-no-toc '>Compartir esta noticia<\/h5><ul class='av-share-box-list noLightbox'><li class='av-share-link av-social-link-facebook' ><a target=\"_blank\" aria-label=\"Compartir en Facebook\" href='https:\/\/www.facebook.com\/sharer.php?u=https:\/\/radiorevelacionfm.cl\/?p=34132&#038;t=Senadora%20%C3%93rdenes%20manifest%C3%B3%20su%20apoyo%20a%20la%20iniciativa%20que%20establecer%C3%ADa%20el%20d%C3%ADa%20nacional%20del%20Caballo%20Chileno' aria-hidden='false' data-av_icon='\ue8f3' data-av_iconfont='entypo-fontello' title='' data-avia-related-tooltip='Compartir en Facebook' rel=\"noopener\"><span class='avia_hidden_link_text'>Compartir en Facebook<\/span><\/a><\/li><li class='av-share-link av-social-link-twitter' ><a target=\"_blank\" aria-label=\"Compartir en Twitter\" href='https:\/\/twitter.com\/share?text=Senadora%20%C3%93rdenes%20manifest%C3%B3%20su%20apoyo%20a%20la%20iniciativa%20que%20establecer%C3%ADa%20el%20d%C3%ADa%20nacional%20del%20Caballo%20Chileno&#038;url=https:\/\/radiorevelacionfm.cl\/?p=34132' aria-hidden='false' data-av_icon='\ue8f1' data-av_iconfont='entypo-fontello' title='' data-avia-related-tooltip='Compartir en Twitter' rel=\"noopener\"><span class='avia_hidden_link_text'>Compartir en Twitter<\/span><\/a><\/li><li class='av-share-link av-social-link-whatsapp' ><a target=\"_blank\" aria-label=\"Compartir en Whatsapp\" href='https:\/\/api.whatsapp.com\/send?text=https:\/\/radiorevelacionfm.cl\/?p=34132' aria-hidden='false' data-av_icon='\uf232' data-av_iconfont='entypo-fontello' title='' data-avia-related-tooltip='Compartir en Whatsapp' rel=\"noopener\"><span class='avia_hidden_link_text'>Compartir en Whatsapp<\/span><\/a><\/li><li class='av-share-link av-social-link-linkedin' ><a target=\"_blank\" aria-label=\"Compartir en LinkedIn\" href='https:\/\/linkedin.com\/shareArticle?mini=true&#038;title=Senadora%20%C3%93rdenes%20manifest%C3%B3%20su%20apoyo%20a%20la%20iniciativa%20que%20establecer%C3%ADa%20el%20d%C3%ADa%20nacional%20del%20Caballo%20Chileno&#038;url=https:\/\/radiorevelacionfm.cl\/?p=34132' aria-hidden='false' data-av_icon='\ue8fc' data-av_iconfont='entypo-fontello' title='' data-avia-related-tooltip='Compartir en LinkedIn' rel=\"noopener\"><span class='avia_hidden_link_text'>Compartir en LinkedIn<\/span><\/a><\/li><li class='av-share-link av-social-link-mail' ><a  aria-label=\"Compartir por correo\" href='mailto:?subject=Senadora%20%C3%93rdenes%20manifest%C3%B3%20su%20apoyo%20a%20la%20iniciativa%20que%20establecer%C3%ADa%20el%20d%C3%ADa%20nacional%20del%20Caballo%20Chileno&#038;body=https:\/\/radiorevelacionfm.cl\/?p=34132' aria-hidden='false' data-av_icon='\ue805' data-av_iconfont='entypo-fontello' title='' data-avia-related-tooltip='Compartir por correo'><span class='avia_hidden_link_text'>Compartir por correo<\/span><\/a><\/li><\/ul><\/div><\/div>\n<div  style='height:50px' class='hr hr-invisible   avia-builder-el-8  el_after_av_social_share  el_before_av_comments_list '><span class='hr-inner ' ><span class='hr-inner-style'><\/span><\/span><\/div>\n<div  class='av-buildercomment  av-blog-meta-html-info-disabled av-blog-meta-tag-disabled  '><\/div>\n","protected":false},"excerpt":{"rendered":"","protected":false},"author":1,"featured_media":34133,"comment_status":"open","ping_status":"open","sticky":false,"template":"","format":"standard","meta":{"footnotes":""},"categories":[35],"tags":[],"class_list":["post-34132","post","type-post","status-publish","format-standard","has-post-thumbnail","hentry","category-politica"],"jetpack_featured_media_url":"https:\/\/radiorevelacionfm.cl\/wp-content\/uploads\/2023\/08\/20230818162138_img_2054-1_optimized.jpg","_links":{"self":[{"href":"https:\/\/radiorevelacionfm.cl\/index.php?rest_route=\/wp\/v2\/posts\/34132","targetHints":{"allow":["GET"]}}],"collection":[{"href":"https:\/\/radiorevelacionfm.cl\/index.php?rest_route=\/wp\/v2\/posts"}],"about":[{"href":"https:\/\/radiorevelacionfm.cl\/index.php?rest_route=\/wp\/v2\/types\/post"}],"author":[{"embeddable":true,"href":"https:\/\/radiorevelacionfm.cl\/index.php?rest_route=\/wp\/v2\/users\/1"}],"replies":[{"embeddable":true,"href":"https:\/\/radiorevelacionfm.cl\/index.php?rest_route=%2Fwp%2Fv2%2Fcomments&post=34132"}],"version-history":[{"count":1,"href":"https:\/\/radiorevelacionfm.cl\/index.php?rest_route=\/wp\/v2\/posts\/34132\/revisions"}],"predecessor-version":[{"id":34134,"href":"https:\/\/radiorevelacionfm.cl\/index.php?rest_route=\/wp\/v2\/posts\/34132\/revisions\/34134"}],"wp:featuredmedia":[{"embeddable":true,"href":"https:\/\/radiorevelacionfm.cl\/index.php?rest_route=\/wp\/v2\/media\/34133"}],"wp:attachment":[{"href":"https:\/\/radiorevelacionfm.cl\/index.php?rest_route=%2Fwp%2Fv2%2Fmedia&parent=34132"}],"wp:term":[{"taxonomy":"category","embeddable":true,"href":"https:\/\/radiorevelacionfm.cl\/index.php?rest_route=%2Fwp%2Fv2%2Fcategories&post=34132"},{"taxonomy":"post_tag","embeddable":true,"href":"https:\/\/radiorevelacionfm.cl\/index.php?rest_route=%2Fwp%2Fv2%2Ftags&post=34132"}],"curies":[{"name":"wp","href":"https:\/\/api.w.org\/{rel}","templated":true}]}}