{"id":34128,"date":"2023-08-22T19:07:21","date_gmt":"2023-08-22T22:07:21","guid":{"rendered":"https:\/\/radiorevelacionfm.cl\/?p=34128"},"modified":"2023-08-22T19:07:21","modified_gmt":"2023-08-22T22:07:21","slug":"dga-fortalecera-red-de-monitoreo-de-aguas-subterraneas","status":"publish","type":"post","link":"https:\/\/radiorevelacionfm.cl\/?p=34128","title":{"rendered":"DGA fortalecer\u00e1 red de monitoreo de aguas subterr\u00e1neas"},"content":{"rendered":"<div class=\"flex_column av_one_full  flex_column_div av-zero-column-padding first  avia-builder-el-0  el_before_av_one_full  avia-builder-el-first  \" style='border-radius:0px; '><div  class='avia-image-container  av-styling-    avia-builder-el-1  avia-builder-el-no-sibling  avia-align-center '  itemprop=\"image\" itemscope=\"itemscope\" itemtype=\"https:\/\/schema.org\/ImageObject\"  ><div class='avia-image-container-inner'><div class='avia-image-overlay-wrap'><img decoding=\"async\" class='wp-image-34130 avia-img-lazy-loading-not-34130 avia_image' src=\"https:\/\/radiorevelacionfm.cl\/wp-content\/uploads\/2023\/08\/img-20230822-wa0028-1_optimized.jpg\" alt='' title='img-20230822-wa0028-(1)_optimized' height=\"600\" width=\"800\"  itemprop=\"thumbnailUrl\" srcset=\"https:\/\/radiorevelacionfm.cl\/wp-content\/uploads\/2023\/08\/img-20230822-wa0028-1_optimized.jpg 800w, https:\/\/radiorevelacionfm.cl\/wp-content\/uploads\/2023\/08\/img-20230822-wa0028-1_optimized-300x225.jpg 300w, https:\/\/radiorevelacionfm.cl\/wp-content\/uploads\/2023\/08\/img-20230822-wa0028-1_optimized-768x576.jpg 768w, https:\/\/radiorevelacionfm.cl\/wp-content\/uploads\/2023\/08\/img-20230822-wa0028-1_optimized-705x529.jpg 705w, https:\/\/radiorevelacionfm.cl\/wp-content\/uploads\/2023\/08\/img-20230822-wa0028-1_optimized-450x338.jpg 450w, https:\/\/radiorevelacionfm.cl\/wp-content\/uploads\/2023\/08\/img-20230822-wa0028-1_optimized-600x450.jpg 600w\" sizes=\"(max-width: 800px) 100vw, 800px\" \/><\/div><\/div><\/div><\/div><div class=\"flex_column av_one_full  flex_column_div av-zero-column-padding first  avia-builder-el-2  el_after_av_one_full  el_before_av_one_full  column-top-margin\" style='border-radius:0px; '><section class=\"av_textblock_section \"  itemscope=\"itemscope\" itemtype=\"https:\/\/schema.org\/BlogPosting\" itemprop=\"blogPost\" ><div class='avia_textblock  '   itemprop=\"text\" ><p style=\"text-align: center;\"><strong><span style=\"font-size: 18pt;\">DGA fortalecer\u00e1 red de monitoreo de aguas subterr\u00e1neas<\/span><\/strong><\/p>\n<div id=\"gtx-trans\" style=\"position: absolute; left: -50px; top: 4.31534px;\">\n<div class=\"gtx-trans-icon\"><\/div>\n<\/div>\n<\/div><\/section><\/div><div class=\"flex_column av_one_full  flex_column_div av-zero-column-padding first  avia-builder-el-4  el_after_av_one_full  el_before_av_hr  column-top-margin\" style='border-radius:0px; '><section class=\"av_textblock_section \"  itemscope=\"itemscope\" itemtype=\"https:\/\/schema.org\/BlogPosting\" itemprop=\"blogPost\" ><div class='avia_textblock  '   itemprop=\"text\" ><p style=\"text-align: justify;\">El Secretario Regional Ministerial de Obras P\u00fablicas, Patricio Sanhueza Ulloa, destac\u00f3 esta semana la construcci\u00f3n a fines de este a\u00f1o de tres nuevos pozos, que formar\u00e1n parte de la red de monitoreo de aguas subterr\u00e1neas que la Direcci\u00f3n Regional de Aguas del MOP ha ido materializando en la regi\u00f3n de Ays\u00e9n desde el a\u00f1o 2022 para obtener informaci\u00f3n de los acu\u00edferos que servir\u00e1 para cuantificar su disponibilidad en el futuro.<\/p>\n<p style=\"text-align: justify;\">\u201cEl proyecto que considera una inversi\u00f3n de nuestra Direcci\u00f3n General de Aguas de 130 millones de pesos, se desarrollar\u00e1 el segundo semestre de este a\u00f1o, en las localidades de La Tapera, Coyhaique y en las cercan\u00edas del lago P\u00f3llux en donde el equipo de la Direcci\u00f3n Regional de Aguas del MOP abrir\u00e1 pozos de alrededor de 50 metros de profundidad, porque necesitamos saber el estado de las aguas, d\u00f3nde las encontramos, c\u00f3mo las podemos caracterizar dentro del balance h\u00eddrico y despu\u00e9s definir la disponibilidad global de la cuenca, considerando las aguas superficiales existentes en ella, as\u00ed como tambi\u00e9n las aguas subterr\u00e1neas, para por ejemplo en caso de que una persona solicite derechos de aguas, poder indicarle s\u00ed existe factibilidad de encontrar agua en ese sector o no, entre otras aplicaciones que nos entregar\u00e1 esta investigaci\u00f3n. Como Ministerio de Obras P\u00fablicas en nuestro gobierno, hoy estamos avanzando no s\u00f3lo en la protecci\u00f3n del recurso h\u00eddrico, su uso prioritario para el consumo humano, sino tambi\u00e9n en acciones como estas, las que nos permiten realizar investigaci\u00f3n sobre el recurso h\u00eddrico para poder planificar su uso en el futuro, en un escenario de cambio clim\u00e1tico y escasez h\u00eddrica, por lo tanto nos parece fundamental realizar este tipo de investigaci\u00f3n que guiar\u00e1 nuestro actuar los pr\u00f3ximos a\u00f1os en la regi\u00f3n de Ays\u00e9n, mediante la generaci\u00f3n de una red de monitoreo de estos acu\u00edferos\u201d, indic\u00f3 el SEREMI del MOP<\/p>\n<p style=\"text-align: justify;\">Al respecto, el Director Regional de Aguas del MOP H\u00e9ctor Cort\u00e9s Gaete expres\u00f3 que en la regi\u00f3n de Ays\u00e9n no se ha realizado una investigaci\u00f3n sistematizada de las aguas subterr\u00e1neas, por lo que el a\u00f1o pasado hicimos el primer acercamiento y construimos dos pozos, uno en Villa Ortega y el otro en Puerto Ingeniero Ib\u00e1\u00f1ez \u00a0y ahora queremos dar continuidad a este trabajo con el objetivo de crear una red de monitoreo de aguas subterr\u00e1neas. Estos pozos no son de extracci\u00f3n, sino m\u00e1s bien son de observaci\u00f3n y consideran un sistema de transmisi\u00f3n satelital que permitir\u00e1 ver el registro de las aguas subterr\u00e1neas y c\u00f3mo \u00e9stas var\u00edan en el tiempo, informaci\u00f3n que estar\u00e1 disponible en nuestra p\u00e1gina web <a href=\"http:\/\/www.dga.cl\">www.dga.cl<\/a>\u201d.<\/p>\n<p style=\"text-align: justify;\">El trazar esta Red de Monitoreo \u201cnos permitir\u00e1 establecer las caracter\u00edsticas de los acu\u00edferos, como por ejemplo podremos saber cu\u00e1les son los sectores en donde podemos encontrarlos y cu\u00e1les son las caracter\u00edsticas geol\u00f3gicas generales observables que se podr\u00edan relacionar con este tipo de dep\u00f3sito de agua; otro aspecto importante, es que a partir de la operaci\u00f3n de esta Red se podr\u00e1 contar con la informaci\u00f3n de las aguas subterr\u00e1neas, las que sumado a la investigaci\u00f3n de las aguas superficiales nos permitir\u00e1n concretar un completo balance h\u00eddrico, y con ello poder planificar posteriormente el uso de estas aguas en forma integral\u201d, agreg\u00f3 H\u00e9ctor Cort\u00e9s Gaete.<\/p>\n<\/div><\/section><\/div><div  style='height:50px' class='hr hr-invisible   avia-builder-el-6  el_after_av_one_full  el_before_av_social_share '><span class='hr-inner ' ><span class='hr-inner-style'><\/span><\/span><\/div><\/p>\n<div  class='av-social-sharing-box  avia-builder-el-7  el_after_av_hr  el_before_av_hr  '><div class='av-share-box'><h5 class='av-share-link-description av-no-toc '>Compartir esta noticia<\/h5><ul class='av-share-box-list noLightbox'><li class='av-share-link av-social-link-facebook' ><a target=\"_blank\" aria-label=\"Compartir en Facebook\" href='https:\/\/www.facebook.com\/sharer.php?u=https:\/\/radiorevelacionfm.cl\/?p=34128&#038;t=DGA%20fortalecer%C3%A1%20red%20de%20monitoreo%20de%20aguas%20subterr%C3%A1neas' aria-hidden='false' data-av_icon='\ue8f3' data-av_iconfont='entypo-fontello' title='' data-avia-related-tooltip='Compartir en Facebook' rel=\"noopener\"><span class='avia_hidden_link_text'>Compartir en Facebook<\/span><\/a><\/li><li class='av-share-link av-social-link-twitter' ><a target=\"_blank\" aria-label=\"Compartir en Twitter\" href='https:\/\/twitter.com\/share?text=DGA%20fortalecer%C3%A1%20red%20de%20monitoreo%20de%20aguas%20subterr%C3%A1neas&#038;url=https:\/\/radiorevelacionfm.cl\/?p=34128' aria-hidden='false' data-av_icon='\ue8f1' data-av_iconfont='entypo-fontello' title='' data-avia-related-tooltip='Compartir en Twitter' rel=\"noopener\"><span class='avia_hidden_link_text'>Compartir en Twitter<\/span><\/a><\/li><li class='av-share-link av-social-link-whatsapp' ><a target=\"_blank\" aria-label=\"Compartir en Whatsapp\" href='https:\/\/api.whatsapp.com\/send?text=https:\/\/radiorevelacionfm.cl\/?p=34128' aria-hidden='false' data-av_icon='\uf232' data-av_iconfont='entypo-fontello' title='' data-avia-related-tooltip='Compartir en Whatsapp' rel=\"noopener\"><span class='avia_hidden_link_text'>Compartir en Whatsapp<\/span><\/a><\/li><li class='av-share-link av-social-link-linkedin' ><a target=\"_blank\" aria-label=\"Compartir en LinkedIn\" href='https:\/\/linkedin.com\/shareArticle?mini=true&#038;title=DGA%20fortalecer%C3%A1%20red%20de%20monitoreo%20de%20aguas%20subterr%C3%A1neas&#038;url=https:\/\/radiorevelacionfm.cl\/?p=34128' aria-hidden='false' data-av_icon='\ue8fc' data-av_iconfont='entypo-fontello' title='' data-avia-related-tooltip='Compartir en LinkedIn' rel=\"noopener\"><span class='avia_hidden_link_text'>Compartir en LinkedIn<\/span><\/a><\/li><li class='av-share-link av-social-link-mail' ><a  aria-label=\"Compartir por correo\" href='mailto:?subject=DGA%20fortalecer%C3%A1%20red%20de%20monitoreo%20de%20aguas%20subterr%C3%A1neas&#038;body=https:\/\/radiorevelacionfm.cl\/?p=34128' aria-hidden='false' data-av_icon='\ue805' data-av_iconfont='entypo-fontello' title='' data-avia-related-tooltip='Compartir por correo'><span class='avia_hidden_link_text'>Compartir por correo<\/span><\/a><\/li><\/ul><\/div><\/div>\n<div  style='height:50px' class='hr hr-invisible   avia-builder-el-8  el_after_av_social_share  el_before_av_comments_list '><span class='hr-inner ' ><span class='hr-inner-style'><\/span><\/span><\/div>\n<div  class='av-buildercomment  av-blog-meta-html-info-disabled av-blog-meta-tag-disabled  '><\/div>\n","protected":false},"excerpt":{"rendered":"","protected":false},"author":1,"featured_media":34130,"comment_status":"open","ping_status":"open","sticky":false,"template":"","format":"standard","meta":{"footnotes":""},"categories":[38],"tags":[],"class_list":["post-34128","post","type-post","status-publish","format-standard","has-post-thumbnail","hentry","category-regional"],"jetpack_featured_media_url":"https:\/\/radiorevelacionfm.cl\/wp-content\/uploads\/2023\/08\/img-20230822-wa0028-1_optimized.jpg","_links":{"self":[{"href":"https:\/\/radiorevelacionfm.cl\/index.php?rest_route=\/wp\/v2\/posts\/34128","targetHints":{"allow":["GET"]}}],"collection":[{"href":"https:\/\/radiorevelacionfm.cl\/index.php?rest_route=\/wp\/v2\/posts"}],"about":[{"href":"https:\/\/radiorevelacionfm.cl\/index.php?rest_route=\/wp\/v2\/types\/post"}],"author":[{"embeddable":true,"href":"https:\/\/radiorevelacionfm.cl\/index.php?rest_route=\/wp\/v2\/users\/1"}],"replies":[{"embeddable":true,"href":"https:\/\/radiorevelacionfm.cl\/index.php?rest_route=%2Fwp%2Fv2%2Fcomments&post=34128"}],"version-history":[{"count":1,"href":"https:\/\/radiorevelacionfm.cl\/index.php?rest_route=\/wp\/v2\/posts\/34128\/revisions"}],"predecessor-version":[{"id":34131,"href":"https:\/\/radiorevelacionfm.cl\/index.php?rest_route=\/wp\/v2\/posts\/34128\/revisions\/34131"}],"wp:featuredmedia":[{"embeddable":true,"href":"https:\/\/radiorevelacionfm.cl\/index.php?rest_route=\/wp\/v2\/media\/34130"}],"wp:attachment":[{"href":"https:\/\/radiorevelacionfm.cl\/index.php?rest_route=%2Fwp%2Fv2%2Fmedia&parent=34128"}],"wp:term":[{"taxonomy":"category","embeddable":true,"href":"https:\/\/radiorevelacionfm.cl\/index.php?rest_route=%2Fwp%2Fv2%2Fcategories&post=34128"},{"taxonomy":"post_tag","embeddable":true,"href":"https:\/\/radiorevelacionfm.cl\/index.php?rest_route=%2Fwp%2Fv2%2Ftags&post=34128"}],"curies":[{"name":"wp","href":"https:\/\/api.w.org\/{rel}","templated":true}]}}