{"id":34125,"date":"2023-08-23T11:52:42","date_gmt":"2023-08-23T14:52:42","guid":{"rendered":"https:\/\/radiorevelacionfm.cl\/?p=34125"},"modified":"2023-08-23T11:52:42","modified_gmt":"2023-08-23T14:52:42","slug":"cchc-por-proyecto-de-ampliacion-del-parque-eolico-alto-baguales-es-una-oportunidad-para-avanzar-en-la-generacion-de-energias-sustentables","status":"publish","type":"post","link":"https:\/\/radiorevelacionfm.cl\/?p=34125","title":{"rendered":"CChC por proyecto de ampliaci\u00f3n del parque e\u00f3lico Alto Baguales: \u00abEs una oportunidad para avanzar en la generaci\u00f3n de energ\u00edas sustentables\u00bb"},"content":{"rendered":"<div class=\"flex_column av_one_full  flex_column_div av-zero-column-padding first  avia-builder-el-0  el_before_av_one_full  avia-builder-el-first  \" style='border-radius:0px; '><div  class='avia-image-container  av-styling-    avia-builder-el-1  avia-builder-el-no-sibling  avia-align-center '  itemprop=\"image\" itemscope=\"itemscope\" itemtype=\"https:\/\/schema.org\/ImageObject\"  ><div class='avia-image-container-inner'><div class='avia-image-overlay-wrap'><img decoding=\"async\" class='wp-image-34126 avia-img-lazy-loading-not-34126 avia_image' src=\"https:\/\/radiorevelacionfm.cl\/wp-content\/uploads\/2023\/08\/Presentacion-proyecto-Alto-Baguales-en-CChC-1-1.jpeg\" alt='' title='Presentaci\u00f3n proyecto Alto Baguales en CChC (1) (1)' height=\"600\" width=\"1065\"  itemprop=\"thumbnailUrl\" srcset=\"https:\/\/radiorevelacionfm.cl\/wp-content\/uploads\/2023\/08\/Presentacion-proyecto-Alto-Baguales-en-CChC-1-1.jpeg 1065w, https:\/\/radiorevelacionfm.cl\/wp-content\/uploads\/2023\/08\/Presentacion-proyecto-Alto-Baguales-en-CChC-1-1-300x169.jpeg 300w, https:\/\/radiorevelacionfm.cl\/wp-content\/uploads\/2023\/08\/Presentacion-proyecto-Alto-Baguales-en-CChC-1-1-1030x580.jpeg 1030w, https:\/\/radiorevelacionfm.cl\/wp-content\/uploads\/2023\/08\/Presentacion-proyecto-Alto-Baguales-en-CChC-1-1-768x433.jpeg 768w, https:\/\/radiorevelacionfm.cl\/wp-content\/uploads\/2023\/08\/Presentacion-proyecto-Alto-Baguales-en-CChC-1-1-705x397.jpeg 705w, https:\/\/radiorevelacionfm.cl\/wp-content\/uploads\/2023\/08\/Presentacion-proyecto-Alto-Baguales-en-CChC-1-1-450x254.jpeg 450w, https:\/\/radiorevelacionfm.cl\/wp-content\/uploads\/2023\/08\/Presentacion-proyecto-Alto-Baguales-en-CChC-1-1-600x338.jpeg 600w\" sizes=\"(max-width: 1065px) 100vw, 1065px\" \/><\/div><\/div><\/div><\/div><div class=\"flex_column av_one_full  flex_column_div av-zero-column-padding first  avia-builder-el-2  el_after_av_one_full  el_before_av_one_full  column-top-margin\" style='border-radius:0px; '><section class=\"av_textblock_section \"  itemscope=\"itemscope\" itemtype=\"https:\/\/schema.org\/BlogPosting\" itemprop=\"blogPost\" ><div class='avia_textblock  '   itemprop=\"text\" ><p style=\"text-align: center;\"><span style=\"font-size: 18pt;\"><b>CChC por proyecto de ampliaci\u00f3n del parque e\u00f3lico Alto Baguales: \u00abEs una oportunidad para avanzar en la generaci\u00f3n de energ\u00edas sustentables\u00bb<\/b><\/span><\/p>\n<div id=\"gtx-trans\" style=\"position: absolute; left: -50px; top: 4.31534px;\">\n<div class=\"gtx-trans-icon\"><\/div>\n<\/div>\n<\/div><\/section><\/div><div class=\"flex_column av_one_full  flex_column_div av-zero-column-padding first  avia-builder-el-4  el_after_av_one_full  el_before_av_hr  column-top-margin\" style='border-radius:0px; '><section class=\"av_textblock_section \"  itemscope=\"itemscope\" itemtype=\"https:\/\/schema.org\/BlogPosting\" itemprop=\"blogPost\" ><div class='avia_textblock  '   itemprop=\"text\" ><div class=\"v1gmail_default\">\n<p class=\"v1MsoNormal\" style=\"text-align: justify;\">Tras conocer el proyecto a trav\u00e9s de una presentaci\u00f3n que realiz\u00f3 el gerente zonal de Edelays\u00e9n, Leonardo Moran a los socios de la C\u00e1mara Chilena de la Construcci\u00f3n Sede Coyhaique, la presidenta del gremio, Alejandra Alert Rivas, resalt\u00f3 lo importante que es el que los actores privados tambi\u00e9n puedan informarse sobre esta iniciativa, que tiene por objetivo aumentar la generaci\u00f3n el\u00e9ctrica a 32,2 MW mediante la ampliaci\u00f3n del Parque E\u00f3lico Alto Baguales y otorgar a la comunidad energ\u00eda m\u00e1s limpia.<\/p>\n<p class=\"v1MsoNormal\" style=\"text-align: justify;\">Al respecto, la presidenta de la C\u00e1mara Chilena de la Construcci\u00f3n, Alejandra Alert Rivas, expres\u00f3 que \u00abha sido una instancia que gener\u00f3 inter\u00e9s transversal de nuestros socios de las \u00e1reas de especialidades, infraestructura y proveedores, en la que pudimos conocer mayores detalles de esta iniciativa, que est\u00e1 implicando una alta inversi\u00f3n privada (US$ 30 millones) que valoramos y que es necesaria en nuestra regi\u00f3n. Adem\u00e1s de ser una oportunidad para avanzar en la generaci\u00f3n de energ\u00edas sustentables, que permitir\u00e1n sostener tarifas adecuadas para la climatizaci\u00f3n y la calefacci\u00f3n el\u00e9ctrica, lo que est\u00e1 en la l\u00ednea del desaf\u00edo que nos convoca a toda la comunidad de avanzar en descontaminar la ciudad.<\/p>\n<p class=\"v1MsoNormal\" style=\"text-align: justify;\">\u00abPor otro lado, hemos podido analizar junto a nuestros socios, los alcances t\u00e9cnicos del proyecto, las caracter\u00edsticas espec\u00edficas de cada una de sus etapas y c\u00f3mo tambi\u00e9n se ir\u00e1n generando obras que se vinculan a la actividad de nuestra industria. En ese sentido, ha sido tambi\u00e9n importante que esta iniciativa haya obtenido su calificaci\u00f3n favorable desde la Comisi\u00f3n de Evaluaci\u00f3n Ambiental, dado que como toda obra y m\u00e1s a\u00fan una que ha sido impulsada por un ente privado, conllevan una permisolog\u00eda compleja, y que esperamos pueda seguir su curso a fin de que los plazos y la planificaci\u00f3n que tienen no se vea afectada\u00bb, detall\u00f3 Alejandra Alert.<\/p>\n<p class=\"v1MsoNormal\" style=\"text-align: justify;\">Finalmente, la presidenta del gremio de la construcci\u00f3n, agradeci\u00f3 la buena disposici\u00f3n de Edelays\u00e9n para presentar a sus asociados este importante proyecto, aclarar sus dudas y enfatiz\u00f3 que es una iniciativa que est\u00e1 siendo abordada con un alto criterio t\u00e9cnico, por lo que esperan que su impacto pueda ser positivo en la mejora de la calidad de vida de los habitantes de la regi\u00f3n y en la estabilidad del sistema mediano del territorio.<\/p>\n<\/div>\n<div class=\"v1gmail_default\" style=\"text-align: justify;\"><\/div>\n<\/div><\/section><\/div><div  style='height:50px' class='hr hr-invisible   avia-builder-el-6  el_after_av_one_full  el_before_av_social_share '><span class='hr-inner ' ><span class='hr-inner-style'><\/span><\/span><\/div><\/p>\n<div  class='av-social-sharing-box  avia-builder-el-7  el_after_av_hr  el_before_av_hr  '><div class='av-share-box'><h5 class='av-share-link-description av-no-toc '>Compartir esta noticia<\/h5><ul class='av-share-box-list noLightbox'><li class='av-share-link av-social-link-facebook' ><a target=\"_blank\" aria-label=\"Compartir en Facebook\" href='https:\/\/www.facebook.com\/sharer.php?u=https:\/\/radiorevelacionfm.cl\/?p=34125&#038;t=CChC%20por%20proyecto%20de%20ampliaci%C3%B3n%20del%20parque%20e%C3%B3lico%20Alto%20Baguales%3A%20%C2%ABEs%20una%20oportunidad%20para%20avanzar%20en%20la%20generaci%C3%B3n%20de%20energ%C3%ADas%20sustentables%C2%BB' aria-hidden='false' data-av_icon='\ue8f3' data-av_iconfont='entypo-fontello' title='' data-avia-related-tooltip='Compartir en Facebook' rel=\"noopener\"><span class='avia_hidden_link_text'>Compartir en Facebook<\/span><\/a><\/li><li class='av-share-link av-social-link-twitter' ><a target=\"_blank\" aria-label=\"Compartir en Twitter\" href='https:\/\/twitter.com\/share?text=CChC%20por%20proyecto%20de%20ampliaci%C3%B3n%20del%20parque%20e%C3%B3lico%20Alto%20Baguales%3A%20%C2%ABEs%20una%20oportunidad%20para%20avanzar%20en%20la%20generaci%C3%B3n%20de%20energ%C3%ADas%20sustentables%C2%BB&#038;url=https:\/\/radiorevelacionfm.cl\/?p=34125' aria-hidden='false' data-av_icon='\ue8f1' data-av_iconfont='entypo-fontello' title='' data-avia-related-tooltip='Compartir en Twitter' rel=\"noopener\"><span class='avia_hidden_link_text'>Compartir en Twitter<\/span><\/a><\/li><li class='av-share-link av-social-link-whatsapp' ><a target=\"_blank\" aria-label=\"Compartir en Whatsapp\" href='https:\/\/api.whatsapp.com\/send?text=https:\/\/radiorevelacionfm.cl\/?p=34125' aria-hidden='false' data-av_icon='\uf232' data-av_iconfont='entypo-fontello' title='' data-avia-related-tooltip='Compartir en Whatsapp' rel=\"noopener\"><span class='avia_hidden_link_text'>Compartir en Whatsapp<\/span><\/a><\/li><li class='av-share-link av-social-link-linkedin' ><a target=\"_blank\" aria-label=\"Compartir en LinkedIn\" href='https:\/\/linkedin.com\/shareArticle?mini=true&#038;title=CChC%20por%20proyecto%20de%20ampliaci%C3%B3n%20del%20parque%20e%C3%B3lico%20Alto%20Baguales%3A%20%C2%ABEs%20una%20oportunidad%20para%20avanzar%20en%20la%20generaci%C3%B3n%20de%20energ%C3%ADas%20sustentables%C2%BB&#038;url=https:\/\/radiorevelacionfm.cl\/?p=34125' aria-hidden='false' data-av_icon='\ue8fc' data-av_iconfont='entypo-fontello' title='' data-avia-related-tooltip='Compartir en LinkedIn' rel=\"noopener\"><span class='avia_hidden_link_text'>Compartir en LinkedIn<\/span><\/a><\/li><li class='av-share-link av-social-link-mail' ><a  aria-label=\"Compartir por correo\" href='mailto:?subject=CChC%20por%20proyecto%20de%20ampliaci%C3%B3n%20del%20parque%20e%C3%B3lico%20Alto%20Baguales%3A%20%C2%ABEs%20una%20oportunidad%20para%20avanzar%20en%20la%20generaci%C3%B3n%20de%20energ%C3%ADas%20sustentables%C2%BB&#038;body=https:\/\/radiorevelacionfm.cl\/?p=34125' aria-hidden='false' data-av_icon='\ue805' data-av_iconfont='entypo-fontello' title='' data-avia-related-tooltip='Compartir por correo'><span class='avia_hidden_link_text'>Compartir por correo<\/span><\/a><\/li><\/ul><\/div><\/div>\n<div  style='height:50px' class='hr hr-invisible   avia-builder-el-8  el_after_av_social_share  el_before_av_comments_list '><span class='hr-inner ' ><span class='hr-inner-style'><\/span><\/span><\/div>\n<div  class='av-buildercomment  av-blog-meta-html-info-disabled av-blog-meta-tag-disabled  '><\/div>\n","protected":false},"excerpt":{"rendered":"","protected":false},"author":1,"featured_media":34126,"comment_status":"open","ping_status":"open","sticky":false,"template":"","format":"standard","meta":{"footnotes":""},"categories":[38],"tags":[],"class_list":["post-34125","post","type-post","status-publish","format-standard","has-post-thumbnail","hentry","category-regional"],"jetpack_featured_media_url":"https:\/\/radiorevelacionfm.cl\/wp-content\/uploads\/2023\/08\/Presentacion-proyecto-Alto-Baguales-en-CChC-1-1.jpeg","_links":{"self":[{"href":"https:\/\/radiorevelacionfm.cl\/index.php?rest_route=\/wp\/v2\/posts\/34125","targetHints":{"allow":["GET"]}}],"collection":[{"href":"https:\/\/radiorevelacionfm.cl\/index.php?rest_route=\/wp\/v2\/posts"}],"about":[{"href":"https:\/\/radiorevelacionfm.cl\/index.php?rest_route=\/wp\/v2\/types\/post"}],"author":[{"embeddable":true,"href":"https:\/\/radiorevelacionfm.cl\/index.php?rest_route=\/wp\/v2\/users\/1"}],"replies":[{"embeddable":true,"href":"https:\/\/radiorevelacionfm.cl\/index.php?rest_route=%2Fwp%2Fv2%2Fcomments&post=34125"}],"version-history":[{"count":1,"href":"https:\/\/radiorevelacionfm.cl\/index.php?rest_route=\/wp\/v2\/posts\/34125\/revisions"}],"predecessor-version":[{"id":34127,"href":"https:\/\/radiorevelacionfm.cl\/index.php?rest_route=\/wp\/v2\/posts\/34125\/revisions\/34127"}],"wp:featuredmedia":[{"embeddable":true,"href":"https:\/\/radiorevelacionfm.cl\/index.php?rest_route=\/wp\/v2\/media\/34126"}],"wp:attachment":[{"href":"https:\/\/radiorevelacionfm.cl\/index.php?rest_route=%2Fwp%2Fv2%2Fmedia&parent=34125"}],"wp:term":[{"taxonomy":"category","embeddable":true,"href":"https:\/\/radiorevelacionfm.cl\/index.php?rest_route=%2Fwp%2Fv2%2Fcategories&post=34125"},{"taxonomy":"post_tag","embeddable":true,"href":"https:\/\/radiorevelacionfm.cl\/index.php?rest_route=%2Fwp%2Fv2%2Ftags&post=34125"}],"curies":[{"name":"wp","href":"https:\/\/api.w.org\/{rel}","templated":true}]}}