{"id":34122,"date":"2023-08-23T11:21:29","date_gmt":"2023-08-23T14:21:29","guid":{"rendered":"https:\/\/radiorevelacionfm.cl\/?p=34122"},"modified":"2023-08-23T11:21:29","modified_gmt":"2023-08-23T14:21:29","slug":"admision-uaysen-contara-con-vacantes-stem-para-mujeres","status":"publish","type":"post","link":"https:\/\/radiorevelacionfm.cl\/?p=34122","title":{"rendered":"Admisi\u00f3n UAys\u00e9n contar\u00e1 con vacantes STEM para mujeres"},"content":{"rendered":"<div class=\"flex_column av_one_full  flex_column_div av-zero-column-padding first  avia-builder-el-0  el_before_av_one_full  avia-builder-el-first  \" style='border-radius:0px; '><div  class='avia-image-container  av-styling-    avia-builder-el-1  avia-builder-el-no-sibling  avia-align-center '  itemprop=\"image\" itemscope=\"itemscope\" itemtype=\"https:\/\/schema.org\/ImageObject\"  ><div class='avia-image-container-inner'><div class='avia-image-overlay-wrap'><img decoding=\"async\" class='wp-image-34123 avia-img-lazy-loading-not-34123 avia_image' src=\"https:\/\/radiorevelacionfm.cl\/wp-content\/uploads\/2023\/08\/sesion-admisiOn16-1-1_optimized-1_optimized-1.jpg\" alt='' title='sesion-admisi\u00d3n16-(1)-(1)_optimized-(1)_optimized (1)' height=\"600\" width=\"1067\"  itemprop=\"thumbnailUrl\" srcset=\"https:\/\/radiorevelacionfm.cl\/wp-content\/uploads\/2023\/08\/sesion-admisiOn16-1-1_optimized-1_optimized-1.jpg 1067w, https:\/\/radiorevelacionfm.cl\/wp-content\/uploads\/2023\/08\/sesion-admisiOn16-1-1_optimized-1_optimized-1-300x169.jpg 300w, https:\/\/radiorevelacionfm.cl\/wp-content\/uploads\/2023\/08\/sesion-admisiOn16-1-1_optimized-1_optimized-1-1030x579.jpg 1030w, https:\/\/radiorevelacionfm.cl\/wp-content\/uploads\/2023\/08\/sesion-admisiOn16-1-1_optimized-1_optimized-1-768x432.jpg 768w, https:\/\/radiorevelacionfm.cl\/wp-content\/uploads\/2023\/08\/sesion-admisiOn16-1-1_optimized-1_optimized-1-705x396.jpg 705w, https:\/\/radiorevelacionfm.cl\/wp-content\/uploads\/2023\/08\/sesion-admisiOn16-1-1_optimized-1_optimized-1-450x253.jpg 450w, https:\/\/radiorevelacionfm.cl\/wp-content\/uploads\/2023\/08\/sesion-admisiOn16-1-1_optimized-1_optimized-1-600x337.jpg 600w\" sizes=\"(max-width: 1067px) 100vw, 1067px\" \/><\/div><\/div><\/div><\/div><div class=\"flex_column av_one_full  flex_column_div av-zero-column-padding first  avia-builder-el-2  el_after_av_one_full  el_before_av_one_full  column-top-margin\" style='border-radius:0px; '><section class=\"av_textblock_section \"  itemscope=\"itemscope\" itemtype=\"https:\/\/schema.org\/BlogPosting\" itemprop=\"blogPost\" ><div class='avia_textblock  '   itemprop=\"text\" ><p style=\"text-align: center;\"><strong><span style=\"font-size: 18pt;\">Admisi\u00f3n UAys\u00e9n contar\u00e1 con vacantes STEM para mujeres<\/span><\/strong><\/p>\n<div id=\"gtx-trans\" style=\"position: absolute; left: -50px; top: 4.31534px;\">\n<div class=\"gtx-trans-icon\"><\/div>\n<\/div>\n<\/div><\/section><\/div><div class=\"flex_column av_one_full  flex_column_div av-zero-column-padding first  avia-builder-el-4  el_after_av_one_full  el_before_av_hr  column-top-margin\" style='border-radius:0px; '><section class=\"av_textblock_section \"  itemscope=\"itemscope\" itemtype=\"https:\/\/schema.org\/BlogPosting\" itemprop=\"blogPost\" ><div class='avia_textblock  '   itemprop=\"text\" ><p class=\"v1MsoNormal\" style=\"text-align: justify;\">Con la finalidad de promover la participaci\u00f3n de mujeres en las \u00e1reas \u00a0STEM (Ciencias, Tecnolog\u00edas, Ingenier\u00edas y Matem\u00e1ticas). La Universidad de Ays\u00e9n dispondr\u00e1 de vacantes especiales para mujeres en las<b>\u00a0<\/b>carreras de Ingenier\u00eda Civil Industrial y\/o Ingenier\u00eda Civil Inform\u00e1tica en el proceso de Admisi\u00f3n 2024.<\/p>\n<p class=\"v1MsoNormal\" style=\"text-align: justify;\">Seg\u00fan lo informado por David V\u00e1squez, coordinador de admisi\u00f3n de la Universidad de Ays\u00e9n, las vacantes STEM son una v\u00eda de ingreso especial que se est\u00e1 promoviendo en conjunto con otras universidades del Sistema \u00danico de Admisi\u00f3n. \u00abPermite el ingreso de mujeres a carreras de la del \u00e1rea de ingenier\u00eda, en nuestro caso Ingenier\u00eda Civil Industrial e Ingenier\u00eda Civil Inform\u00e1tica.\u00a0 Esta es una v\u00eda para promover la equidad y la igualdad de ingreso a estas carreras que han sido dominadas por hombres hasta la fecha, y de esta manera brindar m\u00e1s y mejores oportunidades a las mujeres que quieren cursar estas carreras\u00bb, explic\u00f3.<\/p>\n<p class=\"v1MsoNormal\" style=\"text-align: justify;\">A su vez, V\u00e1squez agreg\u00f3 que \u00abcomo requisito las estudiantes que quieran ingresar a estas carreras tienen que postular a ellas por v\u00eda regular y en caso de no quedar seleccionadas, podr\u00e1n acceder a las vacantes por STEM, que en nuestro caso son ocho, cuatro para cada una de las ingenier\u00edas\u00bb, puntualiz\u00f3 el coordinador de admisi\u00f3n de la Universidad de Ays\u00e9n.<\/p>\n<p class=\"v1MsoNormal\" style=\"text-align: justify;\">Al respecto, Lorena Millar Romero, Coordinadora general proyecto STEM- G\u00e9nero Macrozona Austral, se\u00f1al\u00f3 que las carreras STEM son de gran relevancia en el mundo actual, \u00abpero tambi\u00e9n si pensamos en una proyecci\u00f3n futura y que est\u00e1n impulsando el progreso cient\u00edfico y tecnol\u00f3gico, las carreras STEM son todas aquellas asociadas a las Ciencias, a las Tecnolog\u00edas, a las Ingenier\u00edas y a las Matem\u00e1ticas que generan innovaci\u00f3n y est\u00e1n contribuyendo en el desarrollo local, regional, nacional y, por supuesto, el global. Y estas \u00e1reas, en estos minutos, no cuentan con un gran n\u00famero de mujeres en ellas, ya que existe una subrepresentaci\u00f3n de mujeres, por lo tanto, se hace imperioso poder ampliar esta representatividad y en este sentido, es que las universidades han optado por asumir la posibilidad de ampliar los cupos en estas \u00e1reas en una admisi\u00f3n especial que tiene que ver con el proceso de admisi\u00f3n 2024\u00bb, explic\u00f3.<\/p>\n<p class=\"v1MsoNormal\" style=\"text-align: justify;\">A su vez, la Coordinadora general proyecto STEM- G\u00e9nero Macrozona Austral realiz\u00f3 un llamado a participar. \u00abEl llamado es para todas las estudiantes que vayan a dar la PAES regular en el mes de noviembre y que tambi\u00e9n den la prueba de Matem\u00e1ticas 2, podr\u00e1n optar a estos cupos adicionales para las carreras STEM. Es muy importante recalcar que nuestra Universidad de Ays\u00e9n apuesta por disminuir las brechas de g\u00e9nero en estas carreras y por eso acude a este llamado, para que podamos contar con acciones concretas finalmente que pueden disminuir las barreras de acceso a las carreras y a las \u00e1reas STEM, as\u00ed que les invitamos a que puedan acercarse a buscar mayor informaci\u00f3n a la Universidad de Ays\u00e9n y por supuesto, a motivarse a seguir este camino\u00bb, enfatiz\u00f3 Lorena Millar.<\/p>\n<p class=\"v1MsoNormal\" style=\"text-align: justify;\">Finalmente, para mayor informaci\u00f3n las interesadas pueden escribir al mail\u00a0<a href=\"mailto:admision@uaysen.cl\" rel=\"noreferrer\">admision@uaysen.cl<\/a>\u00a0y si alguna estudiante es parte de un establecimiento PACE debe contactarse con su facilitador de su establecimiento.<\/p>\n<\/div><\/section><\/div><div  style='height:50px' class='hr hr-invisible   avia-builder-el-6  el_after_av_one_full  el_before_av_social_share '><span class='hr-inner ' ><span class='hr-inner-style'><\/span><\/span><\/div><\/p>\n<div  class='av-social-sharing-box  avia-builder-el-7  el_after_av_hr  el_before_av_hr  '><div class='av-share-box'><h5 class='av-share-link-description av-no-toc '>Compartir esta noticia<\/h5><ul class='av-share-box-list noLightbox'><li class='av-share-link av-social-link-facebook' ><a target=\"_blank\" aria-label=\"Compartir en Facebook\" href='https:\/\/www.facebook.com\/sharer.php?u=https:\/\/radiorevelacionfm.cl\/?p=34122&#038;t=Admisi%C3%B3n%20UAys%C3%A9n%20contar%C3%A1%20con%20vacantes%20STEM%20para%20mujeres' aria-hidden='false' data-av_icon='\ue8f3' data-av_iconfont='entypo-fontello' title='' data-avia-related-tooltip='Compartir en Facebook' rel=\"noopener\"><span class='avia_hidden_link_text'>Compartir en Facebook<\/span><\/a><\/li><li class='av-share-link av-social-link-twitter' ><a target=\"_blank\" aria-label=\"Compartir en Twitter\" href='https:\/\/twitter.com\/share?text=Admisi%C3%B3n%20UAys%C3%A9n%20contar%C3%A1%20con%20vacantes%20STEM%20para%20mujeres&#038;url=https:\/\/radiorevelacionfm.cl\/?p=34122' aria-hidden='false' data-av_icon='\ue8f1' data-av_iconfont='entypo-fontello' title='' data-avia-related-tooltip='Compartir en Twitter' rel=\"noopener\"><span class='avia_hidden_link_text'>Compartir en Twitter<\/span><\/a><\/li><li class='av-share-link av-social-link-whatsapp' ><a target=\"_blank\" aria-label=\"Compartir en Whatsapp\" href='https:\/\/api.whatsapp.com\/send?text=https:\/\/radiorevelacionfm.cl\/?p=34122' aria-hidden='false' data-av_icon='\uf232' data-av_iconfont='entypo-fontello' title='' data-avia-related-tooltip='Compartir en Whatsapp' rel=\"noopener\"><span class='avia_hidden_link_text'>Compartir en Whatsapp<\/span><\/a><\/li><li class='av-share-link av-social-link-linkedin' ><a target=\"_blank\" aria-label=\"Compartir en LinkedIn\" href='https:\/\/linkedin.com\/shareArticle?mini=true&#038;title=Admisi%C3%B3n%20UAys%C3%A9n%20contar%C3%A1%20con%20vacantes%20STEM%20para%20mujeres&#038;url=https:\/\/radiorevelacionfm.cl\/?p=34122' aria-hidden='false' data-av_icon='\ue8fc' data-av_iconfont='entypo-fontello' title='' data-avia-related-tooltip='Compartir en LinkedIn' rel=\"noopener\"><span class='avia_hidden_link_text'>Compartir en LinkedIn<\/span><\/a><\/li><li class='av-share-link av-social-link-mail' ><a  aria-label=\"Compartir por correo\" href='mailto:?subject=Admisi%C3%B3n%20UAys%C3%A9n%20contar%C3%A1%20con%20vacantes%20STEM%20para%20mujeres&#038;body=https:\/\/radiorevelacionfm.cl\/?p=34122' aria-hidden='false' data-av_icon='\ue805' data-av_iconfont='entypo-fontello' title='' data-avia-related-tooltip='Compartir por correo'><span class='avia_hidden_link_text'>Compartir por correo<\/span><\/a><\/li><\/ul><\/div><\/div>\n<div  style='height:50px' class='hr hr-invisible   avia-builder-el-8  el_after_av_social_share  el_before_av_comments_list '><span class='hr-inner ' ><span class='hr-inner-style'><\/span><\/span><\/div>\n<div  class='av-buildercomment  av-blog-meta-html-info-disabled av-blog-meta-tag-disabled  '><\/div>\n","protected":false},"excerpt":{"rendered":"","protected":false},"author":1,"featured_media":34123,"comment_status":"open","ping_status":"open","sticky":false,"template":"","format":"standard","meta":{"footnotes":""},"categories":[49],"tags":[],"class_list":["post-34122","post","type-post","status-publish","format-standard","has-post-thumbnail","hentry","category-educacion"],"jetpack_featured_media_url":"https:\/\/radiorevelacionfm.cl\/wp-content\/uploads\/2023\/08\/sesion-admisiOn16-1-1_optimized-1_optimized-1.jpg","_links":{"self":[{"href":"https:\/\/radiorevelacionfm.cl\/index.php?rest_route=\/wp\/v2\/posts\/34122","targetHints":{"allow":["GET"]}}],"collection":[{"href":"https:\/\/radiorevelacionfm.cl\/index.php?rest_route=\/wp\/v2\/posts"}],"about":[{"href":"https:\/\/radiorevelacionfm.cl\/index.php?rest_route=\/wp\/v2\/types\/post"}],"author":[{"embeddable":true,"href":"https:\/\/radiorevelacionfm.cl\/index.php?rest_route=\/wp\/v2\/users\/1"}],"replies":[{"embeddable":true,"href":"https:\/\/radiorevelacionfm.cl\/index.php?rest_route=%2Fwp%2Fv2%2Fcomments&post=34122"}],"version-history":[{"count":1,"href":"https:\/\/radiorevelacionfm.cl\/index.php?rest_route=\/wp\/v2\/posts\/34122\/revisions"}],"predecessor-version":[{"id":34124,"href":"https:\/\/radiorevelacionfm.cl\/index.php?rest_route=\/wp\/v2\/posts\/34122\/revisions\/34124"}],"wp:featuredmedia":[{"embeddable":true,"href":"https:\/\/radiorevelacionfm.cl\/index.php?rest_route=\/wp\/v2\/media\/34123"}],"wp:attachment":[{"href":"https:\/\/radiorevelacionfm.cl\/index.php?rest_route=%2Fwp%2Fv2%2Fmedia&parent=34122"}],"wp:term":[{"taxonomy":"category","embeddable":true,"href":"https:\/\/radiorevelacionfm.cl\/index.php?rest_route=%2Fwp%2Fv2%2Fcategories&post=34122"},{"taxonomy":"post_tag","embeddable":true,"href":"https:\/\/radiorevelacionfm.cl\/index.php?rest_route=%2Fwp%2Fv2%2Ftags&post=34122"}],"curies":[{"name":"wp","href":"https:\/\/api.w.org\/{rel}","templated":true}]}}