{"id":34118,"date":"2023-08-22T22:50:21","date_gmt":"2023-08-23T01:50:21","guid":{"rendered":"https:\/\/radiorevelacionfm.cl\/?p=34118"},"modified":"2023-08-22T22:50:21","modified_gmt":"2023-08-23T01:50:21","slug":"imputados-por-homicidio-de-poblador-en-sector-el-richard-quedan-en-prision-preventiva","status":"publish","type":"post","link":"https:\/\/radiorevelacionfm.cl\/?p=34118","title":{"rendered":"Imputados por homicidio de poblador en sector El Richard quedan en prisi\u00f3n preventiva"},"content":{"rendered":"<div class=\"flex_column av_one_full  flex_column_div av-zero-column-padding first  avia-builder-el-0  el_before_av_one_full  avia-builder-el-first  \" style='border-radius:0px; '><div  class='avia-image-container  av-styling-    avia-builder-el-1  avia-builder-el-no-sibling  avia-align-center '  itemprop=\"image\" itemscope=\"itemscope\" itemtype=\"https:\/\/schema.org\/ImageObject\"  ><div class='avia-image-container-inner'><div class='avia-image-overlay-wrap'><img decoding=\"async\" class='wp-image-34119 avia-img-lazy-loading-not-34119 avia_image' src=\"https:\/\/radiorevelacionfm.cl\/wp-content\/uploads\/2023\/08\/3b-1-1.jpg\" alt='' title='3b (1) (1)' height=\"600\" width=\"900\"  itemprop=\"thumbnailUrl\" srcset=\"https:\/\/radiorevelacionfm.cl\/wp-content\/uploads\/2023\/08\/3b-1-1.jpg 900w, https:\/\/radiorevelacionfm.cl\/wp-content\/uploads\/2023\/08\/3b-1-1-300x200.jpg 300w, https:\/\/radiorevelacionfm.cl\/wp-content\/uploads\/2023\/08\/3b-1-1-768x512.jpg 768w, https:\/\/radiorevelacionfm.cl\/wp-content\/uploads\/2023\/08\/3b-1-1-705x470.jpg 705w, https:\/\/radiorevelacionfm.cl\/wp-content\/uploads\/2023\/08\/3b-1-1-450x300.jpg 450w, https:\/\/radiorevelacionfm.cl\/wp-content\/uploads\/2023\/08\/3b-1-1-600x400.jpg 600w\" sizes=\"(max-width: 900px) 100vw, 900px\" \/><\/div><\/div><\/div><\/div>\n<div class=\"flex_column av_one_full  flex_column_div av-zero-column-padding first  avia-builder-el-2  el_after_av_one_full  el_before_av_one_full  column-top-margin\" style='border-radius:0px; '><section class=\"av_textblock_section \"  itemscope=\"itemscope\" itemtype=\"https:\/\/schema.org\/BlogPosting\" itemprop=\"blogPost\" ><div class='avia_textblock  '   itemprop=\"text\" ><p style=\"text-align: center;\"><strong><span style=\"font-size: 18pt;\">Imputados por homicidio de poblador en sector El Richard quedan en prisi\u00f3n preventiva<\/span><\/strong><\/p>\n<div id=\"gtx-trans\" style=\"position: absolute; left: -50px; top: 4.31534px;\">\n<div class=\"gtx-trans-icon\"><\/div>\n<\/div>\n<\/div><\/section><\/div><div class=\"flex_column av_one_full  flex_column_div av-zero-column-padding first  avia-builder-el-4  el_after_av_one_full  el_before_av_hr  column-top-margin\" style='border-radius:0px; '><section class=\"av_textblock_section \"  itemscope=\"itemscope\" itemtype=\"https:\/\/schema.org\/BlogPosting\" itemprop=\"blogPost\" ><div class='avia_textblock  '   itemprop=\"text\" ><p style=\"font-weight: 400; text-align: justify;\">La Fiscal\u00eda Local de Coyhaique formaliz\u00f3 este mediod\u00eda ante el Juzgado de Garant\u00eda de Coyhaique, una investigaci\u00f3n en contra de dos imputados por el delito de homicidio calificado en contra de una v\u00edctima de 60 a\u00f1os, ocurrido a principios del mes de agosto en las cercan\u00edas del sector El Richard, Villa Ortega, Regi\u00f3n de Ays\u00e9n y el cual reci\u00e9n qued\u00f3 al descubierto este fin de semana.<\/p>\n<p style=\"font-weight: 400; text-align: justify;\">\u201cHoy se formaliz\u00f3 a los dos imputados por un delito de homicidio calificado, uno de ellos en calidad de autor ejecutor y el otro en calidad de encubridor. La Fiscal\u00eda solicit\u00f3 la medida cautelar de prisi\u00f3n preventiva de los imputados, por considerar que son peligrosos para la seguridad de la sociedad, ya que ambos tienen antecedentes en su extracto de filiaci\u00f3n\u201d, explic\u00f3 el fiscal jefe de Coyhaique, Jos\u00e9 Moris.<\/p>\n<p style=\"font-weight: 400; text-align: justify;\">EN EL R\u00cdO<\/p>\n<p style=\"font-weight: 400; text-align: justify;\">El trabajo investigativo conjunto entre la Fiscal\u00eda Local de Coyhaique y la SIP, Gope y Labocar de Carabineros, logr\u00f3 ubicar el s\u00e1bado en horas de la ma\u00f1ana, el cuerpo de la v\u00edctima, 400 metros aguas abajo de la casa donde ocurrieron los hechos. La autopsia efectuada por un perito del Servicio M\u00e9dico Legal, permiti\u00f3 detectar al menos 8 lesiones cortopunzantes en el cuerpo de la v\u00edctima.<\/p>\n<p style=\"font-weight: 400; text-align: justify;\">\u201cDe acuerdo a lo que se describi\u00f3 en la formalizaci\u00f3n, los hechos ocurrieron en un lugar donde se encontraban bebiendo alcohol y en un momento dado, el imputado autor de los hechos, apu\u00f1al\u00f3 a la v\u00edctima en reiteradas ocasiones, causando su fallecimiento. La segunda persona estaba en el domicilio y ayud\u00f3 a ocultar y eliminar eventuales huellas que hubiesen quedado en el domicilio respecto del hecho\u201d, a\u00f1adi\u00f3 el fiscal jefe de Coyhaique, Jos\u00e9 Moris.<\/p>\n<p style=\"font-weight: 400; text-align: justify;\">PRISI\u00d3N PREVENTIVA<\/p>\n<p style=\"font-weight: 400; text-align: justify;\">El juez Mario Devaud Ojeda accedi\u00f3 a la solicitud de la Fiscal\u00eda y decret\u00f3 la prisi\u00f3n preventiva de los imputados, tras lo cual fueron derivados hasta el Complejo Penitenciario de Coyhaique por personal de Gendarmer\u00eda. El plazo para el t\u00e9rmino de las diligencias fue fijado en 90 d\u00edas.<\/p>\n<p style=\"font-weight: 400; text-align: justify;\">En principio, el caso fue denunciado como presunta desgracia el domingo 6 de agosto, es decir que la v\u00edctima hab\u00eda estado extraviada, desde el mi\u00e9rcoles 2 del mismo mes. Sin embargo, un testigo de o\u00eddas inform\u00f3 antecedentes relevantes para la investigaci\u00f3n, tras lo cual declar\u00f3 ante el Ministerio P\u00fablico. El cuerpo de la persona fallecida, habr\u00eda sido arrastrado y lanzado al r\u00edo, de acuerdo a lo mencionado en la audiencia.<\/p>\n<\/div><\/section><\/div><\/p>\n<div  style='height:50px' class='hr hr-invisible   avia-builder-el-6  el_after_av_one_full  el_before_av_social_share '><span class='hr-inner ' ><span class='hr-inner-style'><\/span><\/span><\/div>\n<div  class='av-social-sharing-box  avia-builder-el-7  el_after_av_hr  el_before_av_hr  '><div class='av-share-box'><h5 class='av-share-link-description av-no-toc '>Compartir esta noticia<\/h5><ul class='av-share-box-list noLightbox'><li class='av-share-link av-social-link-facebook' ><a target=\"_blank\" aria-label=\"Compartir en Facebook\" href='https:\/\/www.facebook.com\/sharer.php?u=https:\/\/radiorevelacionfm.cl\/?p=34118&#038;t=Imputados%20por%20homicidio%20de%20poblador%20en%20sector%20El%20Richard%20quedan%20en%20prisi%C3%B3n%20preventiva' aria-hidden='false' data-av_icon='\ue8f3' data-av_iconfont='entypo-fontello' title='' data-avia-related-tooltip='Compartir en Facebook' rel=\"noopener\"><span class='avia_hidden_link_text'>Compartir en Facebook<\/span><\/a><\/li><li class='av-share-link av-social-link-twitter' ><a target=\"_blank\" aria-label=\"Compartir en Twitter\" href='https:\/\/twitter.com\/share?text=Imputados%20por%20homicidio%20de%20poblador%20en%20sector%20El%20Richard%20quedan%20en%20prisi%C3%B3n%20preventiva&#038;url=https:\/\/radiorevelacionfm.cl\/?p=34118' aria-hidden='false' data-av_icon='\ue8f1' data-av_iconfont='entypo-fontello' title='' data-avia-related-tooltip='Compartir en Twitter' rel=\"noopener\"><span class='avia_hidden_link_text'>Compartir en Twitter<\/span><\/a><\/li><li class='av-share-link av-social-link-whatsapp' ><a target=\"_blank\" aria-label=\"Compartir en Whatsapp\" href='https:\/\/api.whatsapp.com\/send?text=https:\/\/radiorevelacionfm.cl\/?p=34118' aria-hidden='false' data-av_icon='\uf232' data-av_iconfont='entypo-fontello' title='' data-avia-related-tooltip='Compartir en Whatsapp' rel=\"noopener\"><span class='avia_hidden_link_text'>Compartir en Whatsapp<\/span><\/a><\/li><li class='av-share-link av-social-link-linkedin' ><a target=\"_blank\" aria-label=\"Compartir en LinkedIn\" href='https:\/\/linkedin.com\/shareArticle?mini=true&#038;title=Imputados%20por%20homicidio%20de%20poblador%20en%20sector%20El%20Richard%20quedan%20en%20prisi%C3%B3n%20preventiva&#038;url=https:\/\/radiorevelacionfm.cl\/?p=34118' aria-hidden='false' data-av_icon='\ue8fc' data-av_iconfont='entypo-fontello' title='' data-avia-related-tooltip='Compartir en LinkedIn' rel=\"noopener\"><span class='avia_hidden_link_text'>Compartir en LinkedIn<\/span><\/a><\/li><li class='av-share-link av-social-link-mail' ><a  aria-label=\"Compartir por correo\" href='mailto:?subject=Imputados%20por%20homicidio%20de%20poblador%20en%20sector%20El%20Richard%20quedan%20en%20prisi%C3%B3n%20preventiva&#038;body=https:\/\/radiorevelacionfm.cl\/?p=34118' aria-hidden='false' data-av_icon='\ue805' data-av_iconfont='entypo-fontello' title='' data-avia-related-tooltip='Compartir por correo'><span class='avia_hidden_link_text'>Compartir por correo<\/span><\/a><\/li><\/ul><\/div><\/div>\n<div  style='height:50px' class='hr hr-invisible   avia-builder-el-8  el_after_av_social_share  el_before_av_comments_list '><span class='hr-inner ' ><span class='hr-inner-style'><\/span><\/span><\/div>\n<div  class='av-buildercomment  av-blog-meta-html-info-disabled av-blog-meta-tag-disabled  '><\/div>\n","protected":false},"excerpt":{"rendered":"","protected":false},"author":1,"featured_media":34119,"comment_status":"open","ping_status":"open","sticky":false,"template":"","format":"standard","meta":{"footnotes":""},"categories":[55],"tags":[],"class_list":["post-34118","post","type-post","status-publish","format-standard","has-post-thumbnail","hentry","category-justicia"],"jetpack_featured_media_url":"https:\/\/radiorevelacionfm.cl\/wp-content\/uploads\/2023\/08\/3b-1-1.jpg","_links":{"self":[{"href":"https:\/\/radiorevelacionfm.cl\/index.php?rest_route=\/wp\/v2\/posts\/34118","targetHints":{"allow":["GET"]}}],"collection":[{"href":"https:\/\/radiorevelacionfm.cl\/index.php?rest_route=\/wp\/v2\/posts"}],"about":[{"href":"https:\/\/radiorevelacionfm.cl\/index.php?rest_route=\/wp\/v2\/types\/post"}],"author":[{"embeddable":true,"href":"https:\/\/radiorevelacionfm.cl\/index.php?rest_route=\/wp\/v2\/users\/1"}],"replies":[{"embeddable":true,"href":"https:\/\/radiorevelacionfm.cl\/index.php?rest_route=%2Fwp%2Fv2%2Fcomments&post=34118"}],"version-history":[{"count":2,"href":"https:\/\/radiorevelacionfm.cl\/index.php?rest_route=\/wp\/v2\/posts\/34118\/revisions"}],"predecessor-version":[{"id":34141,"href":"https:\/\/radiorevelacionfm.cl\/index.php?rest_route=\/wp\/v2\/posts\/34118\/revisions\/34141"}],"wp:featuredmedia":[{"embeddable":true,"href":"https:\/\/radiorevelacionfm.cl\/index.php?rest_route=\/wp\/v2\/media\/34119"}],"wp:attachment":[{"href":"https:\/\/radiorevelacionfm.cl\/index.php?rest_route=%2Fwp%2Fv2%2Fmedia&parent=34118"}],"wp:term":[{"taxonomy":"category","embeddable":true,"href":"https:\/\/radiorevelacionfm.cl\/index.php?rest_route=%2Fwp%2Fv2%2Fcategories&post=34118"},{"taxonomy":"post_tag","embeddable":true,"href":"https:\/\/radiorevelacionfm.cl\/index.php?rest_route=%2Fwp%2Fv2%2Ftags&post=34118"}],"curies":[{"name":"wp","href":"https:\/\/api.w.org\/{rel}","templated":true}]}}