{"id":34115,"date":"2023-08-22T17:58:57","date_gmt":"2023-08-22T20:58:57","guid":{"rendered":"https:\/\/radiorevelacionfm.cl\/?p=34115"},"modified":"2023-08-22T17:58:57","modified_gmt":"2023-08-22T20:58:57","slug":"vecinas-y-vecinos-de-villa-ohiggins-acceden-a-examenes-medicos-gracias-al-8-del-fndr","status":"publish","type":"post","link":"https:\/\/radiorevelacionfm.cl\/?p=34115","title":{"rendered":"Vecinas y vecinos de Villa O&#8217;Higgins acceden a ex\u00e1menes m\u00e9dicos gracias al 8% del FNDR"},"content":{"rendered":"<div class=\"flex_column av_one_full  flex_column_div av-zero-column-padding first  avia-builder-el-0  el_before_av_one_full  avia-builder-el-first  \" style='border-radius:0px; '><div  class='avia-image-container  av-styling-    avia-builder-el-1  avia-builder-el-no-sibling  avia-align-center '  itemprop=\"image\" itemscope=\"itemscope\" itemtype=\"https:\/\/schema.org\/ImageObject\"  ><div class='avia-image-container-inner'><div class='avia-image-overlay-wrap'><img decoding=\"async\" class='wp-image-34116 avia-img-lazy-loading-not-34116 avia_image' src=\"https:\/\/radiorevelacionfm.cl\/wp-content\/uploads\/2023\/08\/5-69-1-1_optimized.jpg\" alt='' title='5-(69)-(1)-(1)_optimized' height=\"600\" width=\"1067\"  itemprop=\"thumbnailUrl\" srcset=\"https:\/\/radiorevelacionfm.cl\/wp-content\/uploads\/2023\/08\/5-69-1-1_optimized.jpg 1067w, https:\/\/radiorevelacionfm.cl\/wp-content\/uploads\/2023\/08\/5-69-1-1_optimized-300x169.jpg 300w, https:\/\/radiorevelacionfm.cl\/wp-content\/uploads\/2023\/08\/5-69-1-1_optimized-1030x579.jpg 1030w, https:\/\/radiorevelacionfm.cl\/wp-content\/uploads\/2023\/08\/5-69-1-1_optimized-768x432.jpg 768w, https:\/\/radiorevelacionfm.cl\/wp-content\/uploads\/2023\/08\/5-69-1-1_optimized-705x396.jpg 705w, https:\/\/radiorevelacionfm.cl\/wp-content\/uploads\/2023\/08\/5-69-1-1_optimized-450x253.jpg 450w, https:\/\/radiorevelacionfm.cl\/wp-content\/uploads\/2023\/08\/5-69-1-1_optimized-600x337.jpg 600w\" sizes=\"(max-width: 1067px) 100vw, 1067px\" \/><\/div><\/div><\/div><\/div><div class=\"flex_column av_one_full  flex_column_div av-zero-column-padding first  avia-builder-el-2  el_after_av_one_full  el_before_av_one_full  column-top-margin\" style='border-radius:0px; '><section class=\"av_textblock_section \"  itemscope=\"itemscope\" itemtype=\"https:\/\/schema.org\/BlogPosting\" itemprop=\"blogPost\" ><div class='avia_textblock  '   itemprop=\"text\" ><p style=\"text-align: center;\"><strong><span style=\"font-size: 18pt;\">Vecinas y vecinos de Villa O&#8217;Higgins acceden a ex\u00e1menes m\u00e9dicos gracias al 8% del FNDR<\/span><\/strong><\/p>\n<div id=\"gtx-trans\" style=\"position: absolute; left: -50px; top: 4.31534px;\">\n<div class=\"gtx-trans-icon\"><\/div>\n<\/div>\n<\/div><\/section><\/div><div class=\"flex_column av_one_full  flex_column_div av-zero-column-padding first  avia-builder-el-4  el_after_av_one_full  el_before_av_hr  column-top-margin\" style='border-radius:0px; '><section class=\"av_textblock_section \"  itemscope=\"itemscope\" itemtype=\"https:\/\/schema.org\/BlogPosting\" itemprop=\"blogPost\" ><div class='avia_textblock  '   itemprop=\"text\" ><p dir=\"ltr\" style=\"text-align: justify;\">Una veintena de vecinos y vecinas de Villa O&#8217;Higgins llegaron hasta la comuna de Chile Chico para realizarse ex\u00e1menes de imagenolog\u00eda, espec\u00edficamente endoscopias y colonoscopias, gracias al programa \u00abGuatita llena coraz\u00f3n contento\u00bb que desarrolla el Comit\u00e9 Habitacional Villa Austral, el cual es financiado por el 8% del Fondo Nacional de Desarrollo Regional (FNDR) del Gobierno Regional de Ays\u00e9n y su Consejo.<\/p>\n<p dir=\"ltr\" style=\"text-align: justify;\">\u00abSeguimos como Gobierno Regional trabajando y desplaz\u00e1ndonos por todo el territorio de nuestra regi\u00f3n. Hoy continuamos nuestro trabajo en Chile Chico, en un lugar emblem\u00e1tico, el Centro M\u00e9dico Municipal, donde tenemos muy buenas noticias y muestras de trabajo colaborativo del Gobierno Regional, los municipios de nuestra regi\u00f3n y las organizaciones sociales\u00bb, se\u00f1al\u00f3 la Gobernadora Regional Andrea Mac\u00edas Palma, quien estuvo en la localidad aleda\u00f1a al Lago General Carrera para acompa\u00f1ar a los beneficiarios y beneficiarias del programa.<\/p>\n<p dir=\"ltr\" style=\"text-align: justify;\">La iniciativa contempla eliminar la barrera social de acceso al servicio de salud, dando posibilidad a hogares m\u00e1s vulnerables que tengan igualdad de condiciones para ejercer sus derechos y potencial para estar sanos, realizando ex\u00e1menes m\u00e9dicos \u2014en este caso endoscopias y colonoscopias\u2014 para contribuir a su desarrollo social.<\/p>\n<p dir=\"ltr\" style=\"text-align: justify;\">\u00abPara nosotros es s\u00faper importante porque la comuna queda tan lejos que es dif\u00edcil gestionar un tema como el que se lleva a cabo ahora, y es bueno porque nos permite venir todos al mismo tiempo, y hacerlo de forma personal significar\u00eda un gasto muy grande y mucho tiempo aparte, porque todo depende de la disponibilidad que tenga el Hospital de Coyhaique, generalmente\u00bb, explic\u00f3 Anabelle Alegr\u00eda, una de las beneficiarias del programa.<\/p>\n<p dir=\"ltr\" style=\"text-align: justify;\">Por su parte, la m\u00e1xima autoridad comunal de O&#8217;Higgins, Claudio Fica, destac\u00f3 que \u00abesto es gracias al Gobierno Regional, al convenio que tenemos con la Municipalidad de Chile Chico, que nos facilita la Casa del Deportista para que nuestros pobladores puedan tener una estad\u00eda sin costo aqu\u00ed. Para nuestra comunidad es muy importante el aporte que hace el Gobierno Regional con estos recursos del 8%, que van en beneficio directo a la salud de nuestra gente\u00bb.<\/p>\n<p dir=\"ltr\" style=\"text-align: justify;\">Finalmente, la Consejera Regional de la Provincia de General Carrera, y presidenta de la Comisi\u00f3n de Regionalizaci\u00f3n, Integraci\u00f3n Territorial y Medio Ambiente, Paulina Hern\u00e1ndez, sostuvo que \u00abcon esto, no solamente abarcamos un nicho que hoy est\u00e1 pendiente de atenci\u00f3n, sino que tambi\u00e9n descomprimimos lo que son las agendas del sector de salud, descomprimimos la necesidad que existe hoy a nivel regional (&#8230;) es un muy buen aporte que realiza tanto la cl\u00ednica municipal de la Ilustre Municipalidad de Chile Chico, como tambi\u00e9n el Gobierno Regional de Ays\u00e9n, en conjunto con las comunidades y territorios que m\u00e1s lo necesitan.<\/p>\n<\/div><\/section><\/div><div  style='height:50px' class='hr hr-invisible   avia-builder-el-6  el_after_av_one_full  el_before_av_social_share '><span class='hr-inner ' ><span class='hr-inner-style'><\/span><\/span><\/div><\/p>\n<div  class='av-social-sharing-box  avia-builder-el-7  el_after_av_hr  el_before_av_hr  '><div class='av-share-box'><h5 class='av-share-link-description av-no-toc '>Compartir esta noticia<\/h5><ul class='av-share-box-list noLightbox'><li class='av-share-link av-social-link-facebook' ><a target=\"_blank\" aria-label=\"Compartir en Facebook\" href='https:\/\/www.facebook.com\/sharer.php?u=https:\/\/radiorevelacionfm.cl\/?p=34115&#038;t=Vecinas%20y%20vecinos%20de%20Villa%20O%E2%80%99Higgins%20acceden%20a%20ex%C3%A1menes%20m%C3%A9dicos%20gracias%20al%208%25%20del%20FNDR' aria-hidden='false' data-av_icon='\ue8f3' data-av_iconfont='entypo-fontello' title='' data-avia-related-tooltip='Compartir en Facebook' rel=\"noopener\"><span class='avia_hidden_link_text'>Compartir en Facebook<\/span><\/a><\/li><li class='av-share-link av-social-link-twitter' ><a target=\"_blank\" aria-label=\"Compartir en Twitter\" href='https:\/\/twitter.com\/share?text=Vecinas%20y%20vecinos%20de%20Villa%20O%E2%80%99Higgins%20acceden%20a%20ex%C3%A1menes%20m%C3%A9dicos%20gracias%20al%208%25%20del%20FNDR&#038;url=https:\/\/radiorevelacionfm.cl\/?p=34115' aria-hidden='false' data-av_icon='\ue8f1' data-av_iconfont='entypo-fontello' title='' data-avia-related-tooltip='Compartir en Twitter' rel=\"noopener\"><span class='avia_hidden_link_text'>Compartir en Twitter<\/span><\/a><\/li><li class='av-share-link av-social-link-whatsapp' ><a target=\"_blank\" aria-label=\"Compartir en Whatsapp\" href='https:\/\/api.whatsapp.com\/send?text=https:\/\/radiorevelacionfm.cl\/?p=34115' aria-hidden='false' data-av_icon='\uf232' data-av_iconfont='entypo-fontello' title='' data-avia-related-tooltip='Compartir en Whatsapp' rel=\"noopener\"><span class='avia_hidden_link_text'>Compartir en Whatsapp<\/span><\/a><\/li><li class='av-share-link av-social-link-linkedin' ><a target=\"_blank\" aria-label=\"Compartir en LinkedIn\" href='https:\/\/linkedin.com\/shareArticle?mini=true&#038;title=Vecinas%20y%20vecinos%20de%20Villa%20O%E2%80%99Higgins%20acceden%20a%20ex%C3%A1menes%20m%C3%A9dicos%20gracias%20al%208%25%20del%20FNDR&#038;url=https:\/\/radiorevelacionfm.cl\/?p=34115' aria-hidden='false' data-av_icon='\ue8fc' data-av_iconfont='entypo-fontello' title='' data-avia-related-tooltip='Compartir en LinkedIn' rel=\"noopener\"><span class='avia_hidden_link_text'>Compartir en LinkedIn<\/span><\/a><\/li><li class='av-share-link av-social-link-mail' ><a  aria-label=\"Compartir por correo\" href='mailto:?subject=Vecinas%20y%20vecinos%20de%20Villa%20O%E2%80%99Higgins%20acceden%20a%20ex%C3%A1menes%20m%C3%A9dicos%20gracias%20al%208%25%20del%20FNDR&#038;body=https:\/\/radiorevelacionfm.cl\/?p=34115' aria-hidden='false' data-av_icon='\ue805' data-av_iconfont='entypo-fontello' title='' data-avia-related-tooltip='Compartir por correo'><span class='avia_hidden_link_text'>Compartir por correo<\/span><\/a><\/li><\/ul><\/div><\/div>\n<div  style='height:50px' class='hr hr-invisible   avia-builder-el-8  el_after_av_social_share  el_before_av_comments_list '><span class='hr-inner ' ><span class='hr-inner-style'><\/span><\/span><\/div>\n<div  class='av-buildercomment  av-blog-meta-html-info-disabled av-blog-meta-tag-disabled  '><\/div>\n","protected":false},"excerpt":{"rendered":"","protected":false},"author":1,"featured_media":34116,"comment_status":"open","ping_status":"open","sticky":false,"template":"","format":"standard","meta":{"footnotes":""},"categories":[38],"tags":[],"class_list":["post-34115","post","type-post","status-publish","format-standard","has-post-thumbnail","hentry","category-regional"],"jetpack_featured_media_url":"https:\/\/radiorevelacionfm.cl\/wp-content\/uploads\/2023\/08\/5-69-1-1_optimized.jpg","_links":{"self":[{"href":"https:\/\/radiorevelacionfm.cl\/index.php?rest_route=\/wp\/v2\/posts\/34115","targetHints":{"allow":["GET"]}}],"collection":[{"href":"https:\/\/radiorevelacionfm.cl\/index.php?rest_route=\/wp\/v2\/posts"}],"about":[{"href":"https:\/\/radiorevelacionfm.cl\/index.php?rest_route=\/wp\/v2\/types\/post"}],"author":[{"embeddable":true,"href":"https:\/\/radiorevelacionfm.cl\/index.php?rest_route=\/wp\/v2\/users\/1"}],"replies":[{"embeddable":true,"href":"https:\/\/radiorevelacionfm.cl\/index.php?rest_route=%2Fwp%2Fv2%2Fcomments&post=34115"}],"version-history":[{"count":1,"href":"https:\/\/radiorevelacionfm.cl\/index.php?rest_route=\/wp\/v2\/posts\/34115\/revisions"}],"predecessor-version":[{"id":34117,"href":"https:\/\/radiorevelacionfm.cl\/index.php?rest_route=\/wp\/v2\/posts\/34115\/revisions\/34117"}],"wp:featuredmedia":[{"embeddable":true,"href":"https:\/\/radiorevelacionfm.cl\/index.php?rest_route=\/wp\/v2\/media\/34116"}],"wp:attachment":[{"href":"https:\/\/radiorevelacionfm.cl\/index.php?rest_route=%2Fwp%2Fv2%2Fmedia&parent=34115"}],"wp:term":[{"taxonomy":"category","embeddable":true,"href":"https:\/\/radiorevelacionfm.cl\/index.php?rest_route=%2Fwp%2Fv2%2Fcategories&post=34115"},{"taxonomy":"post_tag","embeddable":true,"href":"https:\/\/radiorevelacionfm.cl\/index.php?rest_route=%2Fwp%2Fv2%2Ftags&post=34115"}],"curies":[{"name":"wp","href":"https:\/\/api.w.org\/{rel}","templated":true}]}}