{"id":34112,"date":"2023-08-22T22:23:15","date_gmt":"2023-08-23T01:23:15","guid":{"rendered":"https:\/\/radiorevelacionfm.cl\/?p=34112"},"modified":"2023-08-22T22:23:15","modified_gmt":"2023-08-23T01:23:15","slug":"raphael-rechaza-inasistencia-de-autoridades-de-hacienda-y-educacion-a-comision-de-zonas-extremas-y-advierte-rechazo-al-presupuesto-de-educacion-si-no-se-asegura-la-asignacion-de-zona","status":"publish","type":"post","link":"https:\/\/radiorevelacionfm.cl\/?p=34112","title":{"rendered":"Raphael rechaza inasistencia de autoridades de Hacienda y Educaci\u00f3n a comisi\u00f3n de zonas extremas y advierte rechazo al presupuesto de educaci\u00f3n si no se asegura la asignaci\u00f3n de zona"},"content":{"rendered":"<div class=\"flex_column av_one_full  flex_column_div av-zero-column-padding first  avia-builder-el-0  el_before_av_one_full  avia-builder-el-first  \" style='border-radius:0px; '><div  class='avia-image-container  av-styling-    avia-builder-el-1  avia-builder-el-no-sibling  avia-align-center '  itemprop=\"image\" itemscope=\"itemscope\" itemtype=\"https:\/\/schema.org\/ImageObject\"  ><div class='avia-image-container-inner'><div class='avia-image-overlay-wrap'><img decoding=\"async\" class='wp-image-34113 avia-img-lazy-loading-not-34113 avia_image' src=\"https:\/\/radiorevelacionfm.cl\/wp-content\/uploads\/2023\/08\/Foto-Nota-comision-ZZEE-1-1.jpeg\" alt='' title='Foto Nota comisi\u00f3n ZZEE (1) (1)' height=\"600\" width=\"901\"  itemprop=\"thumbnailUrl\" srcset=\"https:\/\/radiorevelacionfm.cl\/wp-content\/uploads\/2023\/08\/Foto-Nota-comision-ZZEE-1-1.jpeg 901w, https:\/\/radiorevelacionfm.cl\/wp-content\/uploads\/2023\/08\/Foto-Nota-comision-ZZEE-1-1-300x200.jpeg 300w, https:\/\/radiorevelacionfm.cl\/wp-content\/uploads\/2023\/08\/Foto-Nota-comision-ZZEE-1-1-768x511.jpeg 768w, https:\/\/radiorevelacionfm.cl\/wp-content\/uploads\/2023\/08\/Foto-Nota-comision-ZZEE-1-1-705x469.jpeg 705w, https:\/\/radiorevelacionfm.cl\/wp-content\/uploads\/2023\/08\/Foto-Nota-comision-ZZEE-1-1-450x300.jpeg 450w, https:\/\/radiorevelacionfm.cl\/wp-content\/uploads\/2023\/08\/Foto-Nota-comision-ZZEE-1-1-600x400.jpeg 600w\" sizes=\"(max-width: 901px) 100vw, 901px\" \/><\/div><\/div><\/div><\/div><div class=\"flex_column av_one_full  flex_column_div av-zero-column-padding first  avia-builder-el-2  el_after_av_one_full  el_before_av_one_full  column-top-margin\" style='border-radius:0px; '><section class=\"av_textblock_section \"  itemscope=\"itemscope\" itemtype=\"https:\/\/schema.org\/BlogPosting\" itemprop=\"blogPost\" ><div class='avia_textblock  '   itemprop=\"text\" ><p style=\"text-align: center;\"><strong><span style=\"font-size: 18pt;\">Raphael rechaza inasistencia de autoridades de Hacienda y Educaci\u00f3n a comisi\u00f3n de zonas extremas y advierte rechazo al presupuesto de educaci\u00f3n si no se asegura la asignaci\u00f3n de zona<\/span><\/strong><\/p>\n<div id=\"gtx-trans\" style=\"position: absolute; left: -50px; top: 4.31534px;\">\n<div class=\"gtx-trans-icon\"><\/div>\n<\/div>\n<\/div><\/section><\/div><div class=\"flex_column av_one_full  flex_column_div av-zero-column-padding first  avia-builder-el-4  el_after_av_one_full  el_before_av_hr  column-top-margin\" style='border-radius:0px; '><section class=\"av_textblock_section \"  itemscope=\"itemscope\" itemtype=\"https:\/\/schema.org\/BlogPosting\" itemprop=\"blogPost\" ><div class='avia_textblock  '   itemprop=\"text\" ><p style=\"text-align: justify;\">Dirigentes de los Asistentes de la Educaci\u00f3n viajaron horas desde Palena hasta la comisi\u00f3n de Zonas Extremas en Valpara\u00edso, para plantear sus problem\u00e1ticas en presencia de la subsecretaria de Educaci\u00f3n, Alejandra Arratia, y la directora de DIPRES, Javiera Mart\u00ednez, tal como se hab\u00eda acordado. Hecho que no se pudo concretar dado que las autoridades de gobierno declinaron -a \u00faltima hora- asistir a la instancia. Tambi\u00e9n participaron v\u00eda remota los dirigentes de los asistentes de la educaci\u00f3n de la regi\u00f3n de Ays\u00e9n Tras ello, los diputados integrantes de la comisi\u00f3n elevaron una declaraci\u00f3n p\u00fablica rechazando el hecho, tildando el actuar de los jefes de dichas carteras como una falta de respeto a las comunidades de zonas alejadas.<\/p>\n<p style=\"text-align: justify;\">En ese sentido, la \u00a0diputada Marcia Raphael fue enf\u00e1tica \u00a0en se\u00f1alar que \u201c lo sucedido en la comisi\u00f3n de Zonas Extremas es una falta de respeto tremenda con las zonas m\u00e1s aisladas de nuestro pa\u00eds, ya que hubo dirigentes de nuestra vecina regi\u00f3n de los Lagos, espec\u00edficamente de la Provincia de Palena, que viajaron con mucho esfuerzo, incluso con permiso sin goce de sueldo para expresar su malestar al gobierno y este que se llamaba el gobierno de las regiones, no fueron capaces de mandar a nadie a exponer ni a escuchar a los dirigentes.<\/p>\n<p style=\"text-align: justify;\">Los dirigentes y representantes de la causa que llevan adelante los asistentes de la educaci\u00f3n para que se les asigne la asignaci\u00f3n de zona expresaron su molestia, se\u00f1alando los dichos expuestos a continuaci\u00f3n:<\/p>\n<p style=\"text-align: justify;\">Karina Ojeda, tesorera del gremio de los Asistentes de la Educaci\u00f3n de la Provincia de Palena y una de las dirigentas que viajaron a Valpara\u00edso para asistir a la comisi\u00f3n, se\u00f1al\u00f3 que \u201cnos han venido postergando por muchos a\u00f1os. Durante mucho tiempo hemos venido pidiendo esto. Nosotros como provincia de Palena todos los a\u00f1os nos aislamos y de manera terrible. Yo para venir y dejar a mi hija a estudiar tuve que pasar en un bote. Entonces siento que no se ponen en nuestro lugar, en nuestros zapatos\u201d.<\/p>\n<p style=\"text-align: justify;\">A su turno, el Jonny Paredes Jara, presidente del Gremio Comunal de Hualaihu\u00e9, detall\u00f3 que \u201cComo dirigentes de los asistentes de la educaci\u00f3n haremos lobby con todos los diputados y senadores de las distintas bancadas debido a que este es un tema transversal, solicitaremos que la glosa de educaci\u00f3n sea rechazada mientras no se nos asigne el derecho a la asignaci\u00f3n de zona. En particular, nosotros de la provincia de Palena y de las distintas zonas extremas, que hemos sido discriminados desde hace mucho tiempo. Lamentablemente no tenemos ninguna certeza que se nos pague la asignaci\u00f3n de zona, m\u00e1s a\u00fan cuando hay regiones que ya pertenecen al SLEP y no reciben dicha asignaci\u00f3n. Nos molesta profundamente la ausencia de las autoridades del gobierno y principalmente de Hacienda, que son los \u00fanicos que nos puede dar una soluci\u00f3n concreta\u201d<\/p>\n<p style=\"text-align: justify;\">Por \u00faltimo, Raphael se\u00f1alo que \u201cLo qu\u00e9 pas\u00f3 ayer fue un desprecio para los asistentes de la educaci\u00f3n de zonas extremas y de la regi\u00f3n de Ays\u00e9n. El gobierno no tuvo la decencia de mandar a ning\u00fan representante para que pueda darle explicaciones a los asistentes de la educaci\u00f3n, ya que no tienen la voluntad pol\u00edtica y con su err\u00e1tica negativa a entregar la asignaci\u00f3n de zona est\u00e1n contribuyendo a la creaci\u00f3n de una deuda hist\u00f3rica 2.0.\u00a0 La asignaci\u00f3n de zona es un derecho para ellos, ya que cuando pasan al SLEP, se convierten en funcionarios p\u00fablicos, por lo que no entiende esta injusta discriminaci\u00f3n\u201d, sentenci\u00f3.<\/p>\n<\/div><\/section><\/div><div  style='height:50px' class='hr hr-invisible   avia-builder-el-6  el_after_av_one_full  el_before_av_social_share '><span class='hr-inner ' ><span class='hr-inner-style'><\/span><\/span><\/div><\/p>\n<div  class='av-social-sharing-box  avia-builder-el-7  el_after_av_hr  el_before_av_hr  '><div class='av-share-box'><h5 class='av-share-link-description av-no-toc '>Compartir esta noticia<\/h5><ul class='av-share-box-list noLightbox'><li class='av-share-link av-social-link-facebook' ><a target=\"_blank\" aria-label=\"Compartir en Facebook\" href='https:\/\/www.facebook.com\/sharer.php?u=https:\/\/radiorevelacionfm.cl\/?p=34112&#038;t=Raphael%20rechaza%20inasistencia%20de%20autoridades%20de%20Hacienda%20y%20Educaci%C3%B3n%20a%20comisi%C3%B3n%20de%20zonas%20extremas%20y%20advierte%20rechazo%20al%20presupuesto%20de%20educaci%C3%B3n%20si%20no%20se%20asegura%20la%20asignaci%C3%B3n%20de%20zona' aria-hidden='false' data-av_icon='\ue8f3' data-av_iconfont='entypo-fontello' title='' data-avia-related-tooltip='Compartir en Facebook' rel=\"noopener\"><span class='avia_hidden_link_text'>Compartir en Facebook<\/span><\/a><\/li><li class='av-share-link av-social-link-twitter' ><a target=\"_blank\" aria-label=\"Compartir en Twitter\" href='https:\/\/twitter.com\/share?text=Raphael%20rechaza%20inasistencia%20de%20autoridades%20de%20Hacienda%20y%20Educaci%C3%B3n%20a%20comisi%C3%B3n%20de%20zonas%20extremas%20y%20advierte%20rechazo%20al%20presupuesto%20de%20educaci%C3%B3n%20si%20no%20se%20asegura%20la%20asignaci%C3%B3n%20de%20zona&#038;url=https:\/\/radiorevelacionfm.cl\/?p=34112' aria-hidden='false' data-av_icon='\ue8f1' data-av_iconfont='entypo-fontello' title='' data-avia-related-tooltip='Compartir en Twitter' rel=\"noopener\"><span class='avia_hidden_link_text'>Compartir en Twitter<\/span><\/a><\/li><li class='av-share-link av-social-link-whatsapp' ><a target=\"_blank\" aria-label=\"Compartir en Whatsapp\" href='https:\/\/api.whatsapp.com\/send?text=https:\/\/radiorevelacionfm.cl\/?p=34112' aria-hidden='false' data-av_icon='\uf232' data-av_iconfont='entypo-fontello' title='' data-avia-related-tooltip='Compartir en Whatsapp' rel=\"noopener\"><span class='avia_hidden_link_text'>Compartir en Whatsapp<\/span><\/a><\/li><li class='av-share-link av-social-link-linkedin' ><a target=\"_blank\" aria-label=\"Compartir en LinkedIn\" href='https:\/\/linkedin.com\/shareArticle?mini=true&#038;title=Raphael%20rechaza%20inasistencia%20de%20autoridades%20de%20Hacienda%20y%20Educaci%C3%B3n%20a%20comisi%C3%B3n%20de%20zonas%20extremas%20y%20advierte%20rechazo%20al%20presupuesto%20de%20educaci%C3%B3n%20si%20no%20se%20asegura%20la%20asignaci%C3%B3n%20de%20zona&#038;url=https:\/\/radiorevelacionfm.cl\/?p=34112' aria-hidden='false' data-av_icon='\ue8fc' data-av_iconfont='entypo-fontello' title='' data-avia-related-tooltip='Compartir en LinkedIn' rel=\"noopener\"><span class='avia_hidden_link_text'>Compartir en LinkedIn<\/span><\/a><\/li><li class='av-share-link av-social-link-mail' ><a  aria-label=\"Compartir por correo\" href='mailto:?subject=Raphael%20rechaza%20inasistencia%20de%20autoridades%20de%20Hacienda%20y%20Educaci%C3%B3n%20a%20comisi%C3%B3n%20de%20zonas%20extremas%20y%20advierte%20rechazo%20al%20presupuesto%20de%20educaci%C3%B3n%20si%20no%20se%20asegura%20la%20asignaci%C3%B3n%20de%20zona&#038;body=https:\/\/radiorevelacionfm.cl\/?p=34112' aria-hidden='false' data-av_icon='\ue805' data-av_iconfont='entypo-fontello' title='' data-avia-related-tooltip='Compartir por correo'><span class='avia_hidden_link_text'>Compartir por correo<\/span><\/a><\/li><\/ul><\/div><\/div>\n<div  style='height:50px' class='hr hr-invisible   avia-builder-el-8  el_after_av_social_share  el_before_av_comments_list '><span class='hr-inner ' ><span class='hr-inner-style'><\/span><\/span><\/div>\n<div  class='av-buildercomment  av-blog-meta-html-info-disabled av-blog-meta-tag-disabled  '><\/div>\n","protected":false},"excerpt":{"rendered":"","protected":false},"author":1,"featured_media":34113,"comment_status":"open","ping_status":"open","sticky":false,"template":"","format":"standard","meta":{"footnotes":""},"categories":[35],"tags":[],"class_list":["post-34112","post","type-post","status-publish","format-standard","has-post-thumbnail","hentry","category-politica"],"jetpack_featured_media_url":"https:\/\/radiorevelacionfm.cl\/wp-content\/uploads\/2023\/08\/Foto-Nota-comision-ZZEE-1-1.jpeg","_links":{"self":[{"href":"https:\/\/radiorevelacionfm.cl\/index.php?rest_route=\/wp\/v2\/posts\/34112","targetHints":{"allow":["GET"]}}],"collection":[{"href":"https:\/\/radiorevelacionfm.cl\/index.php?rest_route=\/wp\/v2\/posts"}],"about":[{"href":"https:\/\/radiorevelacionfm.cl\/index.php?rest_route=\/wp\/v2\/types\/post"}],"author":[{"embeddable":true,"href":"https:\/\/radiorevelacionfm.cl\/index.php?rest_route=\/wp\/v2\/users\/1"}],"replies":[{"embeddable":true,"href":"https:\/\/radiorevelacionfm.cl\/index.php?rest_route=%2Fwp%2Fv2%2Fcomments&post=34112"}],"version-history":[{"count":1,"href":"https:\/\/radiorevelacionfm.cl\/index.php?rest_route=\/wp\/v2\/posts\/34112\/revisions"}],"predecessor-version":[{"id":34114,"href":"https:\/\/radiorevelacionfm.cl\/index.php?rest_route=\/wp\/v2\/posts\/34112\/revisions\/34114"}],"wp:featuredmedia":[{"embeddable":true,"href":"https:\/\/radiorevelacionfm.cl\/index.php?rest_route=\/wp\/v2\/media\/34113"}],"wp:attachment":[{"href":"https:\/\/radiorevelacionfm.cl\/index.php?rest_route=%2Fwp%2Fv2%2Fmedia&parent=34112"}],"wp:term":[{"taxonomy":"category","embeddable":true,"href":"https:\/\/radiorevelacionfm.cl\/index.php?rest_route=%2Fwp%2Fv2%2Fcategories&post=34112"},{"taxonomy":"post_tag","embeddable":true,"href":"https:\/\/radiorevelacionfm.cl\/index.php?rest_route=%2Fwp%2Fv2%2Ftags&post=34112"}],"curies":[{"name":"wp","href":"https:\/\/api.w.org\/{rel}","templated":true}]}}