{"id":3411,"date":"2021-04-22T20:50:00","date_gmt":"2021-04-22T23:50:00","guid":{"rendered":"https:\/\/radiorevelacionfm.cl\/?p=3411"},"modified":"2021-04-22T21:06:01","modified_gmt":"2021-04-23T00:06:01","slug":"en-lago-verde-firman-convenio-de-colaboracion-para-acercar-la-cultura-y-las-artes-a-la-comunidad","status":"publish","type":"post","link":"https:\/\/radiorevelacionfm.cl\/?p=3411","title":{"rendered":"En Lago Verde firman convenio de colaboraci\u00f3n para acercar la cultura y las artes a la comunidad"},"content":{"rendered":"<div class=\"flex_column av_one_full  flex_column_div av-zero-column-padding first  avia-builder-el-0  el_before_av_one_full  avia-builder-el-first  \" style='border-radius:0px; '><div  class='avia-image-container  av-styling-    avia-builder-el-1  avia-builder-el-no-sibling  avia-align-center '  itemprop=\"image\" itemscope=\"itemscope\" itemtype=\"https:\/\/schema.org\/ImageObject\"  ><div class='avia-image-container-inner'><div class='avia-image-overlay-wrap'><img decoding=\"async\" class='wp-image-0 avia-img-lazy-loading-not-0 avia_image' src=\"https:\/\/radiorevelacionfm.cl\/wp-content\/uploads\/2021\/04\/CONVENIO-CULTURA-2-1.jpeg\" alt='' title=''   itemprop=\"thumbnailUrl\"  \/><\/div><\/div><\/div><\/div>\n<div class=\"flex_column av_one_full  flex_column_div av-zero-column-padding first  avia-builder-el-2  el_after_av_one_full  el_before_av_one_full  column-top-margin\" style='border-radius:0px; '><section class=\"av_textblock_section \"  itemscope=\"itemscope\" itemtype=\"https:\/\/schema.org\/BlogPosting\" itemprop=\"blogPost\" ><div class='avia_textblock  '   itemprop=\"text\" ><p style=\"text-align: center;\"><span style=\"font-size: 18pt;\"><strong>En Lago Verde firman convenio de colaboraci\u00f3n para acercar la cultura y las artes a la comunidad<\/strong><\/span><\/p>\n<div id=\"gtx-trans\" style=\"position: absolute; left: -50px; top: 4.31534px;\">\n<div class=\"gtx-trans-icon\"><\/div>\n<\/div>\n<\/div><\/section><\/div><div class=\"flex_column av_one_full  flex_column_div av-zero-column-padding first  avia-builder-el-4  el_after_av_one_full  el_before_av_hr  column-top-margin\" style='border-radius:0px; '><section class=\"av_textblock_section \"  itemscope=\"itemscope\" itemtype=\"https:\/\/schema.org\/BlogPosting\" itemprop=\"blogPost\" ><div class='avia_textblock  '   itemprop=\"text\" ><p style=\"text-align: justify;\">Hasta Lago Verde lleg\u00f3 la Seremi de las Culturas, las Artes y el Patrimonio, Ver\u00f3nica D\u00edaz, quien junto a la Fundaci\u00f3n para la Superaci\u00f3n de la Pobreza y la Municipalidad firmaron un convenio de colaboraci\u00f3n, con la finalidad de acercar la oferta cultural a los vecinos y vecinas de esta comuna.<\/p>\n<p style=\"text-align: justify;\">\u201cHemos suscrito un convenio muy importante entre la Municipalidad y la Fundaci\u00f3n para la Superaci\u00f3n de la Pobreza para trabajar en el territorio de Lago Verde, poder llevar la cultura y saber cu\u00e1les son las necesidades que tiene la ciudadan\u00eda, para poder plasmarlas en actividades y futuras acciones en t\u00e9rminos de trabajo colaborativo, para as\u00ed hacer de esto algo m\u00e1s democr\u00e1tico y accesible para todas las personas\u201d, se\u00f1al\u00f3 Ver\u00f3nica D\u00edaz.<\/p>\n<p style=\"text-align: justify;\">En tanto, el Alcalde (s) de la comuna de Lago Verde, Eduardo Vega, puso en valor el trabajo colaborativo entre distintas instituciones, lo que va en directo beneficio de la comunidad.<\/p>\n<p style=\"text-align: justify;\">\u201cLa Municipalidad est\u00e1 sumamente agradecida, tanto de la Fundaci\u00f3n a trav\u00e9s de Servicio Pa\u00eds, tambi\u00e9n como siempre de la Seremi de las Culturas, en el sentido de seguir fortaleciendo y potenciar la relaci\u00f3n que existe entre estas instituciones para un \u00fanico objetivo que es, poder brindar mayor calidad de vida a nuestra comunidad. As\u00ed es que, muy agradecido de este convenio que se pudo materializar en nuestra comuna\u201d.<\/p>\n<p style=\"text-align: justify;\">Para Ricardo Villalobos, director regional de la Fundaci\u00f3n para la Superaci\u00f3n de la Pobreza, es relevante seguir fortaleciendo el v\u00ednculo de trabajo que ya se ha desarrollado por muchos a\u00f1os con el Municipio de Lago Verde y otras entidades como la Seremi de las Culturas, las Artes y el Patrimonio.<\/p>\n<p style=\"text-align: justify;\">\u201cEstamos muy agradecidos por la instancia, por la posibilidad de que nos acompa\u00f1e la Seremi, el Alcalde y el equipo municipal, porque esto nos permite seguir fortaleciendo el v\u00ednculo de trabajo que ya hace varios ha tenido el programa Servicio Pa\u00eds, gracias al convenio que tiene con el Ministerio de las Culturas, las Artes y el Patrimonio, en este caso tambi\u00e9n con la alianza territorial que tenemos con la Municipalidad de Lago Verde. Destacar que, de los cuatro profesionales que este a\u00f1o est\u00e1n ac\u00e1, hay una que est\u00e1 vinculada a esta l\u00ednea de convenio, tambi\u00e9n gracias al trabajo con la Universidad de Ays\u00e9n y las practicas que tienen, podemos contar con apoyos profesionales que se est\u00e1n vinculando a las tem\u00e1ticas culturales\u201d.<\/p>\n<p style=\"text-align: justify;\">Este convenio es una muestra m\u00e1s del compromiso de la Municipalidad de Lago Verde, en avanzar de manera integral en todas las \u00e1reas que requiere la comunidad y la cultura es un tema fundamental de aprendizaje, distracci\u00f3n y conocimiento para toda la comunidad.<\/p>\n<\/div><\/section><\/div><\/p>\n<div  style='height:50px' class='hr hr-invisible   avia-builder-el-6  el_after_av_one_full  el_before_av_social_share '><span class='hr-inner ' ><span class='hr-inner-style'><\/span><\/span><\/div>\n<div  class='av-social-sharing-box  avia-builder-el-7  el_after_av_hr  el_before_av_hr  '><div class='av-share-box'><h5 class='av-share-link-description av-no-toc '>Compartir esta noticia<\/h5><ul class='av-share-box-list noLightbox'><li class='av-share-link av-social-link-facebook' ><a target=\"_blank\" aria-label=\"Compartir en Facebook\" href='https:\/\/www.facebook.com\/sharer.php?u=https:\/\/radiorevelacionfm.cl\/?p=3411&#038;t=En%20Lago%20Verde%20firman%20convenio%20de%20colaboraci%C3%B3n%20para%20acercar%20la%20cultura%20y%20las%20artes%20a%20la%20comunidad' aria-hidden='false' data-av_icon='\ue8f3' data-av_iconfont='entypo-fontello' title='' data-avia-related-tooltip='Compartir en Facebook' rel=\"noopener\"><span class='avia_hidden_link_text'>Compartir en Facebook<\/span><\/a><\/li><li class='av-share-link av-social-link-twitter' ><a target=\"_blank\" aria-label=\"Compartir en Twitter\" href='https:\/\/twitter.com\/share?text=En%20Lago%20Verde%20firman%20convenio%20de%20colaboraci%C3%B3n%20para%20acercar%20la%20cultura%20y%20las%20artes%20a%20la%20comunidad&#038;url=https:\/\/radiorevelacionfm.cl\/?p=3411' aria-hidden='false' data-av_icon='\ue8f1' data-av_iconfont='entypo-fontello' title='' data-avia-related-tooltip='Compartir en Twitter' rel=\"noopener\"><span class='avia_hidden_link_text'>Compartir en Twitter<\/span><\/a><\/li><li class='av-share-link av-social-link-whatsapp' ><a target=\"_blank\" aria-label=\"Compartir en Whatsapp\" href='https:\/\/api.whatsapp.com\/send?text=https:\/\/radiorevelacionfm.cl\/?p=3411' aria-hidden='false' data-av_icon='\uf232' data-av_iconfont='entypo-fontello' title='' data-avia-related-tooltip='Compartir en Whatsapp' rel=\"noopener\"><span class='avia_hidden_link_text'>Compartir en Whatsapp<\/span><\/a><\/li><li class='av-share-link av-social-link-linkedin' ><a target=\"_blank\" aria-label=\"Compartir en LinkedIn\" href='https:\/\/linkedin.com\/shareArticle?mini=true&#038;title=En%20Lago%20Verde%20firman%20convenio%20de%20colaboraci%C3%B3n%20para%20acercar%20la%20cultura%20y%20las%20artes%20a%20la%20comunidad&#038;url=https:\/\/radiorevelacionfm.cl\/?p=3411' aria-hidden='false' data-av_icon='\ue8fc' data-av_iconfont='entypo-fontello' title='' data-avia-related-tooltip='Compartir en LinkedIn' rel=\"noopener\"><span class='avia_hidden_link_text'>Compartir en LinkedIn<\/span><\/a><\/li><li class='av-share-link av-social-link-mail' ><a  aria-label=\"Compartir por correo\" href='mailto:?subject=En%20Lago%20Verde%20firman%20convenio%20de%20colaboraci%C3%B3n%20para%20acercar%20la%20cultura%20y%20las%20artes%20a%20la%20comunidad&#038;body=https:\/\/radiorevelacionfm.cl\/?p=3411' aria-hidden='false' data-av_icon='\ue805' data-av_iconfont='entypo-fontello' title='' data-avia-related-tooltip='Compartir por correo'><span class='avia_hidden_link_text'>Compartir por correo<\/span><\/a><\/li><\/ul><\/div><\/div>\n<div  style='height:50px' class='hr hr-invisible   avia-builder-el-8  el_after_av_social_share  el_before_av_comments_list '><span class='hr-inner ' ><span class='hr-inner-style'><\/span><\/span><\/div>\n<div  class='av-buildercomment  av-blog-meta-html-info-disabled av-blog-meta-tag-disabled  '><\/div>\n","protected":false},"excerpt":{"rendered":"","protected":false},"author":1,"featured_media":0,"comment_status":"open","ping_status":"open","sticky":false,"template":"","format":"standard","meta":{"footnotes":""},"categories":[52],"tags":[],"class_list":["post-3411","post","type-post","status-publish","format-standard","hentry","category-cultura"],"jetpack_featured_media_url":"","_links":{"self":[{"href":"https:\/\/radiorevelacionfm.cl\/index.php?rest_route=\/wp\/v2\/posts\/3411","targetHints":{"allow":["GET"]}}],"collection":[{"href":"https:\/\/radiorevelacionfm.cl\/index.php?rest_route=\/wp\/v2\/posts"}],"about":[{"href":"https:\/\/radiorevelacionfm.cl\/index.php?rest_route=\/wp\/v2\/types\/post"}],"author":[{"embeddable":true,"href":"https:\/\/radiorevelacionfm.cl\/index.php?rest_route=\/wp\/v2\/users\/1"}],"replies":[{"embeddable":true,"href":"https:\/\/radiorevelacionfm.cl\/index.php?rest_route=%2Fwp%2Fv2%2Fcomments&post=3411"}],"version-history":[{"count":3,"href":"https:\/\/radiorevelacionfm.cl\/index.php?rest_route=\/wp\/v2\/posts\/3411\/revisions"}],"predecessor-version":[{"id":3415,"href":"https:\/\/radiorevelacionfm.cl\/index.php?rest_route=\/wp\/v2\/posts\/3411\/revisions\/3415"}],"wp:attachment":[{"href":"https:\/\/radiorevelacionfm.cl\/index.php?rest_route=%2Fwp%2Fv2%2Fmedia&parent=3411"}],"wp:term":[{"taxonomy":"category","embeddable":true,"href":"https:\/\/radiorevelacionfm.cl\/index.php?rest_route=%2Fwp%2Fv2%2Fcategories&post=3411"},{"taxonomy":"post_tag","embeddable":true,"href":"https:\/\/radiorevelacionfm.cl\/index.php?rest_route=%2Fwp%2Fv2%2Ftags&post=3411"}],"curies":[{"name":"wp","href":"https:\/\/api.w.org\/{rel}","templated":true}]}}