{"id":34085,"date":"2023-08-21T21:04:30","date_gmt":"2023-08-22T00:04:30","guid":{"rendered":"https:\/\/radiorevelacionfm.cl\/?p=34085"},"modified":"2023-08-21T21:04:30","modified_gmt":"2023-08-22T00:04:30","slug":"mop-propone-solucion-integral-para-abordar-abastecimiento-de-agua-potable-en-melinka","status":"publish","type":"post","link":"https:\/\/radiorevelacionfm.cl\/?p=34085","title":{"rendered":"MOP propone soluci\u00f3n integral para abordar abastecimiento de agua potable en Melinka"},"content":{"rendered":"<div class=\"flex_column av_one_full  flex_column_div av-zero-column-padding first  avia-builder-el-0  el_before_av_one_full  avia-builder-el-first  \" style='border-radius:0px; '><div  class='avia-image-container  av-styling-    avia-builder-el-1  avia-builder-el-no-sibling  avia-align-center '  itemprop=\"image\" itemscope=\"itemscope\" itemtype=\"https:\/\/schema.org\/ImageObject\"  ><div class='avia-image-container-inner'><div class='avia-image-overlay-wrap'><img decoding=\"async\" class='wp-image-34086 avia-img-lazy-loading-not-34086 avia_image' src=\"https:\/\/radiorevelacionfm.cl\/wp-content\/uploads\/2023\/08\/img-20230821-wa0023-1_optimized.jpg\" alt='' title='img-20230821-wa0023-(1)_optimized' height=\"600\" width=\"800\"  itemprop=\"thumbnailUrl\" srcset=\"https:\/\/radiorevelacionfm.cl\/wp-content\/uploads\/2023\/08\/img-20230821-wa0023-1_optimized.jpg 800w, https:\/\/radiorevelacionfm.cl\/wp-content\/uploads\/2023\/08\/img-20230821-wa0023-1_optimized-300x225.jpg 300w, https:\/\/radiorevelacionfm.cl\/wp-content\/uploads\/2023\/08\/img-20230821-wa0023-1_optimized-768x576.jpg 768w, https:\/\/radiorevelacionfm.cl\/wp-content\/uploads\/2023\/08\/img-20230821-wa0023-1_optimized-705x529.jpg 705w, https:\/\/radiorevelacionfm.cl\/wp-content\/uploads\/2023\/08\/img-20230821-wa0023-1_optimized-450x338.jpg 450w, https:\/\/radiorevelacionfm.cl\/wp-content\/uploads\/2023\/08\/img-20230821-wa0023-1_optimized-600x450.jpg 600w\" sizes=\"(max-width: 800px) 100vw, 800px\" \/><\/div><\/div><\/div><\/div><div class=\"flex_column av_one_full  flex_column_div av-zero-column-padding first  avia-builder-el-2  el_after_av_one_full  el_before_av_one_full  column-top-margin\" style='border-radius:0px; '><section class=\"av_textblock_section \"  itemscope=\"itemscope\" itemtype=\"https:\/\/schema.org\/BlogPosting\" itemprop=\"blogPost\" ><div class='avia_textblock  '   itemprop=\"text\" ><p style=\"text-align: center;\"><strong><span style=\"font-size: 18pt;\">MOP propone soluci\u00f3n integral para abordar abastecimiento de agua potable en Melinka<\/span><\/strong><\/p>\n<div id=\"gtx-trans\" style=\"position: absolute; left: -50px; top: 4.31534px;\">\n<div class=\"gtx-trans-icon\"><\/div>\n<\/div>\n<\/div><\/section><\/div><div class=\"flex_column av_one_full  flex_column_div av-zero-column-padding first  avia-builder-el-4  el_after_av_one_full  el_before_av_hr  column-top-margin\" style='border-radius:0px; '><section class=\"av_textblock_section \"  itemscope=\"itemscope\" itemtype=\"https:\/\/schema.org\/BlogPosting\" itemprop=\"blogPost\" ><div class='avia_textblock  '   itemprop=\"text\" ><p style=\"text-align: justify;\">En Melinka estuvieron entre el 16 y el 20 de agosto los funcionarios de la Direcci\u00f3n Regional de Obras Hidr\u00e1ulicas del MOP para realizar una exhaustiva inspecci\u00f3n a todo el sistema del Servicio Sanitario Rural (SSR-MOP), con el objeto de determinar las causas de los problemas de abastecimiento de agua potable que ten\u00eda esta localidad y apoyar t\u00e9cnicamente la b\u00fasqueda de soluciones integrales, para las m\u00e1s de 1.789 personas usuarias de este servicio.<\/p>\n<p style=\"text-align: justify;\">Al respecto, el Director Regional de Obras Hidr\u00e1ulicas (DOH-MOP), Francisco Real Bahamonde se\u00f1al\u00f3 \u201chasta Melinka lleg\u00f3 un equipo profesional compuesto por Pablo Rojas Ojeda, V\u00edctor Figueroa Legue y Cristi\u00e1n Barahona Larrere, momento en que se diagnostic\u00f3 que en toda la l\u00ednea de producci\u00f3n de agua desde la captaci\u00f3n hasta la red de distribuci\u00f3n, el agua que ingresa es suficiente para abastecer el consumo de la localidad, por lo tanto y una vez efectuadas todas estas gestiones se pudo determinar que la causa de la problem\u00e1tica se encuentra en la distribuci\u00f3n del agua, la que presentaba fugas, as\u00ed como tambi\u00e9n debido a que el servicio tiene un cobro fijo por el uso del agua potable -independientemente de que se consuma poca o harta agua- esto trae como consecuencia que no se mide el gasto y se genera sobre consumo. Adem\u00e1s, va a ser necesario automatizar el sistema para no depender de que una persona encienda y apague el generador el\u00e9ctrico que tiene el sistema, para abastecer con agua potable a la poblaci\u00f3n cuando exista corte de luz en la localidad\u201d.<\/p>\n<p style=\"text-align: justify;\">Actualmente, Melinka se encuentra con el abastecimiento de agua potable normalizado, y nuestros profesionales se reunieron con la comunidad y las autoridades locales con el fin de comentarles los trabajos realizados, las causas de la falta de agua y las soluciones a mediano y largo plazo en las que se encuentran trabajando, con el objeto de generar impactos positivos en la operatividad del sistema, \u201ccomo Direcci\u00f3n de Obras Hidr\u00e1ulicas vamos a trabajar conjuntamente con la comunidad y el Servicio Sanitario Rural, en un proceso colaborativo y abordando las problem\u00e1ticas m\u00e1s urgentes que los afectan a trav\u00e9s de conservaciones de emergencia, y mediante \u00a0proyectos de alta inversi\u00f3n p\u00fablica, que permitan mejorar en forma integral y significativa el nivel de calidad del servicio que se les entrega, pero tambi\u00e9n necesitamos que la comunidad tome conciencia respecto a que el agua es un bien escaso y que todos y todas debemos cuidarlo, por lo tanto la invitaci\u00f3n es a usar el agua en su justa medida\u201d, asegur\u00f3 la autoridad regional de Obras Hidr\u00e1ulicas del MOP.<\/p>\n<p style=\"text-align: justify;\">\u201cDe esta forma, destacamos que durante el a\u00f1o 2020-2022 se desarrollaron trabajos de consultor\u00eda, lo que nos permitir\u00e1 avanzar y abordar una soluci\u00f3n integral que mejore y ampl\u00ede las actuales instalaciones, incluyendo una nueva captaci\u00f3n desde la Laguna Granizo, un nuevo estanque de regulaci\u00f3n y la reposici\u00f3n total de la red de distribuci\u00f3n. El presupuesto para este proyecto es de $8.793 millones, y ser\u00e1 postulado al proceso presupuestario vigente a fines del mes de septiembre del a\u00f1o en curso, para la evaluaci\u00f3n del Ministerio de Desarrollo Social y Familia (MDSyF) Regi\u00f3n de Ays\u00e9n. Paralelamente, la Subdirecci\u00f3n de Servicios Sanitarios Rurales (SSR-MOP) Regi\u00f3n de Ays\u00e9n, generar\u00e1 los antecedentes para realizar una conservaci\u00f3n de emergencia, que se licitar\u00e1 la primera quincena de septiembre, para subsanar los problemas m\u00e1s complejos detectados en la inspecci\u00f3n realizada la semana pasada. El presupuesto estimado para realizar esta conservaci\u00f3n para la localidad de Melinka alcanza los $150 millones. Tambi\u00e9n, en un trabajo coordinado entre la Municipalidad de Las Guaitecas, Subdere, el Gobierno Regional de Ays\u00e9n y el MOP se invertir\u00e1n $300 millones en obras de conservaci\u00f3n. Adem\u00e1s, hoy estamos generando los antecedentes para realizar una conservaci\u00f3n de la l\u00ednea de aducci\u00f3n desde la captaci\u00f3n actual, estanque secundario y recambio de redes de distribuci\u00f3n, la que ser\u00e1 postulada a admisibilidad por el Ministerio de Desarrollo Social y Familia desde nivel central, para poder contar con ella durante el segundo semestre de este a\u00f1o, y poder iniciar las obras a contar del primer semestre del pr\u00f3ximo a\u00f1o presupuestario 2024\u201d, concluy\u00f3 Francisco Real.<\/p>\n<\/div><\/section><\/div><div  style='height:50px' class='hr hr-invisible   avia-builder-el-6  el_after_av_one_full  el_before_av_social_share '><span class='hr-inner ' ><span class='hr-inner-style'><\/span><\/span><\/div><\/p>\n<div  class='av-social-sharing-box  avia-builder-el-7  el_after_av_hr  el_before_av_hr  '><div class='av-share-box'><h5 class='av-share-link-description av-no-toc '>Compartir esta noticia<\/h5><ul class='av-share-box-list noLightbox'><li class='av-share-link av-social-link-facebook' ><a target=\"_blank\" aria-label=\"Compartir en Facebook\" href='https:\/\/www.facebook.com\/sharer.php?u=https:\/\/radiorevelacionfm.cl\/?p=34085&#038;t=MOP%20propone%20soluci%C3%B3n%20integral%20para%20abordar%20abastecimiento%20de%20agua%20potable%20en%20Melinka' aria-hidden='false' data-av_icon='\ue8f3' data-av_iconfont='entypo-fontello' title='' data-avia-related-tooltip='Compartir en Facebook' rel=\"noopener\"><span class='avia_hidden_link_text'>Compartir en Facebook<\/span><\/a><\/li><li class='av-share-link av-social-link-twitter' ><a target=\"_blank\" aria-label=\"Compartir en Twitter\" href='https:\/\/twitter.com\/share?text=MOP%20propone%20soluci%C3%B3n%20integral%20para%20abordar%20abastecimiento%20de%20agua%20potable%20en%20Melinka&#038;url=https:\/\/radiorevelacionfm.cl\/?p=34085' aria-hidden='false' data-av_icon='\ue8f1' data-av_iconfont='entypo-fontello' title='' data-avia-related-tooltip='Compartir en Twitter' rel=\"noopener\"><span class='avia_hidden_link_text'>Compartir en Twitter<\/span><\/a><\/li><li class='av-share-link av-social-link-whatsapp' ><a target=\"_blank\" aria-label=\"Compartir en Whatsapp\" href='https:\/\/api.whatsapp.com\/send?text=https:\/\/radiorevelacionfm.cl\/?p=34085' aria-hidden='false' data-av_icon='\uf232' data-av_iconfont='entypo-fontello' title='' data-avia-related-tooltip='Compartir en Whatsapp' rel=\"noopener\"><span class='avia_hidden_link_text'>Compartir en Whatsapp<\/span><\/a><\/li><li class='av-share-link av-social-link-linkedin' ><a target=\"_blank\" aria-label=\"Compartir en LinkedIn\" href='https:\/\/linkedin.com\/shareArticle?mini=true&#038;title=MOP%20propone%20soluci%C3%B3n%20integral%20para%20abordar%20abastecimiento%20de%20agua%20potable%20en%20Melinka&#038;url=https:\/\/radiorevelacionfm.cl\/?p=34085' aria-hidden='false' data-av_icon='\ue8fc' data-av_iconfont='entypo-fontello' title='' data-avia-related-tooltip='Compartir en LinkedIn' rel=\"noopener\"><span class='avia_hidden_link_text'>Compartir en LinkedIn<\/span><\/a><\/li><li class='av-share-link av-social-link-mail' ><a  aria-label=\"Compartir por correo\" href='mailto:?subject=MOP%20propone%20soluci%C3%B3n%20integral%20para%20abordar%20abastecimiento%20de%20agua%20potable%20en%20Melinka&#038;body=https:\/\/radiorevelacionfm.cl\/?p=34085' aria-hidden='false' data-av_icon='\ue805' data-av_iconfont='entypo-fontello' title='' data-avia-related-tooltip='Compartir por correo'><span class='avia_hidden_link_text'>Compartir por correo<\/span><\/a><\/li><\/ul><\/div><\/div>\n<div  style='height:50px' class='hr hr-invisible   avia-builder-el-8  el_after_av_social_share  el_before_av_comments_list '><span class='hr-inner ' ><span class='hr-inner-style'><\/span><\/span><\/div>\n<div  class='av-buildercomment  av-blog-meta-html-info-disabled av-blog-meta-tag-disabled  '><\/div>\n","protected":false},"excerpt":{"rendered":"","protected":false},"author":1,"featured_media":34086,"comment_status":"open","ping_status":"open","sticky":false,"template":"","format":"standard","meta":{"footnotes":""},"categories":[38],"tags":[],"class_list":["post-34085","post","type-post","status-publish","format-standard","has-post-thumbnail","hentry","category-regional"],"jetpack_featured_media_url":"https:\/\/radiorevelacionfm.cl\/wp-content\/uploads\/2023\/08\/img-20230821-wa0023-1_optimized.jpg","_links":{"self":[{"href":"https:\/\/radiorevelacionfm.cl\/index.php?rest_route=\/wp\/v2\/posts\/34085","targetHints":{"allow":["GET"]}}],"collection":[{"href":"https:\/\/radiorevelacionfm.cl\/index.php?rest_route=\/wp\/v2\/posts"}],"about":[{"href":"https:\/\/radiorevelacionfm.cl\/index.php?rest_route=\/wp\/v2\/types\/post"}],"author":[{"embeddable":true,"href":"https:\/\/radiorevelacionfm.cl\/index.php?rest_route=\/wp\/v2\/users\/1"}],"replies":[{"embeddable":true,"href":"https:\/\/radiorevelacionfm.cl\/index.php?rest_route=%2Fwp%2Fv2%2Fcomments&post=34085"}],"version-history":[{"count":1,"href":"https:\/\/radiorevelacionfm.cl\/index.php?rest_route=\/wp\/v2\/posts\/34085\/revisions"}],"predecessor-version":[{"id":34087,"href":"https:\/\/radiorevelacionfm.cl\/index.php?rest_route=\/wp\/v2\/posts\/34085\/revisions\/34087"}],"wp:featuredmedia":[{"embeddable":true,"href":"https:\/\/radiorevelacionfm.cl\/index.php?rest_route=\/wp\/v2\/media\/34086"}],"wp:attachment":[{"href":"https:\/\/radiorevelacionfm.cl\/index.php?rest_route=%2Fwp%2Fv2%2Fmedia&parent=34085"}],"wp:term":[{"taxonomy":"category","embeddable":true,"href":"https:\/\/radiorevelacionfm.cl\/index.php?rest_route=%2Fwp%2Fv2%2Fcategories&post=34085"},{"taxonomy":"post_tag","embeddable":true,"href":"https:\/\/radiorevelacionfm.cl\/index.php?rest_route=%2Fwp%2Fv2%2Ftags&post=34085"}],"curies":[{"name":"wp","href":"https:\/\/api.w.org\/{rel}","templated":true}]}}