{"id":34082,"date":"2023-08-22T11:31:29","date_gmt":"2023-08-22T14:31:29","guid":{"rendered":"https:\/\/radiorevelacionfm.cl\/?p=34082"},"modified":"2023-08-22T11:31:29","modified_gmt":"2023-08-22T14:31:29","slug":"ya-esta-disponible-el-fondo-de-proteccion-ambiental-2024","status":"publish","type":"post","link":"https:\/\/radiorevelacionfm.cl\/?p=34082","title":{"rendered":"Ya est\u00e1 disponible el Fondo de Protecci\u00f3n Ambiental 2024"},"content":{"rendered":"<div class=\"flex_column av_one_full  flex_column_div av-zero-column-padding first  avia-builder-el-0  el_before_av_one_full  avia-builder-el-first  \" style='border-radius:0px; '><div  class='avia-image-container  av-styling-    avia-builder-el-1  avia-builder-el-no-sibling  avia-align-center '  itemprop=\"image\" itemscope=\"itemscope\" itemtype=\"https:\/\/schema.org\/ImageObject\"  ><div class='avia-image-container-inner'><div class='avia-image-overlay-wrap'><img decoding=\"async\" class='wp-image-34083 avia-img-lazy-loading-not-34083 avia_image' src=\"https:\/\/radiorevelacionfm.cl\/wp-content\/uploads\/2023\/08\/img_2827-1-1_optimized.jpg\" alt='' title='img_2827-(1)-(1)_optimized' height=\"600\" width=\"1067\"  itemprop=\"thumbnailUrl\" srcset=\"https:\/\/radiorevelacionfm.cl\/wp-content\/uploads\/2023\/08\/img_2827-1-1_optimized.jpg 1067w, https:\/\/radiorevelacionfm.cl\/wp-content\/uploads\/2023\/08\/img_2827-1-1_optimized-300x169.jpg 300w, https:\/\/radiorevelacionfm.cl\/wp-content\/uploads\/2023\/08\/img_2827-1-1_optimized-1030x579.jpg 1030w, https:\/\/radiorevelacionfm.cl\/wp-content\/uploads\/2023\/08\/img_2827-1-1_optimized-768x432.jpg 768w, https:\/\/radiorevelacionfm.cl\/wp-content\/uploads\/2023\/08\/img_2827-1-1_optimized-705x396.jpg 705w, https:\/\/radiorevelacionfm.cl\/wp-content\/uploads\/2023\/08\/img_2827-1-1_optimized-450x253.jpg 450w, https:\/\/radiorevelacionfm.cl\/wp-content\/uploads\/2023\/08\/img_2827-1-1_optimized-600x337.jpg 600w\" sizes=\"(max-width: 1067px) 100vw, 1067px\" \/><\/div><\/div><\/div><\/div><div class=\"flex_column av_one_full  flex_column_div av-zero-column-padding first  avia-builder-el-2  el_after_av_one_full  el_before_av_one_full  column-top-margin\" style='border-radius:0px; '><section class=\"av_textblock_section \"  itemscope=\"itemscope\" itemtype=\"https:\/\/schema.org\/BlogPosting\" itemprop=\"blogPost\" ><div class='avia_textblock  '   itemprop=\"text\" ><p style=\"text-align: center;\"><strong><span style=\"font-size: 18pt;\">Ya est\u00e1 disponible el Fondo de Protecci\u00f3n Ambiental 2024<\/span><\/strong><\/p>\n<div id=\"gtx-trans\" style=\"position: absolute; left: -50px; top: 4.31534px;\">\n<div class=\"gtx-trans-icon\"><\/div>\n<\/div>\n<\/div><\/section><\/div><div class=\"flex_column av_one_full  flex_column_div av-zero-column-padding first  avia-builder-el-4  el_after_av_one_full  el_before_av_hr  column-top-margin\" style='border-radius:0px; '><section class=\"av_textblock_section \"  itemscope=\"itemscope\" itemtype=\"https:\/\/schema.org\/BlogPosting\" itemprop=\"blogPost\" ><div class='avia_textblock  '   itemprop=\"text\" ><p style=\"text-align: justify;\">Desde el colegio Santa Teresa de Los Andes, de Puerto Ays\u00e9n, autoridades y comunidad educativa dieron el anuncio oficial en la regi\u00f3n de Ays\u00e9n de los Fondos de Protecci\u00f3n Ambiental FPA 2024, del Ministerio del Medio Ambiente.<\/p>\n<p style=\"text-align: justify;\">El Fondo de Protecci\u00f3n Ambiental (FPA) es el primer fondo concursable de car\u00e1cter nacional con que cuenta el Estado de Chile para apoyar iniciativas ambientales presentadas por la ciudadan\u00eda. \u201cComo Gobierno estamos muy contentos de presentar hoy el inicio del FPA 2024, estos fondos son nuestra herramienta territorial ambiental para dar el \u00e9nfasis en las necesidades que tiene cada una de las comunidades\u201d destac\u00f3 el SEREMI del Medio Ambiente, Yoal D\u00edaz, indicando que para esta postulaci\u00f3n se han considerado tres concursos donde los y las postulantes podr\u00e1n optar por el financiamiento de hasta seis millos de pesos por iniciativa.<\/p>\n<p style=\"text-align: justify;\">Las l\u00edneas de postulaci\u00f3n disponibles desde el 16 de agosto y que estar\u00e1n abiertas hasta el 26 de septiembre, se dividen en: Proyectos Sustentables Ciudadanos, \u00a0dirigido a personas jur\u00eddicas, de derecho privado, sin fines de como Juntas de vecinos, consejos vecinales de desarrollo, centros de madres, centros culturales y art\u00edsticos, organizaciones deportivas, organizaciones juveniles, comunidades agr\u00edcolas y asociaciones gremiales; Proyectos Sustentables en Establecimientos Educacionales, \u00a0destinado a centros de padres y apoderados; y la tercera l\u00ednea corresponde a Proyectos Sustentables para Pueblos Ind\u00edgenas, \u00a0dirigido exclusivamente a comunidades y asociaciones ind\u00edgenas, reconocidas por CONADI.<\/p>\n<p style=\"text-align: justify;\">Las organizaciones pueden presentar proyectos relacionados con ecot\u00e9cnias h\u00eddricas; cambio clim\u00e1tico y descontaminaci\u00f3n ambiental; econom\u00eda circular y gesti\u00f3n de residuos; valoraci\u00f3n y conservaci\u00f3n de la biodiversidad y; eficiencia h\u00eddrica y energ\u00e9tica.<\/p>\n<p style=\"text-align: justify;\"><strong>Upcyling textil para promover el consumo consciente <\/strong><\/p>\n<p style=\"text-align: justify;\">El SEREMI del Medio Ambiente, junto al Delegado Presidencial Provincial de Ays\u00e9n, concejalas de la comuna de Ays\u00e9n y comunidad educativa del Colegio Santa Teresa se reunieron para dar el anuncio de la apertura de fondos 2024, compartiendo la experiencia que el establecimiento educacional, a trav\u00e9s de su centro general de padres, adjudic\u00f3 para desarrollar durante 2023.<\/p>\n<p style=\"text-align: justify;\">La comunidad educativa, liderada por el director, Sebasti\u00e1n Steinmayer, present\u00f3 aspectos relevantes de la gesti\u00f3n ambiental que el establecimiento lleva a cabo y, en particular, la profesora Carolina Vega comparti\u00f3 los detalles del FPA \u201cUpcycling textil, un primer paso al consumo consciente\u201d en donde dispondr\u00e1n de m\u00e1quinas de coser adquiridas a trav\u00e9s del fondo \u201ceste es un proyecto que tiene por objeto educar a la comunidad sobre el consumo consciente, para eso se vale de diversos ejes, como con los m\u00e1s peque\u00f1os abordar la historia del consumo responsable; con aquellos m\u00e1s grandes generar prendas textiles a trav\u00e9s de asignaturas de educaci\u00f3n tecnol\u00f3gica y lo interesante, es la implementaci\u00f3n de un taller de costura y generar con eso un capital humano que nos permita instalar en un futuro cercano un taller de reciclaje textil\u201d, explic\u00f3 la profesora. Por su parte la estudiante y miembro del centro general de alumnos Celeste D\u00edaz, manifest\u00f3 su alegr\u00eda por el proyecto, que espera cuente con la motivaci\u00f3n de sus compa\u00f1eros y compa\u00f1eras \u201ces un proyecto muy lindo que tiene todo para triunfar, creo que va a motivar a toda la comunidad escolar y ojal\u00e1 as\u00ed sea, porque es un proyecto que tiene de todo, tiene para desarrollar la creatividad, para aportar al medio ambiente, \u00a1es perfecto!\u201d.<\/p>\n<p style=\"text-align: justify;\">As\u00ed tambi\u00e9n la Presidenta del Centro de Padres y Apoderados, Mar\u00eda Cecilia Pino, destac\u00f3 la iniciativa que se condice con el sello ambiental del colegio que cuenta con un equipo que est\u00e1 en la constante b\u00fasqueda de proyectos e iniciativas para aportar desde la educaci\u00f3n ambiental a los desaf\u00edos que se presentan a nivel comunal, regional y planetario \u201cinvitamos tambi\u00e9n a las organizaciones, a centros de padres, a la c\u00e1mara de comercio de Puerto Ays\u00e9n a revisar las bases del FPA, seguro hay mucho que hacer, hay espacio para ponernos creativos y plantear iniciativas que vayan en aporte a cuidar nuestro entorno\u201d.<\/p>\n<p style=\"text-align: justify;\">Finalmente, el Delegado Presidencial Provincial de Ays\u00e9n, Jorge D\u00edaz, destac\u00f3 la importancia de esta pol\u00edtica p\u00fablica que promueven y entregan oportunidades, en este caso a los j\u00f3venes, para participar de acciones en beneficio del medio ambiente \u201cNuestro Gobierno al promover este tipo de pol\u00edtica p\u00fablica tambi\u00e9n pone en el centro del debate de la ciudadan\u00eda el deterioro ambiental que tenemos no solo como provincia o pa\u00eds, sino tambi\u00e9n como planeta\u201d.<\/p>\n<p style=\"text-align: justify;\"><strong>\u00bfC\u00f3mo postular?<\/strong><\/p>\n<p style=\"text-align: justify;\">Todos los proyectos deber\u00e1n considerar aspectos de educaci\u00f3n ambiental como un pilar transversal, con el objeto que sea la misma organizaci\u00f3n beneficiaria la que contribuya a la generaci\u00f3n de una cultura ambiental en el entorno en que se encuentra inserta.<\/p>\n<p style=\"text-align: justify;\">Las postulaciones se realizan a trav\u00e9s del sitio fondos.mma.gob.cl, donde adem\u00e1s est\u00e1n disponibles las bases para cada l\u00ednea; adem\u00e1s el Ministerio de Medio ambiente pondr\u00e1 a disposici\u00f3n jornadas de capacitaci\u00f3n online para cada concurso los d\u00edas 24, 29 y 31 de agosto, cuyos detalles y link de inscripci\u00f3n est\u00e1n disponibles en las redes sociales de la SEREMI del Medio Ambiente de Ays\u00e9n.<\/p>\n<\/div><\/section><\/div><div  style='height:50px' class='hr hr-invisible   avia-builder-el-6  el_after_av_one_full  el_before_av_social_share '><span class='hr-inner ' ><span class='hr-inner-style'><\/span><\/span><\/div><\/p>\n<div  class='av-social-sharing-box  avia-builder-el-7  el_after_av_hr  el_before_av_hr  '><div class='av-share-box'><h5 class='av-share-link-description av-no-toc '>Compartir esta noticia<\/h5><ul class='av-share-box-list noLightbox'><li class='av-share-link av-social-link-facebook' ><a target=\"_blank\" aria-label=\"Compartir en Facebook\" href='https:\/\/www.facebook.com\/sharer.php?u=https:\/\/radiorevelacionfm.cl\/?p=34082&#038;t=Ya%20est%C3%A1%20disponible%20el%20Fondo%20de%20Protecci%C3%B3n%20Ambiental%202024' aria-hidden='false' data-av_icon='\ue8f3' data-av_iconfont='entypo-fontello' title='' data-avia-related-tooltip='Compartir en Facebook' rel=\"noopener\"><span class='avia_hidden_link_text'>Compartir en Facebook<\/span><\/a><\/li><li class='av-share-link av-social-link-twitter' ><a target=\"_blank\" aria-label=\"Compartir en Twitter\" href='https:\/\/twitter.com\/share?text=Ya%20est%C3%A1%20disponible%20el%20Fondo%20de%20Protecci%C3%B3n%20Ambiental%202024&#038;url=https:\/\/radiorevelacionfm.cl\/?p=34082' aria-hidden='false' data-av_icon='\ue8f1' data-av_iconfont='entypo-fontello' title='' data-avia-related-tooltip='Compartir en Twitter' rel=\"noopener\"><span class='avia_hidden_link_text'>Compartir en Twitter<\/span><\/a><\/li><li class='av-share-link av-social-link-whatsapp' ><a target=\"_blank\" aria-label=\"Compartir en Whatsapp\" href='https:\/\/api.whatsapp.com\/send?text=https:\/\/radiorevelacionfm.cl\/?p=34082' aria-hidden='false' data-av_icon='\uf232' data-av_iconfont='entypo-fontello' title='' data-avia-related-tooltip='Compartir en Whatsapp' rel=\"noopener\"><span class='avia_hidden_link_text'>Compartir en Whatsapp<\/span><\/a><\/li><li class='av-share-link av-social-link-linkedin' ><a target=\"_blank\" aria-label=\"Compartir en LinkedIn\" href='https:\/\/linkedin.com\/shareArticle?mini=true&#038;title=Ya%20est%C3%A1%20disponible%20el%20Fondo%20de%20Protecci%C3%B3n%20Ambiental%202024&#038;url=https:\/\/radiorevelacionfm.cl\/?p=34082' aria-hidden='false' data-av_icon='\ue8fc' data-av_iconfont='entypo-fontello' title='' data-avia-related-tooltip='Compartir en LinkedIn' rel=\"noopener\"><span class='avia_hidden_link_text'>Compartir en LinkedIn<\/span><\/a><\/li><li class='av-share-link av-social-link-mail' ><a  aria-label=\"Compartir por correo\" href='mailto:?subject=Ya%20est%C3%A1%20disponible%20el%20Fondo%20de%20Protecci%C3%B3n%20Ambiental%202024&#038;body=https:\/\/radiorevelacionfm.cl\/?p=34082' aria-hidden='false' data-av_icon='\ue805' data-av_iconfont='entypo-fontello' title='' data-avia-related-tooltip='Compartir por correo'><span class='avia_hidden_link_text'>Compartir por correo<\/span><\/a><\/li><\/ul><\/div><\/div>\n<div  style='height:50px' class='hr hr-invisible   avia-builder-el-8  el_after_av_social_share  el_before_av_comments_list '><span class='hr-inner ' ><span class='hr-inner-style'><\/span><\/span><\/div>\n<div  class='av-buildercomment  av-blog-meta-html-info-disabled av-blog-meta-tag-disabled  '><\/div>\n","protected":false},"excerpt":{"rendered":"","protected":false},"author":1,"featured_media":34083,"comment_status":"open","ping_status":"open","sticky":false,"template":"","format":"standard","meta":{"footnotes":""},"categories":[39],"tags":[],"class_list":["post-34082","post","type-post","status-publish","format-standard","has-post-thumbnail","hentry","category-medio-ambiente"],"jetpack_featured_media_url":"https:\/\/radiorevelacionfm.cl\/wp-content\/uploads\/2023\/08\/img_2827-1-1_optimized.jpg","_links":{"self":[{"href":"https:\/\/radiorevelacionfm.cl\/index.php?rest_route=\/wp\/v2\/posts\/34082","targetHints":{"allow":["GET"]}}],"collection":[{"href":"https:\/\/radiorevelacionfm.cl\/index.php?rest_route=\/wp\/v2\/posts"}],"about":[{"href":"https:\/\/radiorevelacionfm.cl\/index.php?rest_route=\/wp\/v2\/types\/post"}],"author":[{"embeddable":true,"href":"https:\/\/radiorevelacionfm.cl\/index.php?rest_route=\/wp\/v2\/users\/1"}],"replies":[{"embeddable":true,"href":"https:\/\/radiorevelacionfm.cl\/index.php?rest_route=%2Fwp%2Fv2%2Fcomments&post=34082"}],"version-history":[{"count":1,"href":"https:\/\/radiorevelacionfm.cl\/index.php?rest_route=\/wp\/v2\/posts\/34082\/revisions"}],"predecessor-version":[{"id":34084,"href":"https:\/\/radiorevelacionfm.cl\/index.php?rest_route=\/wp\/v2\/posts\/34082\/revisions\/34084"}],"wp:featuredmedia":[{"embeddable":true,"href":"https:\/\/radiorevelacionfm.cl\/index.php?rest_route=\/wp\/v2\/media\/34083"}],"wp:attachment":[{"href":"https:\/\/radiorevelacionfm.cl\/index.php?rest_route=%2Fwp%2Fv2%2Fmedia&parent=34082"}],"wp:term":[{"taxonomy":"category","embeddable":true,"href":"https:\/\/radiorevelacionfm.cl\/index.php?rest_route=%2Fwp%2Fv2%2Fcategories&post=34082"},{"taxonomy":"post_tag","embeddable":true,"href":"https:\/\/radiorevelacionfm.cl\/index.php?rest_route=%2Fwp%2Fv2%2Ftags&post=34082"}],"curies":[{"name":"wp","href":"https:\/\/api.w.org\/{rel}","templated":true}]}}