{"id":3408,"date":"2021-04-22T20:23:58","date_gmt":"2021-04-22T23:23:58","guid":{"rendered":"https:\/\/radiorevelacionfm.cl\/?p=3408"},"modified":"2021-04-22T20:23:58","modified_gmt":"2021-04-22T23:23:58","slug":"en-el-dia-de-la-tierra-realizan-jornada-de-limpieza-del-borde-lacustre-en-chile-chico","status":"publish","type":"post","link":"https:\/\/radiorevelacionfm.cl\/?p=3408","title":{"rendered":"En el d\u00eda de la Tierra realizan jornada de limpieza del borde lacustre en Chile Chico"},"content":{"rendered":"<div class=\"flex_column av_one_full  flex_column_div av-zero-column-padding first  avia-builder-el-0  el_before_av_one_full  avia-builder-el-first  \" style='border-radius:0px; '><div  class='avia-image-container  av-styling-    avia-builder-el-1  avia-builder-el-no-sibling  avia-align-center '  itemprop=\"image\" itemscope=\"itemscope\" itemtype=\"https:\/\/schema.org\/ImageObject\"  ><div class='avia-image-container-inner'><div class='avia-image-overlay-wrap'><img decoding=\"async\" class='wp-image-0 avia-img-lazy-loading-not-0 avia_image' src=\"https:\/\/radiorevelacionfm.cl\/wp-content\/uploads\/2021\/04\/borde-lacustre-1_optimized.jpeg\" alt='' title=''   itemprop=\"thumbnailUrl\"  \/><\/div><\/div><\/div><\/div><div class=\"flex_column av_one_full  flex_column_div av-zero-column-padding first  avia-builder-el-2  el_after_av_one_full  el_before_av_one_full  column-top-margin\" style='border-radius:0px; '><section class=\"av_textblock_section \"  itemscope=\"itemscope\" itemtype=\"https:\/\/schema.org\/BlogPosting\" itemprop=\"blogPost\" ><div class='avia_textblock  '   itemprop=\"text\" ><p style=\"text-align: center;\"><strong><span style=\"font-size: 18pt;\">En el d\u00eda de la Tierra realizan jornada de limpieza del borde lacustre en Chile Chico<\/span><\/strong><\/p>\n<div id=\"gtx-trans\" style=\"position: absolute; left: -50px; top: 4.31534px;\">\n<div class=\"gtx-trans-icon\"><\/div>\n<\/div>\n<\/div><\/section><\/div><div class=\"flex_column av_one_full  flex_column_div av-zero-column-padding first  avia-builder-el-4  el_after_av_one_full  el_before_av_hr  column-top-margin\" style='border-radius:0px; '><section class=\"av_textblock_section \"  itemscope=\"itemscope\" itemtype=\"https:\/\/schema.org\/BlogPosting\" itemprop=\"blogPost\" ><div class='avia_textblock  '   itemprop=\"text\" ><p style=\"text-align: justify;\">La Oficina de Medio Ambiente en conjunto a Prodesal de la Municipalidad de Chile Chico, organizaron una jornada de limpieza del borde cortero, esto en el marco del d\u00eda de la Tierra. Actividad en la que participaron activamente ni\u00f1os y ni\u00f1as del cuarto b\u00e1sico de la escuela local, funcionarias de la OPD y galp\u00f3n municipal.<\/p>\n<p style=\"text-align: justify;\">Patricia Salgado, profesional a cargo de la oficina de Medio Ambiente, destac\u00f3 sobre esta iniciativa.<\/p>\n<p style=\"text-align: justify;\">\u201cRealizamos una jornada de limpieza de nuestro borde lacustre, en el marco de la conmemoraci\u00f3n del d\u00eda de la Tierra. Esta actividad fue en conjunto con la comunidad estudiantil de nuestra escuela b\u00e1sica de Chile Chico, la OPD, la oficina de Prodesal y galp\u00f3n municipal. Recordar que esta fecha es sumamente importante, porque nos invita a reflexionar sobre el impacto de nosotros en nuestro entorno, nuestro medio ambiente y sobre todo nuestra tierra. Tambi\u00e9n comentar que, estuvimos recorriendo el borde lacustre, recolectando una gran cantidad de residuos s\u00f3lidos domiciliarios y muchas mascarillas\u201d.<\/p>\n<p style=\"text-align: justify;\">Con el apoyo de Carolina Lazo, directora de la escuela de Chile Chico, ni\u00f1os y ni\u00f1as de cuarto b\u00e1sico fueron parte de la actividad realizada en el borde del lago General Carrera. Los estudiantes estuvieron acompa\u00f1ados por la profesora Paola Antil, quien puso en valor la iniciativa. \u201cMuy importante, porque los ni\u00f1os toman conciencia de lo que es tener un lago, una playa, su ambiente limpio, que puedan respirar tranquilos en el lugar donde ellos quieren ir. Adem\u00e1s, esto les sirve para cuando sean adolescentes, recordar que alguna vez limpiaron esta playa, limpiaron su lago y no hagan lo mismo que hace el resto, dejar basura en el borde lacustre\u201d.<\/p>\n<p style=\"text-align: justify;\">Esta actividad se suma a otras que realiza permanentemente la oficina de medio ambiente de la Municipalidad de Chile Chico, donde siempre se ha destacado la participaci\u00f3n de la escuela b\u00e1sica y la OPD.<\/p>\n<\/div><\/section><\/div><div  style='height:50px' class='hr hr-invisible   avia-builder-el-6  el_after_av_one_full  el_before_av_social_share '><span class='hr-inner ' ><span class='hr-inner-style'><\/span><\/span><\/div><\/p>\n<div  class='av-social-sharing-box  avia-builder-el-7  el_after_av_hr  el_before_av_hr  '><div class='av-share-box'><h5 class='av-share-link-description av-no-toc '>Compartir esta noticia<\/h5><ul class='av-share-box-list noLightbox'><li class='av-share-link av-social-link-facebook' ><a target=\"_blank\" aria-label=\"Compartir en Facebook\" href='https:\/\/www.facebook.com\/sharer.php?u=https:\/\/radiorevelacionfm.cl\/?p=3408&#038;t=En%20el%20d%C3%ADa%20de%20la%20Tierra%20realizan%20jornada%20de%20limpieza%20del%20borde%20lacustre%20en%20Chile%20Chico' aria-hidden='false' data-av_icon='\ue8f3' data-av_iconfont='entypo-fontello' title='' data-avia-related-tooltip='Compartir en Facebook' rel=\"noopener\"><span class='avia_hidden_link_text'>Compartir en Facebook<\/span><\/a><\/li><li class='av-share-link av-social-link-twitter' ><a target=\"_blank\" aria-label=\"Compartir en Twitter\" href='https:\/\/twitter.com\/share?text=En%20el%20d%C3%ADa%20de%20la%20Tierra%20realizan%20jornada%20de%20limpieza%20del%20borde%20lacustre%20en%20Chile%20Chico&#038;url=https:\/\/radiorevelacionfm.cl\/?p=3408' aria-hidden='false' data-av_icon='\ue8f1' data-av_iconfont='entypo-fontello' title='' data-avia-related-tooltip='Compartir en Twitter' rel=\"noopener\"><span class='avia_hidden_link_text'>Compartir en Twitter<\/span><\/a><\/li><li class='av-share-link av-social-link-whatsapp' ><a target=\"_blank\" aria-label=\"Compartir en Whatsapp\" href='https:\/\/api.whatsapp.com\/send?text=https:\/\/radiorevelacionfm.cl\/?p=3408' aria-hidden='false' data-av_icon='\uf232' data-av_iconfont='entypo-fontello' title='' data-avia-related-tooltip='Compartir en Whatsapp' rel=\"noopener\"><span class='avia_hidden_link_text'>Compartir en Whatsapp<\/span><\/a><\/li><li class='av-share-link av-social-link-linkedin' ><a target=\"_blank\" aria-label=\"Compartir en LinkedIn\" href='https:\/\/linkedin.com\/shareArticle?mini=true&#038;title=En%20el%20d%C3%ADa%20de%20la%20Tierra%20realizan%20jornada%20de%20limpieza%20del%20borde%20lacustre%20en%20Chile%20Chico&#038;url=https:\/\/radiorevelacionfm.cl\/?p=3408' aria-hidden='false' data-av_icon='\ue8fc' data-av_iconfont='entypo-fontello' title='' data-avia-related-tooltip='Compartir en LinkedIn' rel=\"noopener\"><span class='avia_hidden_link_text'>Compartir en LinkedIn<\/span><\/a><\/li><li class='av-share-link av-social-link-mail' ><a  aria-label=\"Compartir por correo\" href='mailto:?subject=En%20el%20d%C3%ADa%20de%20la%20Tierra%20realizan%20jornada%20de%20limpieza%20del%20borde%20lacustre%20en%20Chile%20Chico&#038;body=https:\/\/radiorevelacionfm.cl\/?p=3408' aria-hidden='false' data-av_icon='\ue805' data-av_iconfont='entypo-fontello' title='' data-avia-related-tooltip='Compartir por correo'><span class='avia_hidden_link_text'>Compartir por correo<\/span><\/a><\/li><\/ul><\/div><\/div>\n<div  style='height:50px' class='hr hr-invisible   avia-builder-el-8  el_after_av_social_share  el_before_av_comments_list '><span class='hr-inner ' ><span class='hr-inner-style'><\/span><\/span><\/div>\n<div  class='av-buildercomment  av-blog-meta-html-info-disabled av-blog-meta-tag-disabled  '><\/div>\n","protected":false},"excerpt":{"rendered":"","protected":false},"author":1,"featured_media":0,"comment_status":"open","ping_status":"open","sticky":false,"template":"","format":"standard","meta":{"footnotes":""},"categories":[39],"tags":[],"class_list":["post-3408","post","type-post","status-publish","format-standard","hentry","category-medio-ambiente"],"jetpack_featured_media_url":"","_links":{"self":[{"href":"https:\/\/radiorevelacionfm.cl\/index.php?rest_route=\/wp\/v2\/posts\/3408","targetHints":{"allow":["GET"]}}],"collection":[{"href":"https:\/\/radiorevelacionfm.cl\/index.php?rest_route=\/wp\/v2\/posts"}],"about":[{"href":"https:\/\/radiorevelacionfm.cl\/index.php?rest_route=\/wp\/v2\/types\/post"}],"author":[{"embeddable":true,"href":"https:\/\/radiorevelacionfm.cl\/index.php?rest_route=\/wp\/v2\/users\/1"}],"replies":[{"embeddable":true,"href":"https:\/\/radiorevelacionfm.cl\/index.php?rest_route=%2Fwp%2Fv2%2Fcomments&post=3408"}],"version-history":[{"count":1,"href":"https:\/\/radiorevelacionfm.cl\/index.php?rest_route=\/wp\/v2\/posts\/3408\/revisions"}],"predecessor-version":[{"id":3410,"href":"https:\/\/radiorevelacionfm.cl\/index.php?rest_route=\/wp\/v2\/posts\/3408\/revisions\/3410"}],"wp:attachment":[{"href":"https:\/\/radiorevelacionfm.cl\/index.php?rest_route=%2Fwp%2Fv2%2Fmedia&parent=3408"}],"wp:term":[{"taxonomy":"category","embeddable":true,"href":"https:\/\/radiorevelacionfm.cl\/index.php?rest_route=%2Fwp%2Fv2%2Fcategories&post=3408"},{"taxonomy":"post_tag","embeddable":true,"href":"https:\/\/radiorevelacionfm.cl\/index.php?rest_route=%2Fwp%2Fv2%2Ftags&post=3408"}],"curies":[{"name":"wp","href":"https:\/\/api.w.org\/{rel}","templated":true}]}}