{"id":34078,"date":"2023-08-21T18:19:25","date_gmt":"2023-08-21T21:19:25","guid":{"rendered":"https:\/\/radiorevelacionfm.cl\/?p=34078"},"modified":"2023-08-21T18:29:36","modified_gmt":"2023-08-21T21:29:36","slug":"sorprenden-extraccion-ilegal-de-mas-de-8-toneladas-de-erizos-en-zona-de-pesca-de-aysen","status":"publish","type":"post","link":"https:\/\/radiorevelacionfm.cl\/?p=34078","title":{"rendered":"Sorprenden extracci\u00f3n ilegal de m\u00e1s de 8 toneladas de erizo en zona de pesca de Ays\u00e9n"},"content":{"rendered":"<div class=\"flex_column av_one_full  flex_column_div av-zero-column-padding first  avia-builder-el-0  el_before_av_one_full  avia-builder-el-first  \" style='border-radius:0px; '><div  class='avia-image-container  av-styling-    avia-builder-el-1  avia-builder-el-no-sibling  avia-align-center '  itemprop=\"image\" itemscope=\"itemscope\" itemtype=\"https:\/\/schema.org\/ImageObject\"  ><div class='avia-image-container-inner'><div class='avia-image-overlay-wrap'><img decoding=\"async\" class='wp-image-34079 avia-img-lazy-loading-not-34079 avia_image' src=\"https:\/\/radiorevelacionfm.cl\/wp-content\/uploads\/2023\/08\/5-_1_-1-1.jpg\" alt='' title='5-_1_ (1) (1)' height=\"600\" width=\"800\"  itemprop=\"thumbnailUrl\" srcset=\"https:\/\/radiorevelacionfm.cl\/wp-content\/uploads\/2023\/08\/5-_1_-1-1.jpg 800w, https:\/\/radiorevelacionfm.cl\/wp-content\/uploads\/2023\/08\/5-_1_-1-1-300x225.jpg 300w, https:\/\/radiorevelacionfm.cl\/wp-content\/uploads\/2023\/08\/5-_1_-1-1-768x576.jpg 768w, https:\/\/radiorevelacionfm.cl\/wp-content\/uploads\/2023\/08\/5-_1_-1-1-705x529.jpg 705w, https:\/\/radiorevelacionfm.cl\/wp-content\/uploads\/2023\/08\/5-_1_-1-1-450x338.jpg 450w, https:\/\/radiorevelacionfm.cl\/wp-content\/uploads\/2023\/08\/5-_1_-1-1-600x450.jpg 600w\" sizes=\"(max-width: 800px) 100vw, 800px\" \/><\/div><\/div><\/div><\/div>\n<div class=\"flex_column av_one_full  flex_column_div av-zero-column-padding first  avia-builder-el-2  el_after_av_one_full  el_before_av_one_full  column-top-margin\" style='border-radius:0px; '><section class=\"av_textblock_section \"  itemscope=\"itemscope\" itemtype=\"https:\/\/schema.org\/BlogPosting\" itemprop=\"blogPost\" ><div class='avia_textblock  '   itemprop=\"text\" ><p style=\"text-align: center;\"><strong><span style=\"font-size: 18pt;\">Sorprenden extracci\u00f3n ilegal de m\u00e1s de 8 toneladas de erizo en zona de pesca de Ays\u00e9n<\/span><\/strong><\/p>\n<div id=\"gtx-trans\" style=\"position: absolute; left: -50px; top: 4.31534px;\">\n<div class=\"gtx-trans-icon\"><\/div>\n<\/div>\n<\/div><\/section><\/div><div class=\"flex_column av_one_full  flex_column_div av-zero-column-padding first  avia-builder-el-4  el_after_av_one_full  el_before_av_hr  column-top-margin\" style='border-radius:0px; '><section class=\"av_textblock_section \"  itemscope=\"itemscope\" itemtype=\"https:\/\/schema.org\/BlogPosting\" itemprop=\"blogPost\" ><div class='avia_textblock  '   itemprop=\"text\" ><p style=\"font-weight: 400; text-align: justify;\">Gracias a la verificaci\u00f3n documental y an\u00e1lisis de posicionamiento satelital de naves artesanales que realiza el Servicio Nacional de Pesca y Acuicultura (Sernapesca) se pudo coordinar una fiscalizaci\u00f3n en zona de pesca en conjunto con la Gobernaci\u00f3n Mar\u00edtima de Puerto Ays\u00e9n luego de detectar la presencia de embarcaciones extrayendo recursos en una zona donde no se frecuenta realizar esta actividad.<\/p>\n<p style=\"font-weight: 400; text-align: justify;\">Durante la fiscalizaci\u00f3n se sorprendi\u00f3 a dos embarcaciones de la regi\u00f3n de Los Lagos, una de ellas se encontraba sin nombre ni tripulaci\u00f3n a bordo, sin embargo, hab\u00edan recursos frescos en la cubierta, correspondientes a 1 tonelada de erizos y 36 unidades de loco, este \u00faltimo con veda vigente. Posteriormente la embarcaci\u00f3n pudo ser identificada a trav\u00e9s de la matr\u00edcula, corroborando que correspond\u00eda a Quell\u00f3n.\u00a0 En cuanto a la segunda embarcaci\u00f3n con registro en la regi\u00f3n de Los Lagos, que intent\u00f3 darse a la fuga, llevaba a bordo un total de 7 toneladas de erizo.<\/p>\n<p style=\"font-weight: 400; text-align: justify;\">En ambos casos\u00a0se incaut\u00f3 el recurso en poder del infractor a disposici\u00f3n de lo que determine el Magistrado, adem\u00e1s de cursar una citaci\u00f3n al Juzgado de Letras y Garant\u00eda de Puerto Ays\u00e9n. En el caso de la embarcaci\u00f3n que estaba abandonada, se har\u00e1 llegar la citaci\u00f3n al armador.<\/p>\n<p style=\"font-weight: 400; text-align: justify;\">Ambas embarcaciones incumplieron las autorizaciones propias que otorga el Registro Pesquero Artesanal en t\u00e9rminos de la regi\u00f3n en la que pueden operar. En este sentido el director regional (s) de Sernapesca Ays\u00e9n, Jorge Padilla, coment\u00f3 sobre lo ocurrido, \u201clos hallazgos de estas embarcaciones extrayendo erizos atenta gravemente contra la sustentabilidad de esta importante pesquer\u00eda en la regi\u00f3n de Ays\u00e9n. Hacemos un llamado a respetar la normativa vigente y reiteramos nuestro compromiso con la pesca artesanal manteniendo los monitoreos remotos y las fiscalizaciones a\u00e9reas \u00a0como mar\u00edtimas.\u201d<\/p>\n<\/div><\/section><\/div><\/p>\n<div  style='height:50px' class='hr hr-invisible   avia-builder-el-6  el_after_av_one_full  el_before_av_social_share '><span class='hr-inner ' ><span class='hr-inner-style'><\/span><\/span><\/div>\n<div  class='av-social-sharing-box  avia-builder-el-7  el_after_av_hr  el_before_av_hr  '><div class='av-share-box'><h5 class='av-share-link-description av-no-toc '>Compartir esta noticia<\/h5><ul class='av-share-box-list noLightbox'><li class='av-share-link av-social-link-facebook' ><a target=\"_blank\" aria-label=\"Compartir en Facebook\" href='https:\/\/www.facebook.com\/sharer.php?u=https:\/\/radiorevelacionfm.cl\/?p=34078&#038;t=Sorprenden%20extracci%C3%B3n%20ilegal%20de%20m%C3%A1s%20de%208%20toneladas%20de%20erizo%20en%20zona%20de%20pesca%20de%20Ays%C3%A9n' aria-hidden='false' data-av_icon='\ue8f3' data-av_iconfont='entypo-fontello' title='' data-avia-related-tooltip='Compartir en Facebook' rel=\"noopener\"><span class='avia_hidden_link_text'>Compartir en Facebook<\/span><\/a><\/li><li class='av-share-link av-social-link-twitter' ><a target=\"_blank\" aria-label=\"Compartir en Twitter\" href='https:\/\/twitter.com\/share?text=Sorprenden%20extracci%C3%B3n%20ilegal%20de%20m%C3%A1s%20de%208%20toneladas%20de%20erizo%20en%20zona%20de%20pesca%20de%20Ays%C3%A9n&#038;url=https:\/\/radiorevelacionfm.cl\/?p=34078' aria-hidden='false' data-av_icon='\ue8f1' data-av_iconfont='entypo-fontello' title='' data-avia-related-tooltip='Compartir en Twitter' rel=\"noopener\"><span class='avia_hidden_link_text'>Compartir en Twitter<\/span><\/a><\/li><li class='av-share-link av-social-link-whatsapp' ><a target=\"_blank\" aria-label=\"Compartir en Whatsapp\" href='https:\/\/api.whatsapp.com\/send?text=https:\/\/radiorevelacionfm.cl\/?p=34078' aria-hidden='false' data-av_icon='\uf232' data-av_iconfont='entypo-fontello' title='' data-avia-related-tooltip='Compartir en Whatsapp' rel=\"noopener\"><span class='avia_hidden_link_text'>Compartir en Whatsapp<\/span><\/a><\/li><li class='av-share-link av-social-link-linkedin' ><a target=\"_blank\" aria-label=\"Compartir en LinkedIn\" href='https:\/\/linkedin.com\/shareArticle?mini=true&#038;title=Sorprenden%20extracci%C3%B3n%20ilegal%20de%20m%C3%A1s%20de%208%20toneladas%20de%20erizo%20en%20zona%20de%20pesca%20de%20Ays%C3%A9n&#038;url=https:\/\/radiorevelacionfm.cl\/?p=34078' aria-hidden='false' data-av_icon='\ue8fc' data-av_iconfont='entypo-fontello' title='' data-avia-related-tooltip='Compartir en LinkedIn' rel=\"noopener\"><span class='avia_hidden_link_text'>Compartir en LinkedIn<\/span><\/a><\/li><li class='av-share-link av-social-link-mail' ><a  aria-label=\"Compartir por correo\" href='mailto:?subject=Sorprenden%20extracci%C3%B3n%20ilegal%20de%20m%C3%A1s%20de%208%20toneladas%20de%20erizo%20en%20zona%20de%20pesca%20de%20Ays%C3%A9n&#038;body=https:\/\/radiorevelacionfm.cl\/?p=34078' aria-hidden='false' data-av_icon='\ue805' data-av_iconfont='entypo-fontello' title='' data-avia-related-tooltip='Compartir por correo'><span class='avia_hidden_link_text'>Compartir por correo<\/span><\/a><\/li><\/ul><\/div><\/div>\n<div  style='height:50px' class='hr hr-invisible   avia-builder-el-8  el_after_av_social_share  el_before_av_comments_list '><span class='hr-inner ' ><span class='hr-inner-style'><\/span><\/span><\/div>\n<div  class='av-buildercomment  av-blog-meta-html-info-disabled av-blog-meta-tag-disabled  '><\/div>\n","protected":false},"excerpt":{"rendered":"","protected":false},"author":1,"featured_media":34079,"comment_status":"open","ping_status":"open","sticky":false,"template":"","format":"standard","meta":{"footnotes":""},"categories":[60],"tags":[],"class_list":["post-34078","post","type-post","status-publish","format-standard","has-post-thumbnail","hentry","category-pesca"],"jetpack_featured_media_url":"https:\/\/radiorevelacionfm.cl\/wp-content\/uploads\/2023\/08\/5-_1_-1-1.jpg","_links":{"self":[{"href":"https:\/\/radiorevelacionfm.cl\/index.php?rest_route=\/wp\/v2\/posts\/34078","targetHints":{"allow":["GET"]}}],"collection":[{"href":"https:\/\/radiorevelacionfm.cl\/index.php?rest_route=\/wp\/v2\/posts"}],"about":[{"href":"https:\/\/radiorevelacionfm.cl\/index.php?rest_route=\/wp\/v2\/types\/post"}],"author":[{"embeddable":true,"href":"https:\/\/radiorevelacionfm.cl\/index.php?rest_route=\/wp\/v2\/users\/1"}],"replies":[{"embeddable":true,"href":"https:\/\/radiorevelacionfm.cl\/index.php?rest_route=%2Fwp%2Fv2%2Fcomments&post=34078"}],"version-history":[{"count":2,"href":"https:\/\/radiorevelacionfm.cl\/index.php?rest_route=\/wp\/v2\/posts\/34078\/revisions"}],"predecessor-version":[{"id":34081,"href":"https:\/\/radiorevelacionfm.cl\/index.php?rest_route=\/wp\/v2\/posts\/34078\/revisions\/34081"}],"wp:featuredmedia":[{"embeddable":true,"href":"https:\/\/radiorevelacionfm.cl\/index.php?rest_route=\/wp\/v2\/media\/34079"}],"wp:attachment":[{"href":"https:\/\/radiorevelacionfm.cl\/index.php?rest_route=%2Fwp%2Fv2%2Fmedia&parent=34078"}],"wp:term":[{"taxonomy":"category","embeddable":true,"href":"https:\/\/radiorevelacionfm.cl\/index.php?rest_route=%2Fwp%2Fv2%2Fcategories&post=34078"},{"taxonomy":"post_tag","embeddable":true,"href":"https:\/\/radiorevelacionfm.cl\/index.php?rest_route=%2Fwp%2Fv2%2Ftags&post=34078"}],"curies":[{"name":"wp","href":"https:\/\/api.w.org\/{rel}","templated":true}]}}