{"id":34075,"date":"2023-08-21T18:20:39","date_gmt":"2023-08-21T21:20:39","guid":{"rendered":"https:\/\/radiorevelacionfm.cl\/?p=34075"},"modified":"2023-08-21T18:26:51","modified_gmt":"2023-08-21T21:26:51","slug":"villa-amengual-recibio-atencion-directa-de-servicios-publicos-mediante-gobierno-en-terreno","status":"publish","type":"post","link":"https:\/\/radiorevelacionfm.cl\/?p=34075","title":{"rendered":"Villa Amengual recibi\u00f3 atenci\u00f3n directa de servicios p\u00fablicos mediante Gobierno en Terreno"},"content":{"rendered":"<div class=\"flex_column av_one_full  flex_column_div av-zero-column-padding first  avia-builder-el-0  el_before_av_one_full  avia-builder-el-first  \" style='border-radius:0px; '><div  class='avia-image-container  av-styling-    avia-builder-el-1  avia-builder-el-no-sibling  avia-align-center '  itemprop=\"image\" itemscope=\"itemscope\" itemtype=\"https:\/\/schema.org\/ImageObject\"  ><div class='avia-image-container-inner'><div class='avia-image-overlay-wrap'><img decoding=\"async\" class='wp-image-34076 avia-img-lazy-loading-not-34076 avia_image' src=\"https:\/\/radiorevelacionfm.cl\/wp-content\/uploads\/2023\/08\/20230819151225_img_9753_optimized.jpg\" alt='' title='20230819151225_img_9753_optimized' height=\"626\" width=\"1035\"  itemprop=\"thumbnailUrl\" srcset=\"https:\/\/radiorevelacionfm.cl\/wp-content\/uploads\/2023\/08\/20230819151225_img_9753_optimized.jpg 1035w, https:\/\/radiorevelacionfm.cl\/wp-content\/uploads\/2023\/08\/20230819151225_img_9753_optimized-300x181.jpg 300w, https:\/\/radiorevelacionfm.cl\/wp-content\/uploads\/2023\/08\/20230819151225_img_9753_optimized-1030x623.jpg 1030w, https:\/\/radiorevelacionfm.cl\/wp-content\/uploads\/2023\/08\/20230819151225_img_9753_optimized-768x465.jpg 768w, https:\/\/radiorevelacionfm.cl\/wp-content\/uploads\/2023\/08\/20230819151225_img_9753_optimized-705x426.jpg 705w, https:\/\/radiorevelacionfm.cl\/wp-content\/uploads\/2023\/08\/20230819151225_img_9753_optimized-450x272.jpg 450w, https:\/\/radiorevelacionfm.cl\/wp-content\/uploads\/2023\/08\/20230819151225_img_9753_optimized-600x363.jpg 600w\" sizes=\"(max-width: 1035px) 100vw, 1035px\" \/><\/div><\/div><\/div><\/div><div class=\"flex_column av_one_full  flex_column_div av-zero-column-padding first  avia-builder-el-2  el_after_av_one_full  el_before_av_one_full  column-top-margin\" style='border-radius:0px; '><section class=\"av_textblock_section \"  itemscope=\"itemscope\" itemtype=\"https:\/\/schema.org\/BlogPosting\" itemprop=\"blogPost\" ><div class='avia_textblock  '   itemprop=\"text\" ><p style=\"text-align: center;\"><span style=\"font-size: 18pt;\"><b>Villa Amengual recibi\u00f3 atenci\u00f3n directa de servicios\u00a0<\/b><b>p\u00fablicos mediante Gobierno en Terreno<\/b><\/span><\/p>\n<div id=\"gtx-trans\" style=\"position: absolute; left: -50px; top: 4.31534px;\">\n<div class=\"gtx-trans-icon\"><\/div>\n<\/div>\n<\/div><\/section><\/div><div class=\"flex_column av_one_full  flex_column_div av-zero-column-padding first  avia-builder-el-4  el_after_av_one_full  el_before_av_hr  column-top-margin\" style='border-radius:0px; '><section class=\"av_textblock_section \"  itemscope=\"itemscope\" itemtype=\"https:\/\/schema.org\/BlogPosting\" itemprop=\"blogPost\" ><div class='avia_textblock  '   itemprop=\"text\" ><p style=\"font-weight: 400; text-align: justify;\">Con una alta participaci\u00f3n se desarroll\u00f3 el s\u00e1bado \u00faltimo en la sede comunitaria de Villa Amengual, comuna de Lago Verde, una jornada de atenci\u00f3n directa de servicios p\u00fablicos a la comunidad, mediante el programa Gobierno en Terreno.<\/p>\n<p style=\"font-weight: 400; text-align: justify;\">La instancia fue convocada por el Delegado Presidencial Regional, Rodrigo Araya, acompa\u00f1ado por los seremis de Justicia y Derechos Humanos, Samuel Navarro; Mujer y Equidad de G\u00e9nero, Andrea M\u00e9ndez; Econom\u00eda, Felipe Rojas y Deportes, Eugenia Dur\u00e1n; m\u00e1s equipos de la seremi de Salud, Serviu, Carabineros y Registro Civil e Identificaci\u00f3n, entre otros.<\/p>\n<p style=\"font-weight: 400; text-align: justify;\">\u201cNuestro Presidente Gabriel Boric nos ha encomendado la tarea de trabajar en el territorio y tener una comunicaci\u00f3n directa. Pudimos compartir informaci\u00f3n con respecto a distintos proyectos e iniciativas, con informaci\u00f3n precisa para ir avanzando y que la gente sepa las gestiones que se han desarrollado en los distintos ministerios en los temas que a ellos m\u00e1s les importan\u201d, indic\u00f3.<\/p>\n<p style=\"font-weight: 400; text-align: justify;\">Entre las asistentes, Camila Arias consider\u00f3 relevante el proceso de definici\u00f3n de las principales inquietudes de la comunidad, a fin de abordar materias concretas planteadas por los propios vecinos y vecinas.<\/p>\n<p style=\"font-weight: 400; text-align: justify;\">\u201cMuy buena la jornada de Gobierno en Terreno en Villa Amengual, tuvimos harta participaci\u00f3n de nuestros vecinos, lo que me deja muy contenta porque ven\u00edamos trabajando desde hace varias semanas y todos lograron llevar su inquietud, requerimiento o hacer provechoso cada stand que hubo. Ahora quedamos a la espera de que se realice el operativo oftalmol\u00f3gico que se realiza el seis, siete de septiembre y con eso se cierran las solicitudes que hicimos\u201d, destac\u00f3.<\/p>\n<p style=\"font-weight: 400; text-align: justify;\">Por su parte, Bernarda S\u00e1nchez coincidi\u00f3 en valorar la instancia de atenci\u00f3n y di\u00e1logo. \u201cSacamos buen provecho, planteamos todas las inquietudes que ten\u00edamos y ojal\u00e1 tengamos respuesta. Para m\u00ed, por lo menos, todos los temas eran importantes y como digo, ojal\u00e1 que tengamos una respuesta favorable\u201d, se\u00f1al\u00f3.<\/p>\n<p style=\"font-weight: 400; text-align: justify;\">Entre otros temas atendidos estuvieron la adquisici\u00f3n de material de apoyo deportivo, postulaciones a subsidios habitacionales, postulaci\u00f3n a becas estudiantiles y servicios de transporte.<\/p>\n<\/div><\/section><\/div><div  style='height:50px' class='hr hr-invisible   avia-builder-el-6  el_after_av_one_full  el_before_av_social_share '><span class='hr-inner ' ><span class='hr-inner-style'><\/span><\/span><\/div><\/p>\n<div  class='av-social-sharing-box  avia-builder-el-7  el_after_av_hr  el_before_av_hr  '><div class='av-share-box'><h5 class='av-share-link-description av-no-toc '>Compartir esta noticia<\/h5><ul class='av-share-box-list noLightbox'><li class='av-share-link av-social-link-facebook' ><a target=\"_blank\" aria-label=\"Compartir en Facebook\" href='https:\/\/www.facebook.com\/sharer.php?u=https:\/\/radiorevelacionfm.cl\/?p=34075&#038;t=Villa%20Amengual%20recibi%C3%B3%20atenci%C3%B3n%20directa%20de%20servicios%20p%C3%BAblicos%20mediante%20Gobierno%20en%20Terreno' aria-hidden='false' data-av_icon='\ue8f3' data-av_iconfont='entypo-fontello' title='' data-avia-related-tooltip='Compartir en Facebook' rel=\"noopener\"><span class='avia_hidden_link_text'>Compartir en Facebook<\/span><\/a><\/li><li class='av-share-link av-social-link-twitter' ><a target=\"_blank\" aria-label=\"Compartir en Twitter\" href='https:\/\/twitter.com\/share?text=Villa%20Amengual%20recibi%C3%B3%20atenci%C3%B3n%20directa%20de%20servicios%20p%C3%BAblicos%20mediante%20Gobierno%20en%20Terreno&#038;url=https:\/\/radiorevelacionfm.cl\/?p=34075' aria-hidden='false' data-av_icon='\ue8f1' data-av_iconfont='entypo-fontello' title='' data-avia-related-tooltip='Compartir en Twitter' rel=\"noopener\"><span class='avia_hidden_link_text'>Compartir en Twitter<\/span><\/a><\/li><li class='av-share-link av-social-link-whatsapp' ><a target=\"_blank\" aria-label=\"Compartir en Whatsapp\" href='https:\/\/api.whatsapp.com\/send?text=https:\/\/radiorevelacionfm.cl\/?p=34075' aria-hidden='false' data-av_icon='\uf232' data-av_iconfont='entypo-fontello' title='' data-avia-related-tooltip='Compartir en Whatsapp' rel=\"noopener\"><span class='avia_hidden_link_text'>Compartir en Whatsapp<\/span><\/a><\/li><li class='av-share-link av-social-link-linkedin' ><a target=\"_blank\" aria-label=\"Compartir en LinkedIn\" href='https:\/\/linkedin.com\/shareArticle?mini=true&#038;title=Villa%20Amengual%20recibi%C3%B3%20atenci%C3%B3n%20directa%20de%20servicios%20p%C3%BAblicos%20mediante%20Gobierno%20en%20Terreno&#038;url=https:\/\/radiorevelacionfm.cl\/?p=34075' aria-hidden='false' data-av_icon='\ue8fc' data-av_iconfont='entypo-fontello' title='' data-avia-related-tooltip='Compartir en LinkedIn' rel=\"noopener\"><span class='avia_hidden_link_text'>Compartir en LinkedIn<\/span><\/a><\/li><li class='av-share-link av-social-link-mail' ><a  aria-label=\"Compartir por correo\" href='mailto:?subject=Villa%20Amengual%20recibi%C3%B3%20atenci%C3%B3n%20directa%20de%20servicios%20p%C3%BAblicos%20mediante%20Gobierno%20en%20Terreno&#038;body=https:\/\/radiorevelacionfm.cl\/?p=34075' aria-hidden='false' data-av_icon='\ue805' data-av_iconfont='entypo-fontello' title='' data-avia-related-tooltip='Compartir por correo'><span class='avia_hidden_link_text'>Compartir por correo<\/span><\/a><\/li><\/ul><\/div><\/div>\n<div  style='height:50px' class='hr hr-invisible   avia-builder-el-8  el_after_av_social_share  el_before_av_comments_list '><span class='hr-inner ' ><span class='hr-inner-style'><\/span><\/span><\/div>\n<div  class='av-buildercomment  av-blog-meta-html-info-disabled av-blog-meta-tag-disabled  '><\/div>\n","protected":false},"excerpt":{"rendered":"","protected":false},"author":1,"featured_media":34076,"comment_status":"open","ping_status":"open","sticky":false,"template":"","format":"standard","meta":{"footnotes":""},"categories":[38],"tags":[],"class_list":["post-34075","post","type-post","status-publish","format-standard","has-post-thumbnail","hentry","category-regional"],"jetpack_featured_media_url":"https:\/\/radiorevelacionfm.cl\/wp-content\/uploads\/2023\/08\/20230819151225_img_9753_optimized.jpg","_links":{"self":[{"href":"https:\/\/radiorevelacionfm.cl\/index.php?rest_route=\/wp\/v2\/posts\/34075","targetHints":{"allow":["GET"]}}],"collection":[{"href":"https:\/\/radiorevelacionfm.cl\/index.php?rest_route=\/wp\/v2\/posts"}],"about":[{"href":"https:\/\/radiorevelacionfm.cl\/index.php?rest_route=\/wp\/v2\/types\/post"}],"author":[{"embeddable":true,"href":"https:\/\/radiorevelacionfm.cl\/index.php?rest_route=\/wp\/v2\/users\/1"}],"replies":[{"embeddable":true,"href":"https:\/\/radiorevelacionfm.cl\/index.php?rest_route=%2Fwp%2Fv2%2Fcomments&post=34075"}],"version-history":[{"count":1,"href":"https:\/\/radiorevelacionfm.cl\/index.php?rest_route=\/wp\/v2\/posts\/34075\/revisions"}],"predecessor-version":[{"id":34077,"href":"https:\/\/radiorevelacionfm.cl\/index.php?rest_route=\/wp\/v2\/posts\/34075\/revisions\/34077"}],"wp:featuredmedia":[{"embeddable":true,"href":"https:\/\/radiorevelacionfm.cl\/index.php?rest_route=\/wp\/v2\/media\/34076"}],"wp:attachment":[{"href":"https:\/\/radiorevelacionfm.cl\/index.php?rest_route=%2Fwp%2Fv2%2Fmedia&parent=34075"}],"wp:term":[{"taxonomy":"category","embeddable":true,"href":"https:\/\/radiorevelacionfm.cl\/index.php?rest_route=%2Fwp%2Fv2%2Fcategories&post=34075"},{"taxonomy":"post_tag","embeddable":true,"href":"https:\/\/radiorevelacionfm.cl\/index.php?rest_route=%2Fwp%2Fv2%2Ftags&post=34075"}],"curies":[{"name":"wp","href":"https:\/\/api.w.org\/{rel}","templated":true}]}}