{"id":34072,"date":"2023-08-22T10:47:57","date_gmt":"2023-08-22T13:47:57","guid":{"rendered":"https:\/\/radiorevelacionfm.cl\/?p=34072"},"modified":"2023-08-22T10:47:57","modified_gmt":"2023-08-22T13:47:57","slug":"turnos-los-fines-de-semana-y-extension-horaria-en-uso-de-pabellones-posibilita-significativo-aumento-de-cirugias","status":"publish","type":"post","link":"https:\/\/radiorevelacionfm.cl\/?p=34072","title":{"rendered":"Turnos los fines de semana y extensi\u00f3n horaria en uso de pabellones posibilita significativo aumento de cirug\u00edas"},"content":{"rendered":"<div class=\"flex_column av_one_full  flex_column_div av-zero-column-padding first  avia-builder-el-0  el_before_av_one_full  avia-builder-el-first  \" style='border-radius:0px; '><div  class='avia-image-container  av-styling-    avia-builder-el-1  avia-builder-el-no-sibling  avia-align-center '  itemprop=\"image\" itemscope=\"itemscope\" itemtype=\"https:\/\/schema.org\/ImageObject\"  ><div class='avia-image-container-inner'><div class='avia-image-overlay-wrap'><img decoding=\"async\" class='wp-image-34095 avia-img-lazy-loading-not-34095 avia_image' src=\"https:\/\/radiorevelacionfm.cl\/wp-content\/uploads\/2023\/08\/Cirugias-1-1.jpg\" alt='' title='Cirugias (1) (1)' height=\"600\" width=\"819\"  itemprop=\"thumbnailUrl\" srcset=\"https:\/\/radiorevelacionfm.cl\/wp-content\/uploads\/2023\/08\/Cirugias-1-1.jpg 819w, https:\/\/radiorevelacionfm.cl\/wp-content\/uploads\/2023\/08\/Cirugias-1-1-300x220.jpg 300w, https:\/\/radiorevelacionfm.cl\/wp-content\/uploads\/2023\/08\/Cirugias-1-1-768x563.jpg 768w, https:\/\/radiorevelacionfm.cl\/wp-content\/uploads\/2023\/08\/Cirugias-1-1-705x516.jpg 705w, https:\/\/radiorevelacionfm.cl\/wp-content\/uploads\/2023\/08\/Cirugias-1-1-450x330.jpg 450w, https:\/\/radiorevelacionfm.cl\/wp-content\/uploads\/2023\/08\/Cirugias-1-1-600x440.jpg 600w\" sizes=\"(max-width: 819px) 100vw, 819px\" \/><\/div><\/div><\/div><\/div><div class=\"flex_column av_one_full  flex_column_div av-zero-column-padding first  avia-builder-el-2  el_after_av_one_full  el_before_av_one_full  column-top-margin\" style='border-radius:0px; '><section class=\"av_textblock_section \"  itemscope=\"itemscope\" itemtype=\"https:\/\/schema.org\/BlogPosting\" itemprop=\"blogPost\" ><div class='avia_textblock  '   itemprop=\"text\" ><p style=\"text-align: center;\"><span style=\"font-size: 18pt;\"><b>Turnos los fines de semana y extensi\u00f3n horaria en uso de pabellones posibilita significativo aumento de cirug\u00edas<\/b><\/span><\/p>\n<div id=\"gtx-trans\" style=\"position: absolute; left: -50px; top: 4.31534px;\">\n<div class=\"gtx-trans-icon\"><\/div>\n<\/div>\n<\/div><\/section><\/div><\/p>\n<div class=\"flex_column av_one_full  flex_column_div av-zero-column-padding first  avia-builder-el-4  el_after_av_one_full  el_before_av_hr  column-top-margin\" style='border-radius:0px; '><section class=\"av_textblock_section \"  itemscope=\"itemscope\" itemtype=\"https:\/\/schema.org\/BlogPosting\" itemprop=\"blogPost\" ><div class='avia_textblock  '   itemprop=\"text\" ><p style=\"font-weight: 400; text-align: justify;\">Un aumento sobre el 25% en el primer semestre de este a\u00f1o, respecto a igual periodo de 2022, presenta la producci\u00f3n de cirug\u00edas en la red asistencial de Ays\u00e9n, lo que se traduce en 4.381 intervenciones desde enero a junio.<\/p>\n<p style=\"font-weight: 400; text-align: justify;\">Este incremento va de la mano de la mayor productividad en los pabellones, tras la decisi\u00f3n de extender los horarios despu\u00e9s de las cinco de la tarde y los fines de semana, adem\u00e1s de la llegada de especialistas.<\/p>\n<p style=\"font-weight: 400; text-align: justify;\">\u201cDurante el primer semestre de este a\u00f1o hemos aumentado de manera significativa la cantidad de uso de nuestros pabellones y estamos optimizando su uso, tanto en el hospital de Coyhaique y Puerto Ays\u00e9n. Queremos durante el segundo semestre seguir avanzando de esta misma manera y disminuir m\u00e1s las listas de espera\u201d, explic\u00f3 el Dr. Rodrigo Verdugo, subdirector de Gesti\u00f3n Asistencial del Servicio de Salud Ays\u00e9n (SSA).<\/p>\n<p style=\"font-weight: 400; text-align: justify;\">El Hospital Regional Coyhaique aument\u00f3 en un 46% su producci\u00f3n de cirug\u00edas, de 2.133, el primer semestre de 2022, a 3.121, en 2023.<\/p>\n<p style=\"font-weight: 400; text-align: justify;\">La capacidad resolutiva del Hospital de Puerto Ays\u00e9n en cirug\u00edas de baja complejidad y de car\u00e1cter ambulatorio, permite que los pabellones del Hospital Regional puedan resolver otras intervenciones m\u00e1s complicadas.<\/p>\n<p style=\"font-weight: 400; text-align: justify;\">\u201cActualmente los pabellones est\u00e1n en su tope de funcionamiento. Se est\u00e1 dando la resolutividad a la lista de espera que se va acumulando debido a las indicaciones quir\u00fargicas de manera constante. No se ha generado en ning\u00fan momento una suspensi\u00f3n de funcionamiento del pabell\u00f3n, incluso cuando estuvo la crisis respiratoria\u201d, agreg\u00f3 la Dra. Mar\u00eda Ignacia Vald\u00e9s, subdirectora m\u00e9dica del Hospital porte\u00f1o.<\/p>\n<p style=\"font-weight: 400; text-align: justify;\">Esta alta productividad se mantiene desde hace algunos meses, gracias a la llegada de nuevos m\u00e9dicos especialistas en distintas \u00e1reas quir\u00fargicas.<\/p>\n<p style=\"font-weight: 400; text-align: justify;\">De esta manera los pabellones funcionan de 08:00 a 17:00 horas con horario extendido y adem\u00e1s incluyendo los fines de semana.<\/p>\n<p style=\"font-weight: 400; text-align: justify;\">\u201cEsto para el Servicio de Salud es un hito importante y resolver as\u00ed nos ayuda a poder hacer m\u00e1s cirug\u00edas, de manera m\u00e1s frecuente e ir resolviendo m\u00e1s r\u00e1pido las operaciones\u201d, finaliz\u00f3 la Dra. Mar\u00eda Ignacia Vald\u00e9s.<\/p>\n<\/div><\/section><\/div>\n<div  style='height:50px' class='hr hr-invisible   avia-builder-el-6  el_after_av_one_full  el_before_av_social_share '><span class='hr-inner ' ><span class='hr-inner-style'><\/span><\/span><\/div>\n<div  class='av-social-sharing-box  avia-builder-el-7  el_after_av_hr  el_before_av_hr  '><div class='av-share-box'><h5 class='av-share-link-description av-no-toc '>Compartir esta noticia<\/h5><ul class='av-share-box-list noLightbox'><li class='av-share-link av-social-link-facebook' ><a target=\"_blank\" aria-label=\"Compartir en Facebook\" href='https:\/\/www.facebook.com\/sharer.php?u=https:\/\/radiorevelacionfm.cl\/?p=34072&#038;t=Turnos%20los%20fines%20de%20semana%20y%20extensi%C3%B3n%20horaria%20en%20uso%20de%20pabellones%20posibilita%20significativo%20aumento%20de%20cirug%C3%ADas' aria-hidden='false' data-av_icon='\ue8f3' data-av_iconfont='entypo-fontello' title='' data-avia-related-tooltip='Compartir en Facebook' rel=\"noopener\"><span class='avia_hidden_link_text'>Compartir en Facebook<\/span><\/a><\/li><li class='av-share-link av-social-link-twitter' ><a target=\"_blank\" aria-label=\"Compartir en Twitter\" href='https:\/\/twitter.com\/share?text=Turnos%20los%20fines%20de%20semana%20y%20extensi%C3%B3n%20horaria%20en%20uso%20de%20pabellones%20posibilita%20significativo%20aumento%20de%20cirug%C3%ADas&#038;url=https:\/\/radiorevelacionfm.cl\/?p=34072' aria-hidden='false' data-av_icon='\ue8f1' data-av_iconfont='entypo-fontello' title='' data-avia-related-tooltip='Compartir en Twitter' rel=\"noopener\"><span class='avia_hidden_link_text'>Compartir en Twitter<\/span><\/a><\/li><li class='av-share-link av-social-link-whatsapp' ><a target=\"_blank\" aria-label=\"Compartir en Whatsapp\" href='https:\/\/api.whatsapp.com\/send?text=https:\/\/radiorevelacionfm.cl\/?p=34072' aria-hidden='false' data-av_icon='\uf232' data-av_iconfont='entypo-fontello' title='' data-avia-related-tooltip='Compartir en Whatsapp' rel=\"noopener\"><span class='avia_hidden_link_text'>Compartir en Whatsapp<\/span><\/a><\/li><li class='av-share-link av-social-link-linkedin' ><a target=\"_blank\" aria-label=\"Compartir en LinkedIn\" href='https:\/\/linkedin.com\/shareArticle?mini=true&#038;title=Turnos%20los%20fines%20de%20semana%20y%20extensi%C3%B3n%20horaria%20en%20uso%20de%20pabellones%20posibilita%20significativo%20aumento%20de%20cirug%C3%ADas&#038;url=https:\/\/radiorevelacionfm.cl\/?p=34072' aria-hidden='false' data-av_icon='\ue8fc' data-av_iconfont='entypo-fontello' title='' data-avia-related-tooltip='Compartir en LinkedIn' rel=\"noopener\"><span class='avia_hidden_link_text'>Compartir en LinkedIn<\/span><\/a><\/li><li class='av-share-link av-social-link-mail' ><a  aria-label=\"Compartir por correo\" href='mailto:?subject=Turnos%20los%20fines%20de%20semana%20y%20extensi%C3%B3n%20horaria%20en%20uso%20de%20pabellones%20posibilita%20significativo%20aumento%20de%20cirug%C3%ADas&#038;body=https:\/\/radiorevelacionfm.cl\/?p=34072' aria-hidden='false' data-av_icon='\ue805' data-av_iconfont='entypo-fontello' title='' data-avia-related-tooltip='Compartir por correo'><span class='avia_hidden_link_text'>Compartir por correo<\/span><\/a><\/li><\/ul><\/div><\/div>\n<div  style='height:50px' class='hr hr-invisible   avia-builder-el-8  el_after_av_social_share  el_before_av_comments_list '><span class='hr-inner ' ><span class='hr-inner-style'><\/span><\/span><\/div>\n<div  class='av-buildercomment  av-blog-meta-html-info-disabled av-blog-meta-tag-disabled  '><\/div>\n","protected":false},"excerpt":{"rendered":"","protected":false},"author":1,"featured_media":34095,"comment_status":"open","ping_status":"open","sticky":false,"template":"","format":"standard","meta":{"footnotes":""},"categories":[46],"tags":[],"class_list":["post-34072","post","type-post","status-publish","format-standard","has-post-thumbnail","hentry","category-salud"],"jetpack_featured_media_url":"https:\/\/radiorevelacionfm.cl\/wp-content\/uploads\/2023\/08\/Cirugias-1-1.jpg","_links":{"self":[{"href":"https:\/\/radiorevelacionfm.cl\/index.php?rest_route=\/wp\/v2\/posts\/34072","targetHints":{"allow":["GET"]}}],"collection":[{"href":"https:\/\/radiorevelacionfm.cl\/index.php?rest_route=\/wp\/v2\/posts"}],"about":[{"href":"https:\/\/radiorevelacionfm.cl\/index.php?rest_route=\/wp\/v2\/types\/post"}],"author":[{"embeddable":true,"href":"https:\/\/radiorevelacionfm.cl\/index.php?rest_route=\/wp\/v2\/users\/1"}],"replies":[{"embeddable":true,"href":"https:\/\/radiorevelacionfm.cl\/index.php?rest_route=%2Fwp%2Fv2%2Fcomments&post=34072"}],"version-history":[{"count":2,"href":"https:\/\/radiorevelacionfm.cl\/index.php?rest_route=\/wp\/v2\/posts\/34072\/revisions"}],"predecessor-version":[{"id":34096,"href":"https:\/\/radiorevelacionfm.cl\/index.php?rest_route=\/wp\/v2\/posts\/34072\/revisions\/34096"}],"wp:featuredmedia":[{"embeddable":true,"href":"https:\/\/radiorevelacionfm.cl\/index.php?rest_route=\/wp\/v2\/media\/34095"}],"wp:attachment":[{"href":"https:\/\/radiorevelacionfm.cl\/index.php?rest_route=%2Fwp%2Fv2%2Fmedia&parent=34072"}],"wp:term":[{"taxonomy":"category","embeddable":true,"href":"https:\/\/radiorevelacionfm.cl\/index.php?rest_route=%2Fwp%2Fv2%2Fcategories&post=34072"},{"taxonomy":"post_tag","embeddable":true,"href":"https:\/\/radiorevelacionfm.cl\/index.php?rest_route=%2Fwp%2Fv2%2Ftags&post=34072"}],"curies":[{"name":"wp","href":"https:\/\/api.w.org\/{rel}","templated":true}]}}