{"id":34057,"date":"2023-08-21T12:14:47","date_gmt":"2023-08-21T15:14:47","guid":{"rendered":"https:\/\/radiorevelacionfm.cl\/?p=34057"},"modified":"2023-08-21T12:14:47","modified_gmt":"2023-08-21T15:14:47","slug":"avanza-elaboracion-de-planes-de-manejo-para-areas-silvestres-protegidas-de-la-region","status":"publish","type":"post","link":"https:\/\/radiorevelacionfm.cl\/?p=34057","title":{"rendered":"Avanza elaboraci\u00f3n de planes de manejo para \u00c1reas Silvestres Protegidas de la regi\u00f3n"},"content":{"rendered":"<div class=\"flex_column av_one_full  flex_column_div av-zero-column-padding first  avia-builder-el-0  el_before_av_one_full  avia-builder-el-first  \" style='border-radius:0px; '><div  class='avia-image-container  av-styling-    avia-builder-el-1  avia-builder-el-no-sibling  avia-align-center '  itemprop=\"image\" itemscope=\"itemscope\" itemtype=\"https:\/\/schema.org\/ImageObject\"  ><div class='avia-image-container-inner'><div class='avia-image-overlay-wrap'><img decoding=\"async\" class='wp-image-34058 avia-img-lazy-loading-not-34058 avia_image' src=\"https:\/\/radiorevelacionfm.cl\/wp-content\/uploads\/2023\/08\/Foto-5-2-4-2.jpg\" alt='' title='Foto 5 (2) (4) (2)' height=\"600\" width=\"800\"  itemprop=\"thumbnailUrl\" srcset=\"https:\/\/radiorevelacionfm.cl\/wp-content\/uploads\/2023\/08\/Foto-5-2-4-2.jpg 800w, https:\/\/radiorevelacionfm.cl\/wp-content\/uploads\/2023\/08\/Foto-5-2-4-2-300x225.jpg 300w, https:\/\/radiorevelacionfm.cl\/wp-content\/uploads\/2023\/08\/Foto-5-2-4-2-768x576.jpg 768w, https:\/\/radiorevelacionfm.cl\/wp-content\/uploads\/2023\/08\/Foto-5-2-4-2-705x529.jpg 705w, https:\/\/radiorevelacionfm.cl\/wp-content\/uploads\/2023\/08\/Foto-5-2-4-2-450x338.jpg 450w, https:\/\/radiorevelacionfm.cl\/wp-content\/uploads\/2023\/08\/Foto-5-2-4-2-600x450.jpg 600w\" sizes=\"(max-width: 800px) 100vw, 800px\" \/><\/div><\/div><\/div><\/div><div class=\"flex_column av_one_full  flex_column_div av-zero-column-padding first  avia-builder-el-2  el_after_av_one_full  el_before_av_one_full  column-top-margin\" style='border-radius:0px; '><section class=\"av_textblock_section \"  itemscope=\"itemscope\" itemtype=\"https:\/\/schema.org\/BlogPosting\" itemprop=\"blogPost\" ><div class='avia_textblock  '   itemprop=\"text\" ><p style=\"text-align: center;\"><span style=\"font-size: 18pt;\"><b><span lang=\"ES\">Avanza elaboraci\u00f3n de planes de manejo para \u00c1reas Silvestres Protegidas de la regi\u00f3n<\/span><\/b><\/span><\/p>\n<div id=\"gtx-trans\" style=\"position: absolute; left: -50px; top: 4.31534px;\">\n<div class=\"gtx-trans-icon\"><\/div>\n<\/div>\n<\/div><\/section><\/div><div class=\"flex_column av_one_full  flex_column_div av-zero-column-padding first  avia-builder-el-4  el_after_av_one_full  el_before_av_hr  column-top-margin\" style='border-radius:0px; '><section class=\"av_textblock_section \"  itemscope=\"itemscope\" itemtype=\"https:\/\/schema.org\/BlogPosting\" itemprop=\"blogPost\" ><div class='avia_textblock  '   itemprop=\"text\" ><p class=\"v1MsoNormal\" style=\"text-align: justify;\"><span lang=\"ES\">Con la finalidad de\u00a0<\/span><span lang=\"ES\">continuar trabajando junto a las comunidades locales en la elaboraci\u00f3n de los Planes de Manejo de la Reserva Nacional Las Guaitecas y el Parque Nacional Isla Magdalena, un equipo de profesionales del Departamento de \u00c1reas Silvestres Protegidas (DASP) de CONAF Ays\u00e9n, en conjunto con el\u00a0<\/span>Jefe la Secretar\u00eda de Asuntos Ind\u00edgenas y Sociales de CONAF Central,<span lang=\"ES\">se traslad\u00f3 a principios de mes hasta Puerto Aguirre, Caleta Andrade y Estero Copa.<\/span><\/p>\n<p class=\"v1MsoNormal\" style=\"text-align: justify;\"><span lang=\"ES\">De este modo, durante la semana del 7 al 10 de agosto realizaron una serie de talleres participativos para dar a conocer los avances en la confecci\u00f3n de los planes de manejo, as\u00ed como tambi\u00e9n antecedentes relativos a un levantamiento de los usos actuales y potenciales, de los recursos que se encuentran en estas dos \u00e1reas que ha decidido proteger el Estado debido a sus ecosistemas, suelos, bosques, fauna y paisajes.<\/span><span lang=\"ES\">\u00a0<\/span>El viaje se repetir\u00e1 a fin de mes<span lang=\"ES\">, pues entre el 28 y 31 de agosto, el equipo del DASP, con\u00a0 apoyo del ProAp, realizar\u00e1 nuevos talleres, esta vez en Puerto Gaviota, Gala y Melinka, que tambi\u00e9n se encuentran dentro del \u00e1rea de influencia.<\/span><\/p>\n<p class=\"v1MsoNormal\" style=\"text-align: justify;\"><span lang=\"ES\">La Jefa del Departamento de \u00c1reas Silvestres Protegidas, Andrea Bahamonde Valenzuela, explica que \u00abnuestra tarea consiste en contribuir a la preservaci\u00f3n y conservaci\u00f3n \u00a0de la diversidad biol\u00f3gica, como tambi\u00e9n conservar el patrimonio cultural y aportar al bienestar humano, a trav\u00e9s de la gesti\u00f3n integral de los Parques Nacionales Reservas Nacionales, y Monumentos Naturales del pa\u00eds, y en el caso de nuestra regi\u00f3n recae una responsabilidad mayor ya que involucra el 52% del territorio regional y el 42% del mar territorial regional\u00bb.<\/span><\/p>\n<p class=\"v1MsoNormal\" style=\"text-align: justify;\"><span lang=\"ES\">En este mismo sentido, Dominique Dattwyler, coordinadora de los planes de manejo para la Reserva Nacional Las Guaitecas y el Parque Nacional Isla Magdalena, enfatiza en la importancia de la participaci\u00f3n de las comunidades que se encuentran en el \u00e1rea de influencia, se\u00f1alando que \u00abellos son el eje central de la planificaci\u00f3n, sus saberes, conocimiento local, intereses y aportes, son esenciales para el desarrollo de un Plan de Manejo, por lo que toda la informaci\u00f3n que se obtiene de las visitas a terreno\u00a0<\/span><span lang=\"ES-MX\">es incorporada a este documento de gesti\u00f3n\u00bb.<\/span><\/p>\n<p class=\"v1MsoNormal\" style=\"text-align: justify;\"><span lang=\"ES-MX\">Por su parte, la Directora Regional de CONAF Ays\u00e9n, M. Loreto Pedrasa Manieu, valor\u00f3 las actividades realizadas por el equipo del Departamento de \u00c1reas Silvestres Protegidas de CONAF Ays\u00e9n, se\u00f1alando que \u00abestos talleres se implementan tomando en consideraci\u00f3n una planificaci\u00f3n participativa, lo que nos permite conocer mejor qu\u00e9 intereses existen y c\u00f3mo trabajarlos, apuntando a la conservaci\u00f3n y el desarrollo de estas \u00c1reas Protegidas del Estado, por lo que esperamos mantener y ojal\u00e1 aumentar la participaci\u00f3n de las comunidades locales en esta tarea, ya que es la \u00fanica forma en que los instrumentos de planificaci\u00f3n, puedan ser valorados y considerados al momento de la toma de decisiones en el territorio y en la construcci\u00f3n de una visi\u00f3n de desarrollo del mismo\u00bb.<\/span><\/p>\n<p class=\"v1MsoNormal\" style=\"text-align: justify;\"><span lang=\"ES-MX\">\u00abLas \u00c1reas Silvestres Protegidas del Estado son sectores que presentan caracter\u00edsticas sobresalientes, tanto naturales como culturales, y por eso requieren de una planificaci\u00f3n que permita su manejo, gesti\u00f3n, mantenci\u00f3n y protecci\u00f3n al mismo tiempo\u00bb, agrega.<\/span><\/p>\n<p class=\"v1MsoNormal\" style=\"text-align: justify;\"><span lang=\"ES-MX\">Cabe indicar que en la regi\u00f3n de Ays\u00e9n, adem\u00e1s de la Reserva Nacional Las Guaitecas y el Parque Nacional de la Isla Magdalena, existen otros 6 Parques Nacionales (Cerro Castillo, Patagonia, Isla Guamblin, Melimoyu, Queulat y Laguna San Rafael, adem\u00e1s del Parque Nacional Corcovado compartido con la Regi\u00f3n de Los Lagos y el Parque Nacional Bernardo O\u00b4Higgins, compartido con la Regi\u00f3n de Magallanes; 7 Reservas Nacionales (Lago Carlota, Lago Las Torres, Lago Rosselot, R\u00edo Simpson, Coyhaique, Trapananda y Katalalixar), y dos Monumentos Naturales (Cinco Hermanas y Dos Lagunas).<\/span><\/p>\n<\/div><\/section><\/div><div  style='height:50px' class='hr hr-invisible   avia-builder-el-6  el_after_av_one_full  el_before_av_social_share '><span class='hr-inner ' ><span class='hr-inner-style'><\/span><\/span><\/div><\/p>\n<div  class='av-social-sharing-box  avia-builder-el-7  el_after_av_hr  el_before_av_hr  '><div class='av-share-box'><h5 class='av-share-link-description av-no-toc '>Compartir esta noticia<\/h5><ul class='av-share-box-list noLightbox'><li class='av-share-link av-social-link-facebook' ><a target=\"_blank\" aria-label=\"Compartir en Facebook\" href='https:\/\/www.facebook.com\/sharer.php?u=https:\/\/radiorevelacionfm.cl\/?p=34057&#038;t=Avanza%20elaboraci%C3%B3n%20de%20planes%20de%20manejo%20para%20%C3%81reas%20Silvestres%20Protegidas%20de%20la%20regi%C3%B3n' aria-hidden='false' data-av_icon='\ue8f3' data-av_iconfont='entypo-fontello' title='' data-avia-related-tooltip='Compartir en Facebook' rel=\"noopener\"><span class='avia_hidden_link_text'>Compartir en Facebook<\/span><\/a><\/li><li class='av-share-link av-social-link-twitter' ><a target=\"_blank\" aria-label=\"Compartir en Twitter\" href='https:\/\/twitter.com\/share?text=Avanza%20elaboraci%C3%B3n%20de%20planes%20de%20manejo%20para%20%C3%81reas%20Silvestres%20Protegidas%20de%20la%20regi%C3%B3n&#038;url=https:\/\/radiorevelacionfm.cl\/?p=34057' aria-hidden='false' data-av_icon='\ue8f1' data-av_iconfont='entypo-fontello' title='' data-avia-related-tooltip='Compartir en Twitter' rel=\"noopener\"><span class='avia_hidden_link_text'>Compartir en Twitter<\/span><\/a><\/li><li class='av-share-link av-social-link-whatsapp' ><a target=\"_blank\" aria-label=\"Compartir en Whatsapp\" href='https:\/\/api.whatsapp.com\/send?text=https:\/\/radiorevelacionfm.cl\/?p=34057' aria-hidden='false' data-av_icon='\uf232' data-av_iconfont='entypo-fontello' title='' data-avia-related-tooltip='Compartir en Whatsapp' rel=\"noopener\"><span class='avia_hidden_link_text'>Compartir en Whatsapp<\/span><\/a><\/li><li class='av-share-link av-social-link-linkedin' ><a target=\"_blank\" aria-label=\"Compartir en LinkedIn\" href='https:\/\/linkedin.com\/shareArticle?mini=true&#038;title=Avanza%20elaboraci%C3%B3n%20de%20planes%20de%20manejo%20para%20%C3%81reas%20Silvestres%20Protegidas%20de%20la%20regi%C3%B3n&#038;url=https:\/\/radiorevelacionfm.cl\/?p=34057' aria-hidden='false' data-av_icon='\ue8fc' data-av_iconfont='entypo-fontello' title='' data-avia-related-tooltip='Compartir en LinkedIn' rel=\"noopener\"><span class='avia_hidden_link_text'>Compartir en LinkedIn<\/span><\/a><\/li><li class='av-share-link av-social-link-mail' ><a  aria-label=\"Compartir por correo\" href='mailto:?subject=Avanza%20elaboraci%C3%B3n%20de%20planes%20de%20manejo%20para%20%C3%81reas%20Silvestres%20Protegidas%20de%20la%20regi%C3%B3n&#038;body=https:\/\/radiorevelacionfm.cl\/?p=34057' aria-hidden='false' data-av_icon='\ue805' data-av_iconfont='entypo-fontello' title='' data-avia-related-tooltip='Compartir por correo'><span class='avia_hidden_link_text'>Compartir por correo<\/span><\/a><\/li><\/ul><\/div><\/div>\n<div  style='height:50px' class='hr hr-invisible   avia-builder-el-8  el_after_av_social_share  el_before_av_comments_list '><span class='hr-inner ' ><span class='hr-inner-style'><\/span><\/span><\/div>\n<div  class='av-buildercomment  av-blog-meta-html-info-disabled av-blog-meta-tag-disabled  '><\/div>\n","protected":false},"excerpt":{"rendered":"","protected":false},"author":1,"featured_media":34058,"comment_status":"open","ping_status":"open","sticky":false,"template":"","format":"standard","meta":{"footnotes":""},"categories":[38],"tags":[],"class_list":["post-34057","post","type-post","status-publish","format-standard","has-post-thumbnail","hentry","category-regional"],"jetpack_featured_media_url":"https:\/\/radiorevelacionfm.cl\/wp-content\/uploads\/2023\/08\/Foto-5-2-4-2.jpg","_links":{"self":[{"href":"https:\/\/radiorevelacionfm.cl\/index.php?rest_route=\/wp\/v2\/posts\/34057","targetHints":{"allow":["GET"]}}],"collection":[{"href":"https:\/\/radiorevelacionfm.cl\/index.php?rest_route=\/wp\/v2\/posts"}],"about":[{"href":"https:\/\/radiorevelacionfm.cl\/index.php?rest_route=\/wp\/v2\/types\/post"}],"author":[{"embeddable":true,"href":"https:\/\/radiorevelacionfm.cl\/index.php?rest_route=\/wp\/v2\/users\/1"}],"replies":[{"embeddable":true,"href":"https:\/\/radiorevelacionfm.cl\/index.php?rest_route=%2Fwp%2Fv2%2Fcomments&post=34057"}],"version-history":[{"count":1,"href":"https:\/\/radiorevelacionfm.cl\/index.php?rest_route=\/wp\/v2\/posts\/34057\/revisions"}],"predecessor-version":[{"id":34059,"href":"https:\/\/radiorevelacionfm.cl\/index.php?rest_route=\/wp\/v2\/posts\/34057\/revisions\/34059"}],"wp:featuredmedia":[{"embeddable":true,"href":"https:\/\/radiorevelacionfm.cl\/index.php?rest_route=\/wp\/v2\/media\/34058"}],"wp:attachment":[{"href":"https:\/\/radiorevelacionfm.cl\/index.php?rest_route=%2Fwp%2Fv2%2Fmedia&parent=34057"}],"wp:term":[{"taxonomy":"category","embeddable":true,"href":"https:\/\/radiorevelacionfm.cl\/index.php?rest_route=%2Fwp%2Fv2%2Fcategories&post=34057"},{"taxonomy":"post_tag","embeddable":true,"href":"https:\/\/radiorevelacionfm.cl\/index.php?rest_route=%2Fwp%2Fv2%2Ftags&post=34057"}],"curies":[{"name":"wp","href":"https:\/\/api.w.org\/{rel}","templated":true}]}}