{"id":34052,"date":"2023-08-20T20:20:56","date_gmt":"2023-08-20T23:20:56","guid":{"rendered":"https:\/\/radiorevelacionfm.cl\/?p=34052"},"modified":"2023-08-20T20:20:56","modified_gmt":"2023-08-20T23:20:56","slug":"delegado-araya-ante-demandas-de-asistentes-de-la-educacion-reiteramos-que-el-dialogo-sigue-siendo-fundamental","status":"publish","type":"post","link":"https:\/\/radiorevelacionfm.cl\/?p=34052","title":{"rendered":"Delegado Araya ante demandas de asistentes de la educaci\u00f3n: \u201cReiteramos que el di\u00e1logo sigue siendo fundamental\u201d"},"content":{"rendered":"<div class=\"flex_column av_one_full  flex_column_div av-zero-column-padding first  avia-builder-el-0  el_before_av_one_full  avia-builder-el-first  \" style='border-radius:0px; '><div  class='avia-image-container  av-styling-    avia-builder-el-1  avia-builder-el-no-sibling  avia-align-center '  itemprop=\"image\" itemscope=\"itemscope\" itemtype=\"https:\/\/schema.org\/ImageObject\"  ><div class='avia-image-container-inner'><div class='avia-image-overlay-wrap'><img decoding=\"async\" class='wp-image-34054 avia-img-lazy-loading-not-34054 avia_image' src=\"https:\/\/radiorevelacionfm.cl\/wp-content\/uploads\/2023\/08\/20230820104934_IMG_9925-1-1.jpg\" alt='' title='20230820104934_IMG_9925 (1) (1)' height=\"600\" width=\"855\"  itemprop=\"thumbnailUrl\" srcset=\"https:\/\/radiorevelacionfm.cl\/wp-content\/uploads\/2023\/08\/20230820104934_IMG_9925-1-1.jpg 855w, https:\/\/radiorevelacionfm.cl\/wp-content\/uploads\/2023\/08\/20230820104934_IMG_9925-1-1-300x211.jpg 300w, https:\/\/radiorevelacionfm.cl\/wp-content\/uploads\/2023\/08\/20230820104934_IMG_9925-1-1-768x539.jpg 768w, https:\/\/radiorevelacionfm.cl\/wp-content\/uploads\/2023\/08\/20230820104934_IMG_9925-1-1-705x495.jpg 705w, https:\/\/radiorevelacionfm.cl\/wp-content\/uploads\/2023\/08\/20230820104934_IMG_9925-1-1-450x316.jpg 450w, https:\/\/radiorevelacionfm.cl\/wp-content\/uploads\/2023\/08\/20230820104934_IMG_9925-1-1-600x421.jpg 600w\" sizes=\"(max-width: 855px) 100vw, 855px\" \/><\/div><\/div><\/div><\/div><div class=\"flex_column av_one_full  flex_column_div av-zero-column-padding first  avia-builder-el-2  el_after_av_one_full  el_before_av_one_full  column-top-margin\" style='border-radius:0px; '><section class=\"av_textblock_section \"  itemscope=\"itemscope\" itemtype=\"https:\/\/schema.org\/BlogPosting\" itemprop=\"blogPost\" ><div class='avia_textblock  '   itemprop=\"text\" ><p style=\"text-align: center;\"><strong><span style=\"font-size: 18pt;\">Delegado Araya ante demandas de asistentes de la educaci\u00f3n: \u201cReiteramos que el di\u00e1logo sigue siendo fundamental\u201d<\/span><\/strong><\/p>\n<div id=\"gtx-trans\" style=\"position: absolute; left: -50px; top: 4.31534px;\">\n<div class=\"gtx-trans-icon\"><\/div>\n<\/div>\n<\/div><\/section><\/div><div class=\"flex_column av_one_full  flex_column_div av-zero-column-padding first  avia-builder-el-4  el_after_av_one_full  el_before_av_hr  column-top-margin\" style='border-radius:0px; '><section class=\"av_textblock_section \"  itemscope=\"itemscope\" itemtype=\"https:\/\/schema.org\/BlogPosting\" itemprop=\"blogPost\" ><div class='avia_textblock  '   itemprop=\"text\" ><p style=\"font-weight: 400; text-align: justify;\"><em>El pr\u00f3ximo viernes 25 de agosto la subsecretaria de Educaci\u00f3n, Alejandra Arratia, desarrollar\u00e1 una agenda de trabajo regional, como parte de los acuerdos adquiridos con el sector ante sus demandas territoriales.<\/em><\/p>\n<p style=\"font-weight: 400; text-align: justify;\">\u201cReiteramos que el di\u00e1logo sigue siendo fundamental. Mientras haya conversaciones que sostener, mientras haya puntos que plantear, el di\u00e1logo siempre ser\u00e1 la v\u00eda y es lo que hemos venido haciendo. Desde ese punto de vista, nuestro Gobierno y el ministerio de Educaci\u00f3n tambi\u00e9n est\u00e1n en esa misma sinton\u00eda\u201d, se\u00f1al\u00f3 el Delegado Presidencial Regional, Rodrigo Araya, respecto de las demandas de los asistentes de la educaci\u00f3n de la Regi\u00f3n de Ays\u00e9n.<\/p>\n<p style=\"font-weight: 400; text-align: justify;\">Lo anterior en torno a la agenda de trabajo que el pr\u00f3ximo viernes 25 de agosto desarrollar\u00e1 en la regi\u00f3n la subsecretaria de Educaci\u00f3n, Alejandra Arratia Mart\u00ednez, como parte de los acuerdos adquiridos con el sector ante sus demandas territoriales.<\/p>\n<p style=\"font-weight: 400; text-align: justify;\">A\u00f1adi\u00f3 que \u201chemos tenido varias reuniones con los asistentes de educaci\u00f3n que est\u00e1n organizados, en organizaciones comunales, donde han manifestado sus necesidades, en particular, lo concerniente al tema de la asignaci\u00f3n de zona. Nosotros hemos comentado siempre que el tema de la asignaci\u00f3n de zona se est\u00e1 viendo en la Mesa del Sector P\u00fablico, una mesa nacional donde est\u00e1n todos los gremios del sector involucrados en una conversaci\u00f3n\u201d.<\/p>\n<p style=\"font-weight: 400; text-align: justify;\">\u201cSin embargo -acot\u00f3-, ellos han planteado siempre la necesidad de que se consideren las caracter\u00edsticas de nuestra regi\u00f3n en esa discusi\u00f3n y en esos t\u00e9rminos son las solicitudes que nos han hecho llegar con distintos documentos. Este viernes, nos entregaron una nueva carta con argumentos jur\u00eddicos de su solicitud\u201d.<\/p>\n<p style=\"font-weight: 400; text-align: justify;\">El Delegado Rodrigo Araya recalc\u00f3 que todos los antecedentes est\u00e1n siendo analizados por el Gobierno a nivel regional y nacional.<\/p>\n<p style=\"font-weight: 400; text-align: justify;\">\u201cLos asistentes han conversado no solamente con las instituciones del Gobierno, sino que tambi\u00e9n con las autoridades electas. Ellos tienen organizaciones comunales que est\u00e1n conversando con los alcaldes, los parlamentarios, la Gobernadora. Desde ese punto de vista, nosotros tambi\u00e9n tenemos muy claro que ese apoyo significa que les interesa que se avance en una soluci\u00f3n y eso es totalmente entendible, a\u00f1adi\u00f3.<\/p>\n<p style=\"font-weight: 400; text-align: justify;\">En este contexto, Rodrigo Araya recalc\u00f3 la importancia de la conversaci\u00f3n permanente entre el Gobierno y las organizaciones de los trabajadores, como ha sucedido con avances tan relevantes como 40 horas y el aumento del sueldo m\u00ednimo a $500.000, considerando el apoyo a las MiPymes.<\/p>\n<p style=\"font-weight: 400; text-align: justify;\">Del mismo modo, reafirm\u00f3 la necesidad del Pacto Fiscal \u201cjustamente, para avanzar en materias que permitan priorizar el gasto en beneficio de las personas, como el aumento de pensiones para adultos mayores, reducci\u00f3n en tiempos de espera en hospitales, sistema universal de cuidados e inversi\u00f3n en seguridad ciudadana, por mencionar solo algunas\u201d.<\/p>\n<\/div><\/section><\/div><div  style='height:50px' class='hr hr-invisible   avia-builder-el-6  el_after_av_one_full  el_before_av_social_share '><span class='hr-inner ' ><span class='hr-inner-style'><\/span><\/span><\/div><\/p>\n<div  class='av-social-sharing-box  avia-builder-el-7  el_after_av_hr  el_before_av_hr  '><div class='av-share-box'><h5 class='av-share-link-description av-no-toc '>Compartir esta noticia<\/h5><ul class='av-share-box-list noLightbox'><li class='av-share-link av-social-link-facebook' ><a target=\"_blank\" aria-label=\"Compartir en Facebook\" href='https:\/\/www.facebook.com\/sharer.php?u=https:\/\/radiorevelacionfm.cl\/?p=34052&#038;t=Delegado%20Araya%20ante%20demandas%20de%20asistentes%20de%20la%20educaci%C3%B3n%3A%20%E2%80%9CReiteramos%20que%20el%20di%C3%A1logo%20sigue%20siendo%20fundamental%E2%80%9D' aria-hidden='false' data-av_icon='\ue8f3' data-av_iconfont='entypo-fontello' title='' data-avia-related-tooltip='Compartir en Facebook' rel=\"noopener\"><span class='avia_hidden_link_text'>Compartir en Facebook<\/span><\/a><\/li><li class='av-share-link av-social-link-twitter' ><a target=\"_blank\" aria-label=\"Compartir en Twitter\" href='https:\/\/twitter.com\/share?text=Delegado%20Araya%20ante%20demandas%20de%20asistentes%20de%20la%20educaci%C3%B3n%3A%20%E2%80%9CReiteramos%20que%20el%20di%C3%A1logo%20sigue%20siendo%20fundamental%E2%80%9D&#038;url=https:\/\/radiorevelacionfm.cl\/?p=34052' aria-hidden='false' data-av_icon='\ue8f1' data-av_iconfont='entypo-fontello' title='' data-avia-related-tooltip='Compartir en Twitter' rel=\"noopener\"><span class='avia_hidden_link_text'>Compartir en Twitter<\/span><\/a><\/li><li class='av-share-link av-social-link-whatsapp' ><a target=\"_blank\" aria-label=\"Compartir en Whatsapp\" href='https:\/\/api.whatsapp.com\/send?text=https:\/\/radiorevelacionfm.cl\/?p=34052' aria-hidden='false' data-av_icon='\uf232' data-av_iconfont='entypo-fontello' title='' data-avia-related-tooltip='Compartir en Whatsapp' rel=\"noopener\"><span class='avia_hidden_link_text'>Compartir en Whatsapp<\/span><\/a><\/li><li class='av-share-link av-social-link-linkedin' ><a target=\"_blank\" aria-label=\"Compartir en LinkedIn\" href='https:\/\/linkedin.com\/shareArticle?mini=true&#038;title=Delegado%20Araya%20ante%20demandas%20de%20asistentes%20de%20la%20educaci%C3%B3n%3A%20%E2%80%9CReiteramos%20que%20el%20di%C3%A1logo%20sigue%20siendo%20fundamental%E2%80%9D&#038;url=https:\/\/radiorevelacionfm.cl\/?p=34052' aria-hidden='false' data-av_icon='\ue8fc' data-av_iconfont='entypo-fontello' title='' data-avia-related-tooltip='Compartir en LinkedIn' rel=\"noopener\"><span class='avia_hidden_link_text'>Compartir en LinkedIn<\/span><\/a><\/li><li class='av-share-link av-social-link-mail' ><a  aria-label=\"Compartir por correo\" href='mailto:?subject=Delegado%20Araya%20ante%20demandas%20de%20asistentes%20de%20la%20educaci%C3%B3n%3A%20%E2%80%9CReiteramos%20que%20el%20di%C3%A1logo%20sigue%20siendo%20fundamental%E2%80%9D&#038;body=https:\/\/radiorevelacionfm.cl\/?p=34052' aria-hidden='false' data-av_icon='\ue805' data-av_iconfont='entypo-fontello' title='' data-avia-related-tooltip='Compartir por correo'><span class='avia_hidden_link_text'>Compartir por correo<\/span><\/a><\/li><\/ul><\/div><\/div>\n<div  style='height:50px' class='hr hr-invisible   avia-builder-el-8  el_after_av_social_share  el_before_av_comments_list '><span class='hr-inner ' ><span class='hr-inner-style'><\/span><\/span><\/div>\n<div  class='av-buildercomment  av-blog-meta-html-info-disabled av-blog-meta-tag-disabled  '><\/div>\n","protected":false},"excerpt":{"rendered":"","protected":false},"author":1,"featured_media":34054,"comment_status":"open","ping_status":"open","sticky":false,"template":"","format":"standard","meta":{"footnotes":""},"categories":[38],"tags":[],"class_list":["post-34052","post","type-post","status-publish","format-standard","has-post-thumbnail","hentry","category-regional"],"jetpack_featured_media_url":"https:\/\/radiorevelacionfm.cl\/wp-content\/uploads\/2023\/08\/20230820104934_IMG_9925-1-1.jpg","_links":{"self":[{"href":"https:\/\/radiorevelacionfm.cl\/index.php?rest_route=\/wp\/v2\/posts\/34052","targetHints":{"allow":["GET"]}}],"collection":[{"href":"https:\/\/radiorevelacionfm.cl\/index.php?rest_route=\/wp\/v2\/posts"}],"about":[{"href":"https:\/\/radiorevelacionfm.cl\/index.php?rest_route=\/wp\/v2\/types\/post"}],"author":[{"embeddable":true,"href":"https:\/\/radiorevelacionfm.cl\/index.php?rest_route=\/wp\/v2\/users\/1"}],"replies":[{"embeddable":true,"href":"https:\/\/radiorevelacionfm.cl\/index.php?rest_route=%2Fwp%2Fv2%2Fcomments&post=34052"}],"version-history":[{"count":1,"href":"https:\/\/radiorevelacionfm.cl\/index.php?rest_route=\/wp\/v2\/posts\/34052\/revisions"}],"predecessor-version":[{"id":34055,"href":"https:\/\/radiorevelacionfm.cl\/index.php?rest_route=\/wp\/v2\/posts\/34052\/revisions\/34055"}],"wp:featuredmedia":[{"embeddable":true,"href":"https:\/\/radiorevelacionfm.cl\/index.php?rest_route=\/wp\/v2\/media\/34054"}],"wp:attachment":[{"href":"https:\/\/radiorevelacionfm.cl\/index.php?rest_route=%2Fwp%2Fv2%2Fmedia&parent=34052"}],"wp:term":[{"taxonomy":"category","embeddable":true,"href":"https:\/\/radiorevelacionfm.cl\/index.php?rest_route=%2Fwp%2Fv2%2Fcategories&post=34052"},{"taxonomy":"post_tag","embeddable":true,"href":"https:\/\/radiorevelacionfm.cl\/index.php?rest_route=%2Fwp%2Fv2%2Ftags&post=34052"}],"curies":[{"name":"wp","href":"https:\/\/api.w.org\/{rel}","templated":true}]}}