{"id":3405,"date":"2021-04-22T18:34:44","date_gmt":"2021-04-22T21:34:44","guid":{"rendered":"https:\/\/radiorevelacionfm.cl\/?p=3405"},"modified":"2021-04-22T18:34:44","modified_gmt":"2021-04-22T21:34:44","slug":"calisto-valoro-inauguracion-de-cancha-del-club-deportivo-cerro-porteno-de-puerto-aysen","status":"publish","type":"post","link":"https:\/\/radiorevelacionfm.cl\/?p=3405","title":{"rendered":"Calisto valor\u00f3 inauguraci\u00f3n de cancha del Club Deportivo Cerro Porte\u00f1o de Puerto Ays\u00e9n"},"content":{"rendered":"<div class=\"flex_column av_one_full  flex_column_div av-zero-column-padding first  avia-builder-el-0  el_before_av_one_full  avia-builder-el-first  \" style='border-radius:0px; '><div  class='avia-image-container  av-styling-    avia-builder-el-1  avia-builder-el-no-sibling  avia-align-center '  itemprop=\"image\" itemscope=\"itemscope\" itemtype=\"https:\/\/schema.org\/ImageObject\"  ><div class='avia-image-container-inner'><div class='avia-image-overlay-wrap'><img decoding=\"async\" class='wp-image-0 avia-img-lazy-loading-not-0 avia_image' src=\"https:\/\/radiorevelacionfm.cl\/wp-content\/uploads\/2021\/04\/FOTO-CERRO-PORTENO-1.jpg\" alt='' title=''   itemprop=\"thumbnailUrl\"  \/><\/div><\/div><\/div><\/div><div class=\"flex_column av_one_full  flex_column_div av-zero-column-padding first  avia-builder-el-2  el_after_av_one_full  el_before_av_one_full  column-top-margin\" style='border-radius:0px; '><section class=\"av_textblock_section \"  itemscope=\"itemscope\" itemtype=\"https:\/\/schema.org\/BlogPosting\" itemprop=\"blogPost\" ><div class='avia_textblock  '   itemprop=\"text\" ><p style=\"text-align: center;\"><strong><span style=\"font-size: 18pt;\">Calisto valor\u00f3 inauguraci\u00f3n de cancha del Club Deportivo Cerro Porte\u00f1o de Puerto Ays\u00e9n<\/span><\/strong><\/p>\n<div id=\"gtx-trans\" style=\"position: absolute; left: -50px; top: 4.31534px;\">\n<div class=\"gtx-trans-icon\"><\/div>\n<\/div>\n<\/div><\/section><\/div><div class=\"flex_column av_one_full  flex_column_div av-zero-column-padding first  avia-builder-el-4  el_after_av_one_full  el_before_av_hr  column-top-margin\" style='border-radius:0px; '><section class=\"av_textblock_section \"  itemscope=\"itemscope\" itemtype=\"https:\/\/schema.org\/BlogPosting\" itemprop=\"blogPost\" ><div class='avia_textblock  '   itemprop=\"text\" ><p style=\"font-weight: 400; text-align: justify;\">Como una gran noticia calific\u00f3 el diputado Miguel \u00c1ngel Calisto la inauguraci\u00f3n de la nueva cancha del Club Deportivo Cerro Porte\u00f1o en Puerto Ays\u00e9n, proyecto que involucr\u00f3 una inversi\u00f3n del gobierno Regional que super\u00f3 los 600 millones de pesos, y que pretende impulsar la pr\u00e1ctica del deporte en esa ciudad.<\/p>\n<p style=\"font-weight: 400; text-align: justify;\">Seg\u00fan el legislador, \u201cestamos muy contentos en la inauguraci\u00f3n de la cancha del Club Cerro Porte\u00f1o de Puerto Ays\u00e9n, este ha sido un trabajo iniciado hace cuatro a\u00f1os junto a los dirigentes. Hoy vemos la obra completa, una cancha de muy buen nivel, la \u00fanica que hoy est\u00e1 disponible para el deporte mientras se mejora la cancha de ANFA. Esta es una de las canchas que se hab\u00eda priorizado junto a la de el Salto y el Claro en Coyhaique\u201d.<\/p>\n<p style=\"font-weight: 400; text-align: justify;\">El diputado Calisto agreg\u00f3 que \u201ceste tipo de iniciativas son fundamentales para impulsar la vida sana y la pr\u00e1ctica del deporte, y as\u00ed tambi\u00e9n combatir la obesidad, la delincuencia, el alcoholismo y la drogadicci\u00f3n\u201d.<\/p>\n<p style=\"font-weight: 400; text-align: justify;\">Seg\u00fan Esteban S\u00e1nchez, Secretario del Club Deportivo Cerro Porte\u00f1o \u201cestamos felices por cumplir una etapa que est\u00e1bamos so\u00f1ando nosotros. Ojal\u00e1 las autoridades comprendan que la ciudadan\u00eda y la gente necesita lugares como estos para crecer. Esto no es solamente una cancha para venir a jugar a la pelota, es un lugar de crecimiento para la gente, integrar. No s\u00f3lo se requiere construir casas y calles, sino tambi\u00e9n canchas como estas\u201d.<\/p>\n<p style=\"font-weight: 400; text-align: justify;\">\u201cEste tipo de iniciativas nos permiten combatir los flagelos que afectan a la sociedad, la obesidad, el alcoholismo, las drogas. Nosotros tenemos ac\u00e1 una herramienta para combatir esas cosas, y una cancha para practicar deporte\u201d.<\/p>\n<p style=\"text-align: justify;\"><span style=\"font-weight: 400;\">Finalmente, el dirigente se\u00f1al\u00f3 que \u201cel otro objetivo es que esta cancha venga de la mano con una segunda etapa, grader\u00edas, camarines e iluminaci\u00f3n, que nos permitan practicar deportes en el invierno hasta la noche. Ojal\u00e1 que las autoridades nos escuchen para poder cumplir tambi\u00e9n esta segunda etapa.<\/span><\/p>\n<\/div><\/section><\/div><div  style='height:50px' class='hr hr-invisible   avia-builder-el-6  el_after_av_one_full  el_before_av_social_share '><span class='hr-inner ' ><span class='hr-inner-style'><\/span><\/span><\/div><\/p>\n<div  class='av-social-sharing-box  avia-builder-el-7  el_after_av_hr  el_before_av_hr  '><div class='av-share-box'><h5 class='av-share-link-description av-no-toc '>Compartir esta noticia<\/h5><ul class='av-share-box-list noLightbox'><li class='av-share-link av-social-link-facebook' ><a target=\"_blank\" aria-label=\"Compartir en Facebook\" href='https:\/\/www.facebook.com\/sharer.php?u=https:\/\/radiorevelacionfm.cl\/?p=3405&#038;t=Calisto%20valor%C3%B3%20inauguraci%C3%B3n%20de%20cancha%20del%20Club%20Deportivo%20Cerro%20Porte%C3%B1o%20de%20Puerto%20Ays%C3%A9n' aria-hidden='false' data-av_icon='\ue8f3' data-av_iconfont='entypo-fontello' title='' data-avia-related-tooltip='Compartir en Facebook' rel=\"noopener\"><span class='avia_hidden_link_text'>Compartir en Facebook<\/span><\/a><\/li><li class='av-share-link av-social-link-twitter' ><a target=\"_blank\" aria-label=\"Compartir en Twitter\" href='https:\/\/twitter.com\/share?text=Calisto%20valor%C3%B3%20inauguraci%C3%B3n%20de%20cancha%20del%20Club%20Deportivo%20Cerro%20Porte%C3%B1o%20de%20Puerto%20Ays%C3%A9n&#038;url=https:\/\/radiorevelacionfm.cl\/?p=3405' aria-hidden='false' data-av_icon='\ue8f1' data-av_iconfont='entypo-fontello' title='' data-avia-related-tooltip='Compartir en Twitter' rel=\"noopener\"><span class='avia_hidden_link_text'>Compartir en Twitter<\/span><\/a><\/li><li class='av-share-link av-social-link-whatsapp' ><a target=\"_blank\" aria-label=\"Compartir en Whatsapp\" href='https:\/\/api.whatsapp.com\/send?text=https:\/\/radiorevelacionfm.cl\/?p=3405' aria-hidden='false' data-av_icon='\uf232' data-av_iconfont='entypo-fontello' title='' data-avia-related-tooltip='Compartir en Whatsapp' rel=\"noopener\"><span class='avia_hidden_link_text'>Compartir en Whatsapp<\/span><\/a><\/li><li class='av-share-link av-social-link-linkedin' ><a target=\"_blank\" aria-label=\"Compartir en LinkedIn\" href='https:\/\/linkedin.com\/shareArticle?mini=true&#038;title=Calisto%20valor%C3%B3%20inauguraci%C3%B3n%20de%20cancha%20del%20Club%20Deportivo%20Cerro%20Porte%C3%B1o%20de%20Puerto%20Ays%C3%A9n&#038;url=https:\/\/radiorevelacionfm.cl\/?p=3405' aria-hidden='false' data-av_icon='\ue8fc' data-av_iconfont='entypo-fontello' title='' data-avia-related-tooltip='Compartir en LinkedIn' rel=\"noopener\"><span class='avia_hidden_link_text'>Compartir en LinkedIn<\/span><\/a><\/li><li class='av-share-link av-social-link-mail' ><a  aria-label=\"Compartir por correo\" href='mailto:?subject=Calisto%20valor%C3%B3%20inauguraci%C3%B3n%20de%20cancha%20del%20Club%20Deportivo%20Cerro%20Porte%C3%B1o%20de%20Puerto%20Ays%C3%A9n&#038;body=https:\/\/radiorevelacionfm.cl\/?p=3405' aria-hidden='false' data-av_icon='\ue805' data-av_iconfont='entypo-fontello' title='' data-avia-related-tooltip='Compartir por correo'><span class='avia_hidden_link_text'>Compartir por correo<\/span><\/a><\/li><\/ul><\/div><\/div>\n<div  style='height:50px' class='hr hr-invisible   avia-builder-el-8  el_after_av_social_share  el_before_av_comments_list '><span class='hr-inner ' ><span class='hr-inner-style'><\/span><\/span><\/div>\n<div  class='av-buildercomment  av-blog-meta-html-info-disabled av-blog-meta-tag-disabled  '><\/div>\n","protected":false},"excerpt":{"rendered":"","protected":false},"author":1,"featured_media":0,"comment_status":"open","ping_status":"open","sticky":false,"template":"","format":"standard","meta":{"footnotes":""},"categories":[40],"tags":[],"class_list":["post-3405","post","type-post","status-publish","format-standard","hentry","category-deportes"],"jetpack_featured_media_url":"","_links":{"self":[{"href":"https:\/\/radiorevelacionfm.cl\/index.php?rest_route=\/wp\/v2\/posts\/3405","targetHints":{"allow":["GET"]}}],"collection":[{"href":"https:\/\/radiorevelacionfm.cl\/index.php?rest_route=\/wp\/v2\/posts"}],"about":[{"href":"https:\/\/radiorevelacionfm.cl\/index.php?rest_route=\/wp\/v2\/types\/post"}],"author":[{"embeddable":true,"href":"https:\/\/radiorevelacionfm.cl\/index.php?rest_route=\/wp\/v2\/users\/1"}],"replies":[{"embeddable":true,"href":"https:\/\/radiorevelacionfm.cl\/index.php?rest_route=%2Fwp%2Fv2%2Fcomments&post=3405"}],"version-history":[{"count":1,"href":"https:\/\/radiorevelacionfm.cl\/index.php?rest_route=\/wp\/v2\/posts\/3405\/revisions"}],"predecessor-version":[{"id":3407,"href":"https:\/\/radiorevelacionfm.cl\/index.php?rest_route=\/wp\/v2\/posts\/3405\/revisions\/3407"}],"wp:attachment":[{"href":"https:\/\/radiorevelacionfm.cl\/index.php?rest_route=%2Fwp%2Fv2%2Fmedia&parent=3405"}],"wp:term":[{"taxonomy":"category","embeddable":true,"href":"https:\/\/radiorevelacionfm.cl\/index.php?rest_route=%2Fwp%2Fv2%2Fcategories&post=3405"},{"taxonomy":"post_tag","embeddable":true,"href":"https:\/\/radiorevelacionfm.cl\/index.php?rest_route=%2Fwp%2Fv2%2Ftags&post=3405"}],"curies":[{"name":"wp","href":"https:\/\/api.w.org\/{rel}","templated":true}]}}