{"id":34049,"date":"2023-08-20T18:36:46","date_gmt":"2023-08-20T21:36:46","guid":{"rendered":"https:\/\/radiorevelacionfm.cl\/?p=34049"},"modified":"2023-08-20T18:36:46","modified_gmt":"2023-08-20T21:36:46","slug":"empresa-de-aysen-continua-realizando-acciones-concretas-para-el-cuidado-del-medio-ambiente","status":"publish","type":"post","link":"https:\/\/radiorevelacionfm.cl\/?p=34049","title":{"rendered":"Empresa de Ays\u00e9n contin\u00faa realizando acciones concretas para el cuidado del medio ambiente"},"content":{"rendered":"<div class=\"flex_column av_one_full  flex_column_div av-zero-column-padding first  avia-builder-el-0  el_before_av_one_full  avia-builder-el-first  \" style='border-radius:0px; '><div  class='avia-image-container  av-styling-    avia-builder-el-1  avia-builder-el-no-sibling  avia-align-center '  itemprop=\"image\" itemscope=\"itemscope\" itemtype=\"https:\/\/schema.org\/ImageObject\"  ><div class='avia-image-container-inner'><div class='avia-image-overlay-wrap'><img decoding=\"async\" class='wp-image-34050 avia-img-lazy-loading-not-34050 avia_image' src=\"https:\/\/radiorevelacionfm.cl\/wp-content\/uploads\/2023\/08\/PLANTA-RECICLAJE-1-1-1.jpg\" alt='' title='PLANTA RECICLAJE 1 (1) (1)' height=\"600\" width=\"900\"  itemprop=\"thumbnailUrl\" srcset=\"https:\/\/radiorevelacionfm.cl\/wp-content\/uploads\/2023\/08\/PLANTA-RECICLAJE-1-1-1.jpg 900w, https:\/\/radiorevelacionfm.cl\/wp-content\/uploads\/2023\/08\/PLANTA-RECICLAJE-1-1-1-300x200.jpg 300w, https:\/\/radiorevelacionfm.cl\/wp-content\/uploads\/2023\/08\/PLANTA-RECICLAJE-1-1-1-768x512.jpg 768w, https:\/\/radiorevelacionfm.cl\/wp-content\/uploads\/2023\/08\/PLANTA-RECICLAJE-1-1-1-705x470.jpg 705w, https:\/\/radiorevelacionfm.cl\/wp-content\/uploads\/2023\/08\/PLANTA-RECICLAJE-1-1-1-450x300.jpg 450w, https:\/\/radiorevelacionfm.cl\/wp-content\/uploads\/2023\/08\/PLANTA-RECICLAJE-1-1-1-600x400.jpg 600w\" sizes=\"(max-width: 900px) 100vw, 900px\" \/><\/div><\/div><\/div><\/div><div class=\"flex_column av_one_full  flex_column_div av-zero-column-padding first  avia-builder-el-2  el_after_av_one_full  el_before_av_one_full  column-top-margin\" style='border-radius:0px; '><section class=\"av_textblock_section \"  itemscope=\"itemscope\" itemtype=\"https:\/\/schema.org\/BlogPosting\" itemprop=\"blogPost\" ><div class='avia_textblock  '   itemprop=\"text\" ><p style=\"text-align: center;\"><strong><span style=\"font-size: 18pt;\">Empresa de Ays\u00e9n contin\u00faa realizando acciones concretas para el cuidado del medio ambiente<\/span><\/strong><\/p>\n<div id=\"gtx-trans\" style=\"position: absolute; left: -50px; top: 4.31534px;\">\n<div class=\"gtx-trans-icon\"><\/div>\n<\/div>\n<\/div><\/section><\/div><div class=\"flex_column av_one_full  flex_column_div av-zero-column-padding first  avia-builder-el-4  el_after_av_one_full  el_before_av_hr  column-top-margin\" style='border-radius:0px; '><section class=\"av_textblock_section \"  itemscope=\"itemscope\" itemtype=\"https:\/\/schema.org\/BlogPosting\" itemprop=\"blogPost\" ><div class='avia_textblock  '   itemprop=\"text\" ><p style=\"text-align: justify;\">Despu\u00e9s de varios meses de trabajo, preparando el espacio y estableciendo los convenios necesarios para funcionar, a fines de la semana reci\u00e9n pasada, comenz\u00f3 a operar la planta de reciclaje de Empresas Bahamonde, la que inicialmente procesar\u00e1 pl\u00e1stico y plumavit, provenientes de la industria acu\u00edcola.<\/p>\n<p style=\"text-align: justify;\">Se realiz\u00f3 la instalaci\u00f3n de la maquinaria, las pruebas correspondientes y el resultado claramente es positivo, ya que, por ejemplo, antes se deb\u00eda trasladar un n\u00famero aproximado de 16 boyas que cubr\u00edan toda la rampa de un cami\u00f3n, sin embargo, hoy esa misma cantidad de boyas al ser reducidas en la planta ocupan el espacio de un pallet.<\/p>\n<p style=\"text-align: justify;\">Para concretar esta importante iniciativa, Empresas Bahamonde, estableci\u00f3 un convenio con la Empresa Recollect, quienes tienen cerca de una d\u00e9cada de experiencia en el mundo del reciclaje y en la jornada de prueba del equipamiento, estuvo el gerente zona sur de esta entidad privada, Juan Carlos Altamirano, capacitando a los trabajadores y constatando el buen resultado del proyecto.<\/p>\n<p style=\"text-align: justify;\">\u201cB\u00e1sicamente trabajando el pl\u00e1stico y plumavit, el pl\u00e1stico de boya se pelitiza, llevamos el material a Santiago y al final sacamos producto terminado y puede volver, quiz\u00e1s, a la misma zona como una econom\u00eda circular. En el caso del plumavit, lo prensamos, hoy estuvimos haciendo las pruebas, tenemos 16 boyas que ya procesamos y como resultado nos qued\u00f3 en un pallet de 1,20 por 1 metro. Ese es volumen final a lo que se reducen 16 boyas, que, en vez de estar tiradas en cualquier parte, se est\u00e1n recuperando para el objetivo final que es, por ejemplo, la limpieza de playas\u201d.<\/p>\n<p style=\"text-align: justify;\">Contento de llevar adelante otra iniciativa que busca seguir contribuyendo al cuidado del medio ambiente, se mostr\u00f3 el due\u00f1o y representante de Empresas Bahamonde, Alejandro Bahamonde, quien, adem\u00e1s, rescat\u00f3 la importancia de que la planta de reciclaje ya est\u00e9 dando trabajo a vecinos de Ays\u00e9n.<\/p>\n<p style=\"text-align: justify;\">\u201cGracias a Dios la planta ya est\u00e1 comenzando a funcionar, vino Juan Carlos de la empresa Recollect, a realizar la instalaci\u00f3n de la maquinaria y una capacitaci\u00f3n a las personas que van trabajar con dichas maquinas. Nos encontramos muy satisfechos, muy contentos de dar inicio a este nuevo proyecto, comenzamos con el plumavit y el pl\u00e1stico, lo otro importante es que, aqu\u00ed se va a poder entregar una fuente laboral a 5, 6 personas. Adem\u00e1s, estamos haciendo un convenio con Gendarmer\u00eda, para que venga alg\u00fan reo del kil\u00f3metro 10, sector Valle Verde, a trabajar dentro de nuestra planta de reciclaje\u201d.<\/p>\n<p style=\"text-align: justify;\">Desde Empresas Bahamonde y Recollect, se mostraron felices de establecer acciones conjuntas, en este caso, para potenciar el cuidado al medio ambiente, reducir los residuos industriales, en una primera etapa pl\u00e1stico y plumavit, ya que, en un futuro pr\u00f3ximo se espera ampliar las acciones de la planta de reciclaje de Puerto Ays\u00e9n.<\/p>\n<\/div><\/section><\/div><div  style='height:50px' class='hr hr-invisible   avia-builder-el-6  el_after_av_one_full  el_before_av_social_share '><span class='hr-inner ' ><span class='hr-inner-style'><\/span><\/span><\/div><\/p>\n<div  class='av-social-sharing-box  avia-builder-el-7  el_after_av_hr  el_before_av_hr  '><div class='av-share-box'><h5 class='av-share-link-description av-no-toc '>Compartir esta noticia<\/h5><ul class='av-share-box-list noLightbox'><li class='av-share-link av-social-link-facebook' ><a target=\"_blank\" aria-label=\"Compartir en Facebook\" href='https:\/\/www.facebook.com\/sharer.php?u=https:\/\/radiorevelacionfm.cl\/?p=34049&#038;t=Empresa%20de%20Ays%C3%A9n%20contin%C3%BAa%20realizando%20acciones%20concretas%20para%20el%20cuidado%20del%20medio%20ambiente' aria-hidden='false' data-av_icon='\ue8f3' data-av_iconfont='entypo-fontello' title='' data-avia-related-tooltip='Compartir en Facebook' rel=\"noopener\"><span class='avia_hidden_link_text'>Compartir en Facebook<\/span><\/a><\/li><li class='av-share-link av-social-link-twitter' ><a target=\"_blank\" aria-label=\"Compartir en Twitter\" href='https:\/\/twitter.com\/share?text=Empresa%20de%20Ays%C3%A9n%20contin%C3%BAa%20realizando%20acciones%20concretas%20para%20el%20cuidado%20del%20medio%20ambiente&#038;url=https:\/\/radiorevelacionfm.cl\/?p=34049' aria-hidden='false' data-av_icon='\ue8f1' data-av_iconfont='entypo-fontello' title='' data-avia-related-tooltip='Compartir en Twitter' rel=\"noopener\"><span class='avia_hidden_link_text'>Compartir en Twitter<\/span><\/a><\/li><li class='av-share-link av-social-link-whatsapp' ><a target=\"_blank\" aria-label=\"Compartir en Whatsapp\" href='https:\/\/api.whatsapp.com\/send?text=https:\/\/radiorevelacionfm.cl\/?p=34049' aria-hidden='false' data-av_icon='\uf232' data-av_iconfont='entypo-fontello' title='' data-avia-related-tooltip='Compartir en Whatsapp' rel=\"noopener\"><span class='avia_hidden_link_text'>Compartir en Whatsapp<\/span><\/a><\/li><li class='av-share-link av-social-link-linkedin' ><a target=\"_blank\" aria-label=\"Compartir en LinkedIn\" href='https:\/\/linkedin.com\/shareArticle?mini=true&#038;title=Empresa%20de%20Ays%C3%A9n%20contin%C3%BAa%20realizando%20acciones%20concretas%20para%20el%20cuidado%20del%20medio%20ambiente&#038;url=https:\/\/radiorevelacionfm.cl\/?p=34049' aria-hidden='false' data-av_icon='\ue8fc' data-av_iconfont='entypo-fontello' title='' data-avia-related-tooltip='Compartir en LinkedIn' rel=\"noopener\"><span class='avia_hidden_link_text'>Compartir en LinkedIn<\/span><\/a><\/li><li class='av-share-link av-social-link-mail' ><a  aria-label=\"Compartir por correo\" href='mailto:?subject=Empresa%20de%20Ays%C3%A9n%20contin%C3%BAa%20realizando%20acciones%20concretas%20para%20el%20cuidado%20del%20medio%20ambiente&#038;body=https:\/\/radiorevelacionfm.cl\/?p=34049' aria-hidden='false' data-av_icon='\ue805' data-av_iconfont='entypo-fontello' title='' data-avia-related-tooltip='Compartir por correo'><span class='avia_hidden_link_text'>Compartir por correo<\/span><\/a><\/li><\/ul><\/div><\/div>\n<div  style='height:50px' class='hr hr-invisible   avia-builder-el-8  el_after_av_social_share  el_before_av_comments_list '><span class='hr-inner ' ><span class='hr-inner-style'><\/span><\/span><\/div>\n<div  class='av-buildercomment  av-blog-meta-html-info-disabled av-blog-meta-tag-disabled  '><\/div>\n","protected":false},"excerpt":{"rendered":"","protected":false},"author":1,"featured_media":34050,"comment_status":"open","ping_status":"open","sticky":false,"template":"","format":"standard","meta":{"footnotes":""},"categories":[38],"tags":[],"class_list":["post-34049","post","type-post","status-publish","format-standard","has-post-thumbnail","hentry","category-regional"],"jetpack_featured_media_url":"https:\/\/radiorevelacionfm.cl\/wp-content\/uploads\/2023\/08\/PLANTA-RECICLAJE-1-1-1.jpg","_links":{"self":[{"href":"https:\/\/radiorevelacionfm.cl\/index.php?rest_route=\/wp\/v2\/posts\/34049","targetHints":{"allow":["GET"]}}],"collection":[{"href":"https:\/\/radiorevelacionfm.cl\/index.php?rest_route=\/wp\/v2\/posts"}],"about":[{"href":"https:\/\/radiorevelacionfm.cl\/index.php?rest_route=\/wp\/v2\/types\/post"}],"author":[{"embeddable":true,"href":"https:\/\/radiorevelacionfm.cl\/index.php?rest_route=\/wp\/v2\/users\/1"}],"replies":[{"embeddable":true,"href":"https:\/\/radiorevelacionfm.cl\/index.php?rest_route=%2Fwp%2Fv2%2Fcomments&post=34049"}],"version-history":[{"count":1,"href":"https:\/\/radiorevelacionfm.cl\/index.php?rest_route=\/wp\/v2\/posts\/34049\/revisions"}],"predecessor-version":[{"id":34051,"href":"https:\/\/radiorevelacionfm.cl\/index.php?rest_route=\/wp\/v2\/posts\/34049\/revisions\/34051"}],"wp:featuredmedia":[{"embeddable":true,"href":"https:\/\/radiorevelacionfm.cl\/index.php?rest_route=\/wp\/v2\/media\/34050"}],"wp:attachment":[{"href":"https:\/\/radiorevelacionfm.cl\/index.php?rest_route=%2Fwp%2Fv2%2Fmedia&parent=34049"}],"wp:term":[{"taxonomy":"category","embeddable":true,"href":"https:\/\/radiorevelacionfm.cl\/index.php?rest_route=%2Fwp%2Fv2%2Fcategories&post=34049"},{"taxonomy":"post_tag","embeddable":true,"href":"https:\/\/radiorevelacionfm.cl\/index.php?rest_route=%2Fwp%2Fv2%2Ftags&post=34049"}],"curies":[{"name":"wp","href":"https:\/\/api.w.org\/{rel}","templated":true}]}}