{"id":34036,"date":"2023-08-20T15:57:44","date_gmt":"2023-08-20T18:57:44","guid":{"rendered":"https:\/\/radiorevelacionfm.cl\/?p=34036"},"modified":"2023-08-20T15:57:44","modified_gmt":"2023-08-20T18:57:44","slug":"edelaysen-refuerza-su-presencia-en-chile-chico-con-diversas-actividades-con-la-comunidad","status":"publish","type":"post","link":"https:\/\/radiorevelacionfm.cl\/?p=34036","title":{"rendered":"Edelaysen refuerza su presencia en Chile Chico con diversas actividades con la comunidad"},"content":{"rendered":"<div class=\"flex_column av_one_full  flex_column_div av-zero-column-padding first  avia-builder-el-0  el_before_av_one_full  avia-builder-el-first  \" style='border-radius:0px; '><div  class='avia-image-container  av-styling-    avia-builder-el-1  avia-builder-el-no-sibling  avia-align-center '  itemprop=\"image\" itemscope=\"itemscope\" itemtype=\"https:\/\/schema.org\/ImageObject\"  ><div class='avia-image-container-inner'><div class='avia-image-overlay-wrap'><img decoding=\"async\" class='wp-image-34037 avia-img-lazy-loading-not-34037 avia_image' src=\"https:\/\/radiorevelacionfm.cl\/wp-content\/uploads\/2023\/08\/EDELAYSEN-CHILE-CHICO-1-1.jpeg\" alt='' title='EDELAYSEN CHILE CHICO (1) (1)' height=\"600\" width=\"800\"  itemprop=\"thumbnailUrl\" srcset=\"https:\/\/radiorevelacionfm.cl\/wp-content\/uploads\/2023\/08\/EDELAYSEN-CHILE-CHICO-1-1.jpeg 800w, https:\/\/radiorevelacionfm.cl\/wp-content\/uploads\/2023\/08\/EDELAYSEN-CHILE-CHICO-1-1-300x225.jpeg 300w, https:\/\/radiorevelacionfm.cl\/wp-content\/uploads\/2023\/08\/EDELAYSEN-CHILE-CHICO-1-1-768x576.jpeg 768w, https:\/\/radiorevelacionfm.cl\/wp-content\/uploads\/2023\/08\/EDELAYSEN-CHILE-CHICO-1-1-705x529.jpeg 705w, https:\/\/radiorevelacionfm.cl\/wp-content\/uploads\/2023\/08\/EDELAYSEN-CHILE-CHICO-1-1-450x338.jpeg 450w, https:\/\/radiorevelacionfm.cl\/wp-content\/uploads\/2023\/08\/EDELAYSEN-CHILE-CHICO-1-1-600x450.jpeg 600w\" sizes=\"(max-width: 800px) 100vw, 800px\" \/><\/div><\/div><\/div><\/div><div class=\"flex_column av_one_full  flex_column_div av-zero-column-padding first  avia-builder-el-2  el_after_av_one_full  el_before_av_one_full  column-top-margin\" style='border-radius:0px; '><section class=\"av_textblock_section \"  itemscope=\"itemscope\" itemtype=\"https:\/\/schema.org\/BlogPosting\" itemprop=\"blogPost\" ><div class='avia_textblock  '   itemprop=\"text\" ><p style=\"text-align: center;\"><strong><span style=\"font-size: 18pt;\">Edelaysen refuerza su presencia en Chile Chico con diversas actividades con la comunidad<\/span><\/strong><\/p>\n<div id=\"gtx-trans\" style=\"position: absolute; left: -50px; top: 4.31534px;\">\n<div class=\"gtx-trans-icon\"><\/div>\n<\/div>\n<\/div><\/section><\/div><div class=\"flex_column av_one_full  flex_column_div av-zero-column-padding first  avia-builder-el-4  el_after_av_one_full  el_before_av_hr  column-top-margin\" style='border-radius:0px; '><section class=\"av_textblock_section \"  itemscope=\"itemscope\" itemtype=\"https:\/\/schema.org\/BlogPosting\" itemprop=\"blogPost\" ><div class='avia_textblock  '   itemprop=\"text\" ><p style=\"text-align: justify;\">Fortaleciendo su compromiso con la comunidad de Chile Chico a trav\u00e9s de una serie de actividades, Edelaysen se reuni\u00f3 con el Delegado Presidencial Crist\u00f3bal Barcel\u00f3 y el alcalde Luperciano Mu\u00f1oz para estrechar la comunicaci\u00f3n con ambas instituciones y con la Uni\u00f3n Comunal de Chile Chico, donde se dieron a conocer los programas de vinculaci\u00f3n con la comunidad, escuchar inquietudes de los clientes y entregar valiosa informaci\u00f3n en relaci\u00f3n al suministro el\u00e9ctrico que reciben.<\/p>\n<p style=\"text-align: justify;\">Patricio Raimilla, jefe de Servicio al Cliente de Edelaysen mencion\u00f3 que \u201cser parte de la comunidad implica instancias como estas, donde nos relacionamos con su gente, autoridades y medios de comunicaci\u00f3n, para escuchar el sentir de nuestros clientes y tambi\u00e9n mostrar los trabajos que como distribuidora realizamos no solo en nuestro rol de entregar energ\u00eda confiable y segura, sino que adem\u00e1s de vinculaci\u00f3n con la comunidad, donde con nuestra bater\u00eda de programas de sustentabilidad, logramos ac\u00e9rcanos y conectar con la comunidad, vecinos y clientes de Edelaysen\u00bb.<\/p>\n<p style=\"text-align: justify;\">Por su parte, el delegado Presidencial Provincial, Crist\u00f3bal Barcel\u00f3 destac\u00f3 que \u201cfue una reuni\u00f3n muy fruct\u00edfera, donde pudimos ver primero cu\u00e1l es la realidad que tiene la empresa en materia de generaci\u00f3n, de distribuci\u00f3n, cu\u00e1les son los desaf\u00edos que se vienen, que son grandes en la provincia tambi\u00e9n. Y en la segunda instancia, que fue con la comunidad, yo creo que salieron muy contentos, o m\u00e1s que contentos, satisfechos de la comunidad con respecto a la informaci\u00f3n que se les entreg\u00f3, porque un tema que fue muy recurrente es mantener la informaci\u00f3n constante\u201d.<\/p>\n<p style=\"text-align: justify;\">Junto con ello, se realiz\u00f3 la \u201cFeria de la Ni\u00f1ez\u201d organizada por el municipio local donde la distribuidora estuvo presente con un stand entregando consejos para el buen cuidado y uso de la energ\u00eda y respondiendo a consultas de los ni\u00f1os y ni\u00f1as, para finalizar con un programa radial donde se dio a conocer parte importante del trabajo que realiza la el\u00e9ctrica en la comuna.<\/p>\n<p style=\"text-align: justify;\">En ese sentido, el alcalde Luperciano Mu\u00f1oz coment\u00f3:\u201c(Quiero) agradecer la colaboraci\u00f3n y la voluntad tambi\u00e9n que tuvo Edelaysen de estar con todo su personal, la verdad que para nosotros fue realmente una actitud muy generosa porque nosotros tenemos esa idea de que el ni\u00f1o tambi\u00e9n tiene que aprender de otra forma, interactuando, aprendiendo para qu\u00e9 son las instituciones, para qu\u00e9 est\u00e1 conformada una empresa privada, cu\u00e1les son sus prestaciones que hace, porque todo el mundo ac\u00e1 tiene luz, pero nadie de los ni\u00f1os, muchos no se preguntan qui\u00e9n la genera, de qu\u00e9 forma, as\u00ed que conformes con la presencia de la empresa en esta actividad\u201d.<\/p>\n<p style=\"text-align: justify;\">De esta manera, a trav\u00e9s de las distintas acciones en la ciudad de Chile Chico, Edelaysen refuerza el compromiso con sus clientes, fortaleciendo el dialogo tanto con las autoridades locales, como con los vecinos.<\/p>\n<p style=\"text-align: justify;\"><strong>\u00a0<\/strong><\/p>\n<p style=\"text-align: justify;\"><strong>\u00a0<\/strong><\/p>\n<p style=\"text-align: justify;\"><strong>\u00a0<\/strong><\/p>\n<\/div><\/section><\/div><div  style='height:50px' class='hr hr-invisible   avia-builder-el-6  el_after_av_one_full  el_before_av_social_share '><span class='hr-inner ' ><span class='hr-inner-style'><\/span><\/span><\/div><\/p>\n<div  class='av-social-sharing-box  avia-builder-el-7  el_after_av_hr  el_before_av_hr  '><div class='av-share-box'><h5 class='av-share-link-description av-no-toc '>Compartir esta noticia<\/h5><ul class='av-share-box-list noLightbox'><li class='av-share-link av-social-link-facebook' ><a target=\"_blank\" aria-label=\"Compartir en Facebook\" href='https:\/\/www.facebook.com\/sharer.php?u=https:\/\/radiorevelacionfm.cl\/?p=34036&#038;t=Edelaysen%20refuerza%20su%20presencia%20en%20Chile%20Chico%20con%20diversas%20actividades%20con%20la%20comunidad' aria-hidden='false' data-av_icon='\ue8f3' data-av_iconfont='entypo-fontello' title='' data-avia-related-tooltip='Compartir en Facebook' rel=\"noopener\"><span class='avia_hidden_link_text'>Compartir en Facebook<\/span><\/a><\/li><li class='av-share-link av-social-link-twitter' ><a target=\"_blank\" aria-label=\"Compartir en Twitter\" href='https:\/\/twitter.com\/share?text=Edelaysen%20refuerza%20su%20presencia%20en%20Chile%20Chico%20con%20diversas%20actividades%20con%20la%20comunidad&#038;url=https:\/\/radiorevelacionfm.cl\/?p=34036' aria-hidden='false' data-av_icon='\ue8f1' data-av_iconfont='entypo-fontello' title='' data-avia-related-tooltip='Compartir en Twitter' rel=\"noopener\"><span class='avia_hidden_link_text'>Compartir en Twitter<\/span><\/a><\/li><li class='av-share-link av-social-link-whatsapp' ><a target=\"_blank\" aria-label=\"Compartir en Whatsapp\" href='https:\/\/api.whatsapp.com\/send?text=https:\/\/radiorevelacionfm.cl\/?p=34036' aria-hidden='false' data-av_icon='\uf232' data-av_iconfont='entypo-fontello' title='' data-avia-related-tooltip='Compartir en Whatsapp' rel=\"noopener\"><span class='avia_hidden_link_text'>Compartir en Whatsapp<\/span><\/a><\/li><li class='av-share-link av-social-link-linkedin' ><a target=\"_blank\" aria-label=\"Compartir en LinkedIn\" href='https:\/\/linkedin.com\/shareArticle?mini=true&#038;title=Edelaysen%20refuerza%20su%20presencia%20en%20Chile%20Chico%20con%20diversas%20actividades%20con%20la%20comunidad&#038;url=https:\/\/radiorevelacionfm.cl\/?p=34036' aria-hidden='false' data-av_icon='\ue8fc' data-av_iconfont='entypo-fontello' title='' data-avia-related-tooltip='Compartir en LinkedIn' rel=\"noopener\"><span class='avia_hidden_link_text'>Compartir en LinkedIn<\/span><\/a><\/li><li class='av-share-link av-social-link-mail' ><a  aria-label=\"Compartir por correo\" href='mailto:?subject=Edelaysen%20refuerza%20su%20presencia%20en%20Chile%20Chico%20con%20diversas%20actividades%20con%20la%20comunidad&#038;body=https:\/\/radiorevelacionfm.cl\/?p=34036' aria-hidden='false' data-av_icon='\ue805' data-av_iconfont='entypo-fontello' title='' data-avia-related-tooltip='Compartir por correo'><span class='avia_hidden_link_text'>Compartir por correo<\/span><\/a><\/li><\/ul><\/div><\/div>\n<div  style='height:50px' class='hr hr-invisible   avia-builder-el-8  el_after_av_social_share  el_before_av_comments_list '><span class='hr-inner ' ><span class='hr-inner-style'><\/span><\/span><\/div>\n<div  class='av-buildercomment  av-blog-meta-html-info-disabled av-blog-meta-tag-disabled  '><\/div>\n","protected":false},"excerpt":{"rendered":"","protected":false},"author":1,"featured_media":34037,"comment_status":"open","ping_status":"open","sticky":false,"template":"","format":"standard","meta":{"footnotes":""},"categories":[38],"tags":[],"class_list":["post-34036","post","type-post","status-publish","format-standard","has-post-thumbnail","hentry","category-regional"],"jetpack_featured_media_url":"https:\/\/radiorevelacionfm.cl\/wp-content\/uploads\/2023\/08\/EDELAYSEN-CHILE-CHICO-1-1.jpeg","_links":{"self":[{"href":"https:\/\/radiorevelacionfm.cl\/index.php?rest_route=\/wp\/v2\/posts\/34036","targetHints":{"allow":["GET"]}}],"collection":[{"href":"https:\/\/radiorevelacionfm.cl\/index.php?rest_route=\/wp\/v2\/posts"}],"about":[{"href":"https:\/\/radiorevelacionfm.cl\/index.php?rest_route=\/wp\/v2\/types\/post"}],"author":[{"embeddable":true,"href":"https:\/\/radiorevelacionfm.cl\/index.php?rest_route=\/wp\/v2\/users\/1"}],"replies":[{"embeddable":true,"href":"https:\/\/radiorevelacionfm.cl\/index.php?rest_route=%2Fwp%2Fv2%2Fcomments&post=34036"}],"version-history":[{"count":1,"href":"https:\/\/radiorevelacionfm.cl\/index.php?rest_route=\/wp\/v2\/posts\/34036\/revisions"}],"predecessor-version":[{"id":34038,"href":"https:\/\/radiorevelacionfm.cl\/index.php?rest_route=\/wp\/v2\/posts\/34036\/revisions\/34038"}],"wp:featuredmedia":[{"embeddable":true,"href":"https:\/\/radiorevelacionfm.cl\/index.php?rest_route=\/wp\/v2\/media\/34037"}],"wp:attachment":[{"href":"https:\/\/radiorevelacionfm.cl\/index.php?rest_route=%2Fwp%2Fv2%2Fmedia&parent=34036"}],"wp:term":[{"taxonomy":"category","embeddable":true,"href":"https:\/\/radiorevelacionfm.cl\/index.php?rest_route=%2Fwp%2Fv2%2Fcategories&post=34036"},{"taxonomy":"post_tag","embeddable":true,"href":"https:\/\/radiorevelacionfm.cl\/index.php?rest_route=%2Fwp%2Fv2%2Ftags&post=34036"}],"curies":[{"name":"wp","href":"https:\/\/api.w.org\/{rel}","templated":true}]}}