{"id":34033,"date":"2023-08-19T16:45:06","date_gmt":"2023-08-19T19:45:06","guid":{"rendered":"https:\/\/radiorevelacionfm.cl\/?p=34033"},"modified":"2023-08-19T16:45:06","modified_gmt":"2023-08-19T19:45:06","slug":"investigan-muerte-de-poblador-ocurrida-en-las-cercanias-de-villa-ortega","status":"publish","type":"post","link":"https:\/\/radiorevelacionfm.cl\/?p=34033","title":{"rendered":"Investigan muerte de poblador ocurrida en las cercan\u00edas de Villa Ortega"},"content":{"rendered":"<div class=\"flex_column av_one_full  flex_column_div av-zero-column-padding first  avia-builder-el-0  el_before_av_one_full  avia-builder-el-first  \" style='border-radius:0px; '><div  class='avia-image-container  av-styling-    avia-builder-el-1  avia-builder-el-no-sibling  avia-align-center '  itemprop=\"image\" itemscope=\"itemscope\" itemtype=\"https:\/\/schema.org\/ImageObject\"  ><div class='avia-image-container-inner'><div class='avia-image-overlay-wrap'><img decoding=\"async\" class='wp-image-34034 avia-img-lazy-loading-not-34034 avia_image' src=\"https:\/\/radiorevelacionfm.cl\/wp-content\/uploads\/2023\/08\/Carabineros-Villa-Ortega2-1-1.jpg\" alt='' title='Carabineros Villa Ortega2 (1) (1)' height=\"600\" width=\"797\"  itemprop=\"thumbnailUrl\" srcset=\"https:\/\/radiorevelacionfm.cl\/wp-content\/uploads\/2023\/08\/Carabineros-Villa-Ortega2-1-1.jpg 797w, https:\/\/radiorevelacionfm.cl\/wp-content\/uploads\/2023\/08\/Carabineros-Villa-Ortega2-1-1-300x226.jpg 300w, https:\/\/radiorevelacionfm.cl\/wp-content\/uploads\/2023\/08\/Carabineros-Villa-Ortega2-1-1-768x578.jpg 768w, https:\/\/radiorevelacionfm.cl\/wp-content\/uploads\/2023\/08\/Carabineros-Villa-Ortega2-1-1-705x531.jpg 705w, https:\/\/radiorevelacionfm.cl\/wp-content\/uploads\/2023\/08\/Carabineros-Villa-Ortega2-1-1-450x339.jpg 450w, https:\/\/radiorevelacionfm.cl\/wp-content\/uploads\/2023\/08\/Carabineros-Villa-Ortega2-1-1-600x452.jpg 600w\" sizes=\"(max-width: 797px) 100vw, 797px\" \/><\/div><\/div><\/div><\/div><div class=\"flex_column av_one_full  flex_column_div av-zero-column-padding first  avia-builder-el-2  el_after_av_one_full  el_before_av_one_full  column-top-margin\" style='border-radius:0px; '><section class=\"av_textblock_section \"  itemscope=\"itemscope\" itemtype=\"https:\/\/schema.org\/BlogPosting\" itemprop=\"blogPost\" ><div class='avia_textblock  '   itemprop=\"text\" ><p style=\"text-align: center;\"><strong><span style=\"font-size: 18pt;\">Investigan muerte de poblador ocurrida en las cercan\u00edas de Villa Ortega<\/span><\/strong><\/p>\n<div id=\"gtx-trans\" style=\"position: absolute; left: -50px; top: 4.31534px;\">\n<div class=\"gtx-trans-icon\"><\/div>\n<\/div>\n<\/div><\/section><\/div><div class=\"flex_column av_one_full  flex_column_div av-zero-column-padding first  avia-builder-el-4  el_after_av_one_full  el_before_av_hr  column-top-margin\" style='border-radius:0px; '><section class=\"av_textblock_section \"  itemscope=\"itemscope\" itemtype=\"https:\/\/schema.org\/BlogPosting\" itemprop=\"blogPost\" ><div class='avia_textblock  '   itemprop=\"text\" ><p style=\"font-weight: 400; text-align: justify;\">V\u00edctima, de sexo masculino, hab\u00eda sido reportada como extraviada el pasado domingo 6 de agosto. Testigo de o\u00eddas aport\u00f3 antecedentes importantes para la investigaci\u00f3n.<\/p>\n<p style=\"font-weight: 400; text-align: justify;\">A ra\u00edz de un trabajo investigativo conjunto entre la Fiscal\u00eda Local de Coyhaique y la SIP y Labocar de Carabineros, se control\u00f3 este s\u00e1bado la detenci\u00f3n de dos imputados por un presunto delito de homicidio, ocurrido en fecha a determinar del mes de agosto de este a\u00f1o en un sector rural de Villa Ortega.<\/p>\n<p style=\"font-weight: 400; text-align: justify;\">En principio el caso fue denunciado como presunta desgracia el domingo 6 de agosto, es decir que la v\u00edctima hab\u00eda estado extraviada, en espec\u00edfico desde el mi\u00e9rcoles 2 del mismo mes. Sin embargo, ayer un testigo de o\u00eddas inform\u00f3 antecedentes relevantes para la investigaci\u00f3n, seg\u00fan explic\u00f3 el fiscal, jefe de Coyhaique, Jos\u00e9 Moris, los cuales ser\u00e1n expuestos pr\u00f3ximamente ante el tribunal.<\/p>\n<p style=\"font-weight: 400; text-align: justify;\">La audiencia de control de la detenci\u00f3n se efectu\u00f3 hoy ante el Juzgado de Garant\u00eda y la detenci\u00f3n de los imputados se ampli\u00f3 hasta el pr\u00f3ximo martes a mediod\u00eda, a fin de recabar mayores antecedentes en la carpeta investigativa del Ministerio P\u00fablico.<\/p>\n<p style=\"font-weight: 400; text-align: justify;\">El cuerpo de la v\u00edctima -una persona de sexo masculino- fue ubicado esta ma\u00f1ana por personal del Grupo de Operaciones Especiales de Carabineros, GOPE, luego de un intenso rastreo por el sector El Richard, lugar donde se presum\u00eda podr\u00eda estar la persona fallecida.<\/p>\n<p style=\"font-weight: 400; text-align: justify;\">La autopsia est\u00e1 actualmente en desarrollo en el Servicio M\u00e9dico Legal y ser\u00e1 informada pr\u00f3ximamente a la Fiscal\u00eda. En este caso, el Ministerio P\u00fablico tambi\u00e9n hab\u00eda solicitado diligencias a la Brigada de Homicidios de la PDI a ra\u00edz de la presunta desgracia denunciada.<\/p>\n<\/div><\/section><\/div><div  style='height:50px' class='hr hr-invisible   avia-builder-el-6  el_after_av_one_full  el_before_av_social_share '><span class='hr-inner ' ><span class='hr-inner-style'><\/span><\/span><\/div><\/p>\n<div  class='av-social-sharing-box  avia-builder-el-7  el_after_av_hr  el_before_av_hr  '><div class='av-share-box'><h5 class='av-share-link-description av-no-toc '>Compartir esta noticia<\/h5><ul class='av-share-box-list noLightbox'><li class='av-share-link av-social-link-facebook' ><a target=\"_blank\" aria-label=\"Compartir en Facebook\" href='https:\/\/www.facebook.com\/sharer.php?u=https:\/\/radiorevelacionfm.cl\/?p=34033&#038;t=Investigan%20muerte%20de%20poblador%20ocurrida%20en%20las%20cercan%C3%ADas%20de%20Villa%20Ortega' aria-hidden='false' data-av_icon='\ue8f3' data-av_iconfont='entypo-fontello' title='' data-avia-related-tooltip='Compartir en Facebook' rel=\"noopener\"><span class='avia_hidden_link_text'>Compartir en Facebook<\/span><\/a><\/li><li class='av-share-link av-social-link-twitter' ><a target=\"_blank\" aria-label=\"Compartir en Twitter\" href='https:\/\/twitter.com\/share?text=Investigan%20muerte%20de%20poblador%20ocurrida%20en%20las%20cercan%C3%ADas%20de%20Villa%20Ortega&#038;url=https:\/\/radiorevelacionfm.cl\/?p=34033' aria-hidden='false' data-av_icon='\ue8f1' data-av_iconfont='entypo-fontello' title='' data-avia-related-tooltip='Compartir en Twitter' rel=\"noopener\"><span class='avia_hidden_link_text'>Compartir en Twitter<\/span><\/a><\/li><li class='av-share-link av-social-link-whatsapp' ><a target=\"_blank\" aria-label=\"Compartir en Whatsapp\" href='https:\/\/api.whatsapp.com\/send?text=https:\/\/radiorevelacionfm.cl\/?p=34033' aria-hidden='false' data-av_icon='\uf232' data-av_iconfont='entypo-fontello' title='' data-avia-related-tooltip='Compartir en Whatsapp' rel=\"noopener\"><span class='avia_hidden_link_text'>Compartir en Whatsapp<\/span><\/a><\/li><li class='av-share-link av-social-link-linkedin' ><a target=\"_blank\" aria-label=\"Compartir en LinkedIn\" href='https:\/\/linkedin.com\/shareArticle?mini=true&#038;title=Investigan%20muerte%20de%20poblador%20ocurrida%20en%20las%20cercan%C3%ADas%20de%20Villa%20Ortega&#038;url=https:\/\/radiorevelacionfm.cl\/?p=34033' aria-hidden='false' data-av_icon='\ue8fc' data-av_iconfont='entypo-fontello' title='' data-avia-related-tooltip='Compartir en LinkedIn' rel=\"noopener\"><span class='avia_hidden_link_text'>Compartir en LinkedIn<\/span><\/a><\/li><li class='av-share-link av-social-link-mail' ><a  aria-label=\"Compartir por correo\" href='mailto:?subject=Investigan%20muerte%20de%20poblador%20ocurrida%20en%20las%20cercan%C3%ADas%20de%20Villa%20Ortega&#038;body=https:\/\/radiorevelacionfm.cl\/?p=34033' aria-hidden='false' data-av_icon='\ue805' data-av_iconfont='entypo-fontello' title='' data-avia-related-tooltip='Compartir por correo'><span class='avia_hidden_link_text'>Compartir por correo<\/span><\/a><\/li><\/ul><\/div><\/div>\n<div  style='height:50px' class='hr hr-invisible   avia-builder-el-8  el_after_av_social_share  el_before_av_comments_list '><span class='hr-inner ' ><span class='hr-inner-style'><\/span><\/span><\/div>\n<div  class='av-buildercomment  av-blog-meta-html-info-disabled av-blog-meta-tag-disabled  '><\/div>\n","protected":false},"excerpt":{"rendered":"","protected":false},"author":1,"featured_media":34034,"comment_status":"open","ping_status":"open","sticky":false,"template":"","format":"standard","meta":{"footnotes":""},"categories":[36],"tags":[],"class_list":["post-34033","post","type-post","status-publish","format-standard","has-post-thumbnail","hentry","category-policial"],"jetpack_featured_media_url":"https:\/\/radiorevelacionfm.cl\/wp-content\/uploads\/2023\/08\/Carabineros-Villa-Ortega2-1-1.jpg","_links":{"self":[{"href":"https:\/\/radiorevelacionfm.cl\/index.php?rest_route=\/wp\/v2\/posts\/34033","targetHints":{"allow":["GET"]}}],"collection":[{"href":"https:\/\/radiorevelacionfm.cl\/index.php?rest_route=\/wp\/v2\/posts"}],"about":[{"href":"https:\/\/radiorevelacionfm.cl\/index.php?rest_route=\/wp\/v2\/types\/post"}],"author":[{"embeddable":true,"href":"https:\/\/radiorevelacionfm.cl\/index.php?rest_route=\/wp\/v2\/users\/1"}],"replies":[{"embeddable":true,"href":"https:\/\/radiorevelacionfm.cl\/index.php?rest_route=%2Fwp%2Fv2%2Fcomments&post=34033"}],"version-history":[{"count":1,"href":"https:\/\/radiorevelacionfm.cl\/index.php?rest_route=\/wp\/v2\/posts\/34033\/revisions"}],"predecessor-version":[{"id":34035,"href":"https:\/\/radiorevelacionfm.cl\/index.php?rest_route=\/wp\/v2\/posts\/34033\/revisions\/34035"}],"wp:featuredmedia":[{"embeddable":true,"href":"https:\/\/radiorevelacionfm.cl\/index.php?rest_route=\/wp\/v2\/media\/34034"}],"wp:attachment":[{"href":"https:\/\/radiorevelacionfm.cl\/index.php?rest_route=%2Fwp%2Fv2%2Fmedia&parent=34033"}],"wp:term":[{"taxonomy":"category","embeddable":true,"href":"https:\/\/radiorevelacionfm.cl\/index.php?rest_route=%2Fwp%2Fv2%2Fcategories&post=34033"},{"taxonomy":"post_tag","embeddable":true,"href":"https:\/\/radiorevelacionfm.cl\/index.php?rest_route=%2Fwp%2Fv2%2Ftags&post=34033"}],"curies":[{"name":"wp","href":"https:\/\/api.w.org\/{rel}","templated":true}]}}