{"id":34029,"date":"2023-08-19T20:26:50","date_gmt":"2023-08-19T23:26:50","guid":{"rendered":"https:\/\/radiorevelacionfm.cl\/?p=34029"},"modified":"2023-08-19T20:26:50","modified_gmt":"2023-08-19T23:26:50","slug":"consejero-abello-tras-caso-fundaciones-hacienda-emite-nuevo-instructivo-que-regulara-transferencias-y-convenios-de-gobiernos-regionales","status":"publish","type":"post","link":"https:\/\/radiorevelacionfm.cl\/?p=34029","title":{"rendered":"Consejero Abello: \u201cTras caso Fundaciones Hacienda emite nuevo instructivo que regular\u00e1 transferencias y convenios de Gobiernos Regionales\u201d"},"content":{"rendered":"<div class=\"flex_column av_one_full  flex_column_div av-zero-column-padding first  avia-builder-el-0  el_before_av_one_full  avia-builder-el-first  \" style='border-radius:0px; '><div  class='avia-image-container  av-styling-    avia-builder-el-1  avia-builder-el-no-sibling  avia-align-center '  itemprop=\"image\" itemscope=\"itemscope\" itemtype=\"https:\/\/schema.org\/ImageObject\"  ><div class='avia-image-container-inner'><div class='avia-image-overlay-wrap'><img decoding=\"async\" class='wp-image-34030 avia-img-lazy-loading-not-34030 avia_image' src=\"https:\/\/radiorevelacionfm.cl\/wp-content\/uploads\/2023\/08\/foto-core-abello-1_optimized.jpg\" alt='' title='foto-core-abello-(1)_optimized' height=\"600\" width=\"885\"  itemprop=\"thumbnailUrl\" srcset=\"https:\/\/radiorevelacionfm.cl\/wp-content\/uploads\/2023\/08\/foto-core-abello-1_optimized.jpg 885w, https:\/\/radiorevelacionfm.cl\/wp-content\/uploads\/2023\/08\/foto-core-abello-1_optimized-300x203.jpg 300w, https:\/\/radiorevelacionfm.cl\/wp-content\/uploads\/2023\/08\/foto-core-abello-1_optimized-768x521.jpg 768w, https:\/\/radiorevelacionfm.cl\/wp-content\/uploads\/2023\/08\/foto-core-abello-1_optimized-705x478.jpg 705w, https:\/\/radiorevelacionfm.cl\/wp-content\/uploads\/2023\/08\/foto-core-abello-1_optimized-450x305.jpg 450w, https:\/\/radiorevelacionfm.cl\/wp-content\/uploads\/2023\/08\/foto-core-abello-1_optimized-600x407.jpg 600w\" sizes=\"(max-width: 885px) 100vw, 885px\" \/><\/div><\/div><\/div><\/div><div class=\"flex_column av_one_full  flex_column_div av-zero-column-padding first  avia-builder-el-2  el_after_av_one_full  el_before_av_one_full  column-top-margin\" style='border-radius:0px; '><section class=\"av_textblock_section \"  itemscope=\"itemscope\" itemtype=\"https:\/\/schema.org\/BlogPosting\" itemprop=\"blogPost\" ><div class='avia_textblock  '   itemprop=\"text\" ><p style=\"text-align: center;\"><strong><span style=\"font-size: 18pt;\">Consejero Abello: \u201cTras caso Fundaciones Hacienda emite nuevo instructivo que regular\u00e1 transferencias y convenios de Gobiernos Regionales\u201d<\/span><\/strong><\/p>\n<div id=\"gtx-trans\" style=\"position: absolute; left: -50px; top: 4.31534px;\">\n<div class=\"gtx-trans-icon\"><\/div>\n<\/div>\n<\/div><\/section><\/div><div class=\"flex_column av_one_full  flex_column_div av-zero-column-padding first  avia-builder-el-4  el_after_av_one_full  el_before_av_hr  column-top-margin\" style='border-radius:0px; '><section class=\"av_textblock_section \"  itemscope=\"itemscope\" itemtype=\"https:\/\/schema.org\/BlogPosting\" itemprop=\"blogPost\" ><div class='avia_textblock  '   itemprop=\"text\" ><p style=\"text-align: justify;\"><em>Insistiremos a partir de ello por la urgencia en un pronto proceso de concursabilidad para Programa de Reducci\u00f3n de Listas de Espera Quir\u00fargicas y Ambulatorias M\u00faltiples Patolog\u00edas, Regi\u00f3n de Ays\u00e9n.<\/em><\/p>\n<p style=\"text-align: justify;\">Debido a las m\u00faltiples casos y denuncias por caso Fundaciones en varias regiones, Hacienda reaccion\u00f3 y se adoptaron medidas en pos de re establecer medidas de control presupuestario en la celebraci\u00f3n de convenios y evitar posibles irregularidades en el traspaso de fondos p\u00fablicos entre fundaciones y reparticiones p\u00fablicas.<\/p>\n<p style=\"text-align: justify;\">Indic\u00f3 el Consejero Abello, tras conocerse el Oficio Circular N\u00b0 20 del Ministerio de Hacienda \u201cMe parece que estas medidas van en la direcci\u00f3n correcta, en materia presupuestaria eficiencia y rapidez en el gasto no puede eximir de medidas de control.<\/p>\n<p style=\"text-align: justify;\">En este nuevo escenario se\u00f1al\u00f3 el Consejero Abello, \u201cdesde el CORE insistiremos en un pronto proceso concursal para poder ejecutar programa que permitir\u00eda reducir listas de esperas de la Red de\u00a0 Salud de nuestra regi\u00f3n, el programa existe, pero no podemos asignar presupuesto directamente a una Fundaci\u00f3n tras nuevo instructivo de Hacienda.\u201d<\/p>\n<p style=\"text-align: justify;\">Fiablemente, se\u00f1al\u00f3 el Consejero Jorge Abello, \u201cestas nuevas reglas establecidas tienen alcances para los servicios p\u00fablicos, municipios y Gores, por ello espero que los problemas de reciente ocurrencia por la falta de control administrativo y pol\u00edtico no se repitan y que la nueva ley de presupuesto 2024 complemente y refuerce estas nuevas medidas establecidas\u201d.<\/p>\n<\/div><\/section><\/div><div  style='height:50px' class='hr hr-invisible   avia-builder-el-6  el_after_av_one_full  el_before_av_social_share '><span class='hr-inner ' ><span class='hr-inner-style'><\/span><\/span><\/div><\/p>\n<div  class='av-social-sharing-box  avia-builder-el-7  el_after_av_hr  el_before_av_hr  '><div class='av-share-box'><h5 class='av-share-link-description av-no-toc '>Compartir esta noticia<\/h5><ul class='av-share-box-list noLightbox'><li class='av-share-link av-social-link-facebook' ><a target=\"_blank\" aria-label=\"Compartir en Facebook\" href='https:\/\/www.facebook.com\/sharer.php?u=https:\/\/radiorevelacionfm.cl\/?p=34029&#038;t=Consejero%20Abello%3A%20%E2%80%9CTras%20caso%20Fundaciones%20Hacienda%20emite%20nuevo%20instructivo%20que%20regular%C3%A1%20transferencias%20y%20convenios%20de%20Gobiernos%20Regionales%E2%80%9D' aria-hidden='false' data-av_icon='\ue8f3' data-av_iconfont='entypo-fontello' title='' data-avia-related-tooltip='Compartir en Facebook' rel=\"noopener\"><span class='avia_hidden_link_text'>Compartir en Facebook<\/span><\/a><\/li><li class='av-share-link av-social-link-twitter' ><a target=\"_blank\" aria-label=\"Compartir en Twitter\" href='https:\/\/twitter.com\/share?text=Consejero%20Abello%3A%20%E2%80%9CTras%20caso%20Fundaciones%20Hacienda%20emite%20nuevo%20instructivo%20que%20regular%C3%A1%20transferencias%20y%20convenios%20de%20Gobiernos%20Regionales%E2%80%9D&#038;url=https:\/\/radiorevelacionfm.cl\/?p=34029' aria-hidden='false' data-av_icon='\ue8f1' data-av_iconfont='entypo-fontello' title='' data-avia-related-tooltip='Compartir en Twitter' rel=\"noopener\"><span class='avia_hidden_link_text'>Compartir en Twitter<\/span><\/a><\/li><li class='av-share-link av-social-link-whatsapp' ><a target=\"_blank\" aria-label=\"Compartir en Whatsapp\" href='https:\/\/api.whatsapp.com\/send?text=https:\/\/radiorevelacionfm.cl\/?p=34029' aria-hidden='false' data-av_icon='\uf232' data-av_iconfont='entypo-fontello' title='' data-avia-related-tooltip='Compartir en Whatsapp' rel=\"noopener\"><span class='avia_hidden_link_text'>Compartir en Whatsapp<\/span><\/a><\/li><li class='av-share-link av-social-link-linkedin' ><a target=\"_blank\" aria-label=\"Compartir en LinkedIn\" href='https:\/\/linkedin.com\/shareArticle?mini=true&#038;title=Consejero%20Abello%3A%20%E2%80%9CTras%20caso%20Fundaciones%20Hacienda%20emite%20nuevo%20instructivo%20que%20regular%C3%A1%20transferencias%20y%20convenios%20de%20Gobiernos%20Regionales%E2%80%9D&#038;url=https:\/\/radiorevelacionfm.cl\/?p=34029' aria-hidden='false' data-av_icon='\ue8fc' data-av_iconfont='entypo-fontello' title='' data-avia-related-tooltip='Compartir en LinkedIn' rel=\"noopener\"><span class='avia_hidden_link_text'>Compartir en LinkedIn<\/span><\/a><\/li><li class='av-share-link av-social-link-mail' ><a  aria-label=\"Compartir por correo\" href='mailto:?subject=Consejero%20Abello%3A%20%E2%80%9CTras%20caso%20Fundaciones%20Hacienda%20emite%20nuevo%20instructivo%20que%20regular%C3%A1%20transferencias%20y%20convenios%20de%20Gobiernos%20Regionales%E2%80%9D&#038;body=https:\/\/radiorevelacionfm.cl\/?p=34029' aria-hidden='false' data-av_icon='\ue805' data-av_iconfont='entypo-fontello' title='' data-avia-related-tooltip='Compartir por correo'><span class='avia_hidden_link_text'>Compartir por correo<\/span><\/a><\/li><\/ul><\/div><\/div>\n<div  style='height:50px' class='hr hr-invisible   avia-builder-el-8  el_after_av_social_share  el_before_av_comments_list '><span class='hr-inner ' ><span class='hr-inner-style'><\/span><\/span><\/div>\n<div  class='av-buildercomment  av-blog-meta-html-info-disabled av-blog-meta-tag-disabled  '><\/div>\n","protected":false},"excerpt":{"rendered":"","protected":false},"author":1,"featured_media":34030,"comment_status":"open","ping_status":"open","sticky":false,"template":"","format":"standard","meta":{"footnotes":""},"categories":[38],"tags":[],"class_list":["post-34029","post","type-post","status-publish","format-standard","has-post-thumbnail","hentry","category-regional"],"jetpack_featured_media_url":"https:\/\/radiorevelacionfm.cl\/wp-content\/uploads\/2023\/08\/foto-core-abello-1_optimized.jpg","_links":{"self":[{"href":"https:\/\/radiorevelacionfm.cl\/index.php?rest_route=\/wp\/v2\/posts\/34029","targetHints":{"allow":["GET"]}}],"collection":[{"href":"https:\/\/radiorevelacionfm.cl\/index.php?rest_route=\/wp\/v2\/posts"}],"about":[{"href":"https:\/\/radiorevelacionfm.cl\/index.php?rest_route=\/wp\/v2\/types\/post"}],"author":[{"embeddable":true,"href":"https:\/\/radiorevelacionfm.cl\/index.php?rest_route=\/wp\/v2\/users\/1"}],"replies":[{"embeddable":true,"href":"https:\/\/radiorevelacionfm.cl\/index.php?rest_route=%2Fwp%2Fv2%2Fcomments&post=34029"}],"version-history":[{"count":1,"href":"https:\/\/radiorevelacionfm.cl\/index.php?rest_route=\/wp\/v2\/posts\/34029\/revisions"}],"predecessor-version":[{"id":34031,"href":"https:\/\/radiorevelacionfm.cl\/index.php?rest_route=\/wp\/v2\/posts\/34029\/revisions\/34031"}],"wp:featuredmedia":[{"embeddable":true,"href":"https:\/\/radiorevelacionfm.cl\/index.php?rest_route=\/wp\/v2\/media\/34030"}],"wp:attachment":[{"href":"https:\/\/radiorevelacionfm.cl\/index.php?rest_route=%2Fwp%2Fv2%2Fmedia&parent=34029"}],"wp:term":[{"taxonomy":"category","embeddable":true,"href":"https:\/\/radiorevelacionfm.cl\/index.php?rest_route=%2Fwp%2Fv2%2Fcategories&post=34029"},{"taxonomy":"post_tag","embeddable":true,"href":"https:\/\/radiorevelacionfm.cl\/index.php?rest_route=%2Fwp%2Fv2%2Ftags&post=34029"}],"curies":[{"name":"wp","href":"https:\/\/api.w.org\/{rel}","templated":true}]}}