{"id":34023,"date":"2023-08-19T18:41:42","date_gmt":"2023-08-19T21:41:42","guid":{"rendered":"https:\/\/radiorevelacionfm.cl\/?p=34023"},"modified":"2023-08-19T18:41:42","modified_gmt":"2023-08-19T21:41:42","slug":"invitan-a-adolescentes-de-coyhaique-y-aysen-a-participar-en-jornada-de-formacion-de-defensores-y-defensoras-de-derechos-de-la-ninez-y-adolescencia","status":"publish","type":"post","link":"https:\/\/radiorevelacionfm.cl\/?p=34023","title":{"rendered":"Invitan a adolescentes de Coyhaique y Ays\u00e9n a participar en Jornada de Formaci\u00f3n de Defensores y Defensoras de Derechos de la Ni\u00f1ez y Adolescencia"},"content":{"rendered":"<div class=\"flex_column av_one_full  flex_column_div av-zero-column-padding first  avia-builder-el-0  el_before_av_one_full  avia-builder-el-first  \" style='border-radius:0px; '><div  class='avia-image-container  av-styling-    avia-builder-el-1  avia-builder-el-no-sibling  avia-align-center '  itemprop=\"image\" itemscope=\"itemscope\" itemtype=\"https:\/\/schema.org\/ImageObject\"  ><div class='avia-image-container-inner'><div class='avia-image-overlay-wrap'><img decoding=\"async\" class='wp-image-34025 avia-img-lazy-loading-not-34025 avia_image' src=\"https:\/\/radiorevelacionfm.cl\/wp-content\/uploads\/2023\/08\/afiche-4_optimized.jpg\" alt='' title='afiche-(4)_optimized' height=\"540\" width=\"540\"  itemprop=\"thumbnailUrl\" srcset=\"https:\/\/radiorevelacionfm.cl\/wp-content\/uploads\/2023\/08\/afiche-4_optimized.jpg 540w, https:\/\/radiorevelacionfm.cl\/wp-content\/uploads\/2023\/08\/afiche-4_optimized-300x300.jpg 300w, https:\/\/radiorevelacionfm.cl\/wp-content\/uploads\/2023\/08\/afiche-4_optimized-80x80.jpg 80w, https:\/\/radiorevelacionfm.cl\/wp-content\/uploads\/2023\/08\/afiche-4_optimized-36x36.jpg 36w, https:\/\/radiorevelacionfm.cl\/wp-content\/uploads\/2023\/08\/afiche-4_optimized-180x180.jpg 180w, https:\/\/radiorevelacionfm.cl\/wp-content\/uploads\/2023\/08\/afiche-4_optimized-120x120.jpg 120w, https:\/\/radiorevelacionfm.cl\/wp-content\/uploads\/2023\/08\/afiche-4_optimized-450x450.jpg 450w, https:\/\/radiorevelacionfm.cl\/wp-content\/uploads\/2023\/08\/afiche-4_optimized-100x100.jpg 100w\" sizes=\"(max-width: 540px) 100vw, 540px\" \/><\/div><\/div><\/div><\/div><div class=\"flex_column av_one_full  flex_column_div av-zero-column-padding first  avia-builder-el-2  el_after_av_one_full  el_before_av_one_full  column-top-margin\" style='border-radius:0px; '><section class=\"av_textblock_section \"  itemscope=\"itemscope\" itemtype=\"https:\/\/schema.org\/BlogPosting\" itemprop=\"blogPost\" ><div class='avia_textblock  '   itemprop=\"text\" ><p style=\"text-align: center;\"><strong><span style=\"font-size: 18pt;\">Invitan a adolescentes de Coyhaique y Ays\u00e9n a participar en Jornada de Formaci\u00f3n de Defensores y Defensoras de Derechos de la Ni\u00f1ez y Adolescencia<\/span><\/strong><\/p>\n<div id=\"gtx-trans\" style=\"position: absolute; left: -50px; top: 4.31534px;\">\n<div class=\"gtx-trans-icon\"><\/div>\n<\/div>\n<\/div><\/section><\/div><div class=\"flex_column av_one_full  flex_column_div av-zero-column-padding first  avia-builder-el-4  el_after_av_one_full  el_before_av_hr  column-top-margin\" style='border-radius:0px; '><section class=\"av_textblock_section \"  itemscope=\"itemscope\" itemtype=\"https:\/\/schema.org\/BlogPosting\" itemprop=\"blogPost\" ><div class='avia_textblock  '   itemprop=\"text\" ><p style=\"text-align: justify;\">Generar capacidades en l\u00edderes, lideresas, dirigentes y actores sociales juveniles para la promoci\u00f3n de Derechos de la Ni\u00f1ez y Adolescencia y dar a conocer el funcionamiento de la L\u00ednea de Representaci\u00f3n Jur\u00eddica Especializada de Ni\u00f1os, Ni\u00f1as y Adolescentes a nivel regional, son algunos de los objetivos de la Jornada de Formaci\u00f3n de Defensores y Defensoras de Derechos de la Ni\u00f1ez y Adolescencia que se llevar\u00e1 a cabo la pr\u00f3xima semana en Coyhaique y Puerto Ays\u00e9n.<\/p>\n<p style=\"text-align: justify;\">Estas jornadas destinadas a adolescentes l\u00edderes, dirigentes o participantes de organizaciones juveniles o sociales de cualquier \u00edndole, as\u00ed como a adolescentes que presenten inter\u00e9s en la tem\u00e1tica, y donde se abordar\u00e1 la participaci\u00f3n incidente, el derecho a la identidad de g\u00e9nero, la prevenci\u00f3n del suicidio adolescente, el derecho a una vida sin violencia, el derecho a la educaci\u00f3n y a un buen trato, se desarrollar\u00e1 en Coyhaique el martes 22 de agosto en dependencias de la Biblioteca Regional y se replicar\u00e1 el viernes 25 de agosto en la Casa de la Cultura de Puerto Ays\u00e9n.<\/p>\n<p style=\"text-align: justify;\">Respecto a esta instancia, la Coordinadora de la L\u00ednea de Representaci\u00f3n Jur\u00eddica La Ni\u00f1ez y la Adolescencia se Defienden Constanza Alvarado se\u00f1al\u00f3 \u00a0que \u201cqueremos invitarlos a participar de las Jornadas de Defensores de Derechos de la Ni\u00f1ez y la Adolescencia que efectuaremos en Coyhaique el martes 22 de agosto y en Puerto Ays\u00e9n el 25 de agosto, instancias en que abordaremos temas de relevancia y de inter\u00e9s para los Ni\u00f1os, Ni\u00f1as y Adolescentes de nuestra regi\u00f3n y que les permitir\u00e1 empoderarse en sus derechos, tenemos la convicci\u00f3n que ser\u00e1 una oportunidad de formaci\u00f3n para nuestros NNA que les otorgar\u00e1 conocimiento y herramientas para ejercer liderazgos positivos en sus comunidades\u201d.<\/p>\n<p style=\"text-align: justify;\">Mientras que el Seremi de Justicia y Derechos Humanos, Samuel Navarro Castro valor\u00f3 el desarrollo de estas actividades se\u00f1alando que \u201cnos parece relevante y muy importante entregar conocimientos y competencias a los j\u00f3venes y adolescentes que representan o pueden representar a sus pares, y como pueden enfrentar esta tem\u00e1ticas como sujetos de derechos y abogar por los mismos, en este sentido vamos conformando una sociedad acorde a los est\u00e1ndares internacionales y la normativa nacional en materia de Derechos Humanos, en un grupo de especial protecci\u00f3n como la ni\u00f1ez y la adolescencia, por lo que valoramos esta iniciativa y reconocemos el trabajo y desempe\u00f1o de los y las profesionales de la Corporaci\u00f3n de Asistencia Judicial\u201d.<\/p>\n<p style=\"text-align: justify;\">Finalmente, cabe se\u00f1alar que la actividad es organizada por la L\u00ednea de Representaci\u00f3n Jur\u00eddica Especializada \u201cLa Ni\u00f1ez y Adolescencia se Defienden\u201d en colaboraci\u00f3n con el INDH, COSAM (Centro Comunitario de Salud Mental) Coyhaique, CESFAM (Centro de Salud Familiar) Puerto Ays\u00e9n, Programa Crece Con Orgullo, DEM Coyhaique y Puerto Ays\u00e9n, Sernameg y los municipios de Coyhaique y Puerto Ays\u00e9n.<\/p>\n<p style=\"text-align: justify;\"><em>Los participantes deben inscribirse ingresando a la siguiente plataforma:<\/em><\/p>\n<p style=\"text-align: justify;\"><em><a href=\"https:\/\/forms.gle\/hceXRvWFwqkhdd8H6https:\/forms.gle\/hceXRvWFwqkhdd8H6\">https:\/\/forms.gle\/hceXRvWFwqkhdd8H6https:\/\/forms.gle\/hceXRvWFwqkhdd8H6<\/a> o bien escaneando e<\/em><em>l c\u00f3digo QR que aparece en el afiche promocional de la actividad.<\/em><\/p>\n<\/div><\/section><\/div><div  style='height:50px' class='hr hr-invisible   avia-builder-el-6  el_after_av_one_full  el_before_av_social_share '><span class='hr-inner ' ><span class='hr-inner-style'><\/span><\/span><\/div><\/p>\n<div  class='av-social-sharing-box  avia-builder-el-7  el_after_av_hr  el_before_av_hr  '><div class='av-share-box'><h5 class='av-share-link-description av-no-toc '>Compartir esta noticia<\/h5><ul class='av-share-box-list noLightbox'><li class='av-share-link av-social-link-facebook' ><a target=\"_blank\" aria-label=\"Compartir en Facebook\" href='https:\/\/www.facebook.com\/sharer.php?u=https:\/\/radiorevelacionfm.cl\/?p=34023&#038;t=Invitan%20a%20adolescentes%20de%20Coyhaique%20y%20Ays%C3%A9n%20a%20participar%20en%20Jornada%20de%20Formaci%C3%B3n%20de%20Defensores%20y%20Defensoras%20de%20Derechos%20de%20la%20Ni%C3%B1ez%20y%20Adolescencia' aria-hidden='false' data-av_icon='\ue8f3' data-av_iconfont='entypo-fontello' title='' data-avia-related-tooltip='Compartir en Facebook' rel=\"noopener\"><span class='avia_hidden_link_text'>Compartir en Facebook<\/span><\/a><\/li><li class='av-share-link av-social-link-twitter' ><a target=\"_blank\" aria-label=\"Compartir en Twitter\" href='https:\/\/twitter.com\/share?text=Invitan%20a%20adolescentes%20de%20Coyhaique%20y%20Ays%C3%A9n%20a%20participar%20en%20Jornada%20de%20Formaci%C3%B3n%20de%20Defensores%20y%20Defensoras%20de%20Derechos%20de%20la%20Ni%C3%B1ez%20y%20Adolescencia&#038;url=https:\/\/radiorevelacionfm.cl\/?p=34023' aria-hidden='false' data-av_icon='\ue8f1' data-av_iconfont='entypo-fontello' title='' data-avia-related-tooltip='Compartir en Twitter' rel=\"noopener\"><span class='avia_hidden_link_text'>Compartir en Twitter<\/span><\/a><\/li><li class='av-share-link av-social-link-whatsapp' ><a target=\"_blank\" aria-label=\"Compartir en Whatsapp\" href='https:\/\/api.whatsapp.com\/send?text=https:\/\/radiorevelacionfm.cl\/?p=34023' aria-hidden='false' data-av_icon='\uf232' data-av_iconfont='entypo-fontello' title='' data-avia-related-tooltip='Compartir en Whatsapp' rel=\"noopener\"><span class='avia_hidden_link_text'>Compartir en Whatsapp<\/span><\/a><\/li><li class='av-share-link av-social-link-linkedin' ><a target=\"_blank\" aria-label=\"Compartir en LinkedIn\" href='https:\/\/linkedin.com\/shareArticle?mini=true&#038;title=Invitan%20a%20adolescentes%20de%20Coyhaique%20y%20Ays%C3%A9n%20a%20participar%20en%20Jornada%20de%20Formaci%C3%B3n%20de%20Defensores%20y%20Defensoras%20de%20Derechos%20de%20la%20Ni%C3%B1ez%20y%20Adolescencia&#038;url=https:\/\/radiorevelacionfm.cl\/?p=34023' aria-hidden='false' data-av_icon='\ue8fc' data-av_iconfont='entypo-fontello' title='' data-avia-related-tooltip='Compartir en LinkedIn' rel=\"noopener\"><span class='avia_hidden_link_text'>Compartir en LinkedIn<\/span><\/a><\/li><li class='av-share-link av-social-link-mail' ><a  aria-label=\"Compartir por correo\" href='mailto:?subject=Invitan%20a%20adolescentes%20de%20Coyhaique%20y%20Ays%C3%A9n%20a%20participar%20en%20Jornada%20de%20Formaci%C3%B3n%20de%20Defensores%20y%20Defensoras%20de%20Derechos%20de%20la%20Ni%C3%B1ez%20y%20Adolescencia&#038;body=https:\/\/radiorevelacionfm.cl\/?p=34023' aria-hidden='false' data-av_icon='\ue805' data-av_iconfont='entypo-fontello' title='' data-avia-related-tooltip='Compartir por correo'><span class='avia_hidden_link_text'>Compartir por correo<\/span><\/a><\/li><\/ul><\/div><\/div>\n<div  style='height:50px' class='hr hr-invisible   avia-builder-el-8  el_after_av_social_share  el_before_av_comments_list '><span class='hr-inner ' ><span class='hr-inner-style'><\/span><\/span><\/div>\n<div  class='av-buildercomment  av-blog-meta-html-info-disabled av-blog-meta-tag-disabled  '><\/div>\n","protected":false},"excerpt":{"rendered":"","protected":false},"author":1,"featured_media":34024,"comment_status":"open","ping_status":"open","sticky":false,"template":"","format":"standard","meta":{"footnotes":""},"categories":[55],"tags":[],"class_list":["post-34023","post","type-post","status-publish","format-standard","has-post-thumbnail","hentry","category-justicia"],"jetpack_featured_media_url":"https:\/\/radiorevelacionfm.cl\/wp-content\/uploads\/2023\/08\/afiche-3-1.jpg","_links":{"self":[{"href":"https:\/\/radiorevelacionfm.cl\/index.php?rest_route=\/wp\/v2\/posts\/34023","targetHints":{"allow":["GET"]}}],"collection":[{"href":"https:\/\/radiorevelacionfm.cl\/index.php?rest_route=\/wp\/v2\/posts"}],"about":[{"href":"https:\/\/radiorevelacionfm.cl\/index.php?rest_route=\/wp\/v2\/types\/post"}],"author":[{"embeddable":true,"href":"https:\/\/radiorevelacionfm.cl\/index.php?rest_route=\/wp\/v2\/users\/1"}],"replies":[{"embeddable":true,"href":"https:\/\/radiorevelacionfm.cl\/index.php?rest_route=%2Fwp%2Fv2%2Fcomments&post=34023"}],"version-history":[{"count":1,"href":"https:\/\/radiorevelacionfm.cl\/index.php?rest_route=\/wp\/v2\/posts\/34023\/revisions"}],"predecessor-version":[{"id":34026,"href":"https:\/\/radiorevelacionfm.cl\/index.php?rest_route=\/wp\/v2\/posts\/34023\/revisions\/34026"}],"wp:featuredmedia":[{"embeddable":true,"href":"https:\/\/radiorevelacionfm.cl\/index.php?rest_route=\/wp\/v2\/media\/34024"}],"wp:attachment":[{"href":"https:\/\/radiorevelacionfm.cl\/index.php?rest_route=%2Fwp%2Fv2%2Fmedia&parent=34023"}],"wp:term":[{"taxonomy":"category","embeddable":true,"href":"https:\/\/radiorevelacionfm.cl\/index.php?rest_route=%2Fwp%2Fv2%2Fcategories&post=34023"},{"taxonomy":"post_tag","embeddable":true,"href":"https:\/\/radiorevelacionfm.cl\/index.php?rest_route=%2Fwp%2Fv2%2Ftags&post=34023"}],"curies":[{"name":"wp","href":"https:\/\/api.w.org\/{rel}","templated":true}]}}