{"id":34020,"date":"2023-08-18T20:37:46","date_gmt":"2023-08-18T23:37:46","guid":{"rendered":"https:\/\/radiorevelacionfm.cl\/?p=34020"},"modified":"2023-08-18T20:37:46","modified_gmt":"2023-08-18T23:37:46","slug":"invitan-a-comunidad-escolar-a-participar-en-concurso-cuentos-de-invierno","status":"publish","type":"post","link":"https:\/\/radiorevelacionfm.cl\/?p=34020","title":{"rendered":"Invitan a comunidad escolar a participar en Concurso Cuentos de Invierno"},"content":{"rendered":"<div class=\"flex_column av_one_full  flex_column_div av-zero-column-padding first  avia-builder-el-0  el_before_av_one_full  avia-builder-el-first  \" style='border-radius:0px; '><div  class='avia-image-container  av-styling-    avia-builder-el-1  avia-builder-el-no-sibling  avia-align-center '  itemprop=\"image\" itemscope=\"itemscope\" itemtype=\"https:\/\/schema.org\/ImageObject\"  ><div class='avia-image-container-inner'><div class='avia-image-overlay-wrap'><img decoding=\"async\" class='wp-image-34021 avia-img-lazy-loading-not-34021 avia_image' src=\"https:\/\/radiorevelacionfm.cl\/wp-content\/uploads\/2023\/08\/BANNERWEBCULTURA-Cuentosinvierno-2023-1-1-1.jpg\" alt='' title='BANNERWEBCULTURA-Cuentosinvierno-2023 (1) (1) (1)' height=\"600\" width=\"900\"  itemprop=\"thumbnailUrl\" srcset=\"https:\/\/radiorevelacionfm.cl\/wp-content\/uploads\/2023\/08\/BANNERWEBCULTURA-Cuentosinvierno-2023-1-1-1.jpg 900w, https:\/\/radiorevelacionfm.cl\/wp-content\/uploads\/2023\/08\/BANNERWEBCULTURA-Cuentosinvierno-2023-1-1-1-300x200.jpg 300w, https:\/\/radiorevelacionfm.cl\/wp-content\/uploads\/2023\/08\/BANNERWEBCULTURA-Cuentosinvierno-2023-1-1-1-768x512.jpg 768w, https:\/\/radiorevelacionfm.cl\/wp-content\/uploads\/2023\/08\/BANNERWEBCULTURA-Cuentosinvierno-2023-1-1-1-705x470.jpg 705w, https:\/\/radiorevelacionfm.cl\/wp-content\/uploads\/2023\/08\/BANNERWEBCULTURA-Cuentosinvierno-2023-1-1-1-450x300.jpg 450w, https:\/\/radiorevelacionfm.cl\/wp-content\/uploads\/2023\/08\/BANNERWEBCULTURA-Cuentosinvierno-2023-1-1-1-600x400.jpg 600w\" sizes=\"(max-width: 900px) 100vw, 900px\" \/><\/div><\/div><\/div><\/div><div class=\"flex_column av_one_full  flex_column_div av-zero-column-padding first  avia-builder-el-2  el_after_av_one_full  el_before_av_one_full  column-top-margin\" style='border-radius:0px; '><section class=\"av_textblock_section \"  itemscope=\"itemscope\" itemtype=\"https:\/\/schema.org\/BlogPosting\" itemprop=\"blogPost\" ><div class='avia_textblock  '   itemprop=\"text\" ><p style=\"text-align: center;\"><strong><span style=\"font-size: 18pt;\">Invitan a comunidad escolar a participar en Concurso Cuentos de Invierno<\/span><\/strong><\/p>\n<div id=\"gtx-trans\" style=\"position: absolute; left: -50px; top: 4.31534px;\">\n<div class=\"gtx-trans-icon\"><\/div>\n<\/div>\n<\/div><\/section><\/div><div class=\"flex_column av_one_full  flex_column_div av-zero-column-padding first  avia-builder-el-4  el_after_av_one_full  el_before_av_hr  column-top-margin\" style='border-radius:0px; '><section class=\"av_textblock_section \"  itemscope=\"itemscope\" itemtype=\"https:\/\/schema.org\/BlogPosting\" itemprop=\"blogPost\" ><div class='avia_textblock  '   itemprop=\"text\" ><div>\n<p style=\"text-align: justify;\">Hasta el 30 de octubre permanecer\u00e1 abierto el XIII Concurso Cuentos de Invierno 2023, impulsado por la Secretar\u00eda Regional Ministerial de las Culturas, las Artes y el Patrimonio de la Regi\u00f3n de Ays\u00e9n, en el marco del Plan Nacional de la Lectura.<\/p>\n<p style=\"text-align: justify;\">\u201cLa invitaci\u00f3n es para toda la comunidad escolar y queremos motivar a que participen tanto estudiantes como el cuerpo docente de los establecimientos. A\u00f1o tras a\u00f1o, vemos como se descubren nuevos talentos literarios en las aulas regionales y este concurso es precisamente nuestro aporte desde la Seremi de las Culturas Ays\u00e9n para hurgar en los terrenos creativos de los establecimientos regionales\u201d, dijo el seremi de Culturas Ays\u00e9n, Felipe Quiroz.<\/p>\n<p style=\"text-align: justify;\">El Concurso Cuentos de Invierno busca propiciar la creaci\u00f3n literaria en las comunidades escolares y fomentar el rescate de historias y personajes locales. Adem\u00e1s, cada a\u00f1o, m\u00e1s escritores de apartados rincones de la Regi\u00f3n de Ays\u00e9n han hecho llegar sus escritos, evidenciando la literatura que pulsa en cada rinc\u00f3n del la Patagonia.<\/p>\n<p style=\"text-align: justify;\">El certamen tiene 5 categor\u00edas:<\/p>\n<p style=\"text-align: justify;\">1\u00b0 Categor\u00eda: 3\u00b0 a 4\u00b0 a\u00f1o b\u00e1sico.<\/p>\n<p style=\"text-align: justify;\">2\u00b0 Categor\u00eda: 5\u00b0 a 6\u00b0 a\u00f1o b\u00e1sico<\/p>\n<p style=\"text-align: justify;\">3\u00b0 Categor\u00eda: 7\u00b0 a 8\u00b0 a\u00f1o b\u00e1sico<\/p>\n<p style=\"text-align: justify;\">4\u00b0 Categor\u00eda: 1\u00b0 y 2\u00b0 a\u00f1o de ense\u00f1anza media<\/p>\n<p style=\"text-align: justify;\">5\u00b0 Categor\u00eda: profesores(as), educadores(as) de p\u00e1rvulos y agentes educativos que trabajan de manera dependiente en establecimientos educacionales (jardines infantiles, escuelas y liceos) de la Regi\u00f3n de Ays\u00e9n.<\/p>\n<p style=\"text-align: justify;\">Las bases estar\u00e1n publicadas en el sitio web de\u00a0<a href=\"http:\/\/cultura.gob.cl\/aysen\" target=\"_blank\" rel=\"noopener\" data-saferedirecturl=\"https:\/\/www.google.com\/url?q=http:\/\/cultura.gob.cl\/aysen&amp;source=gmail&amp;ust=1692476323490000&amp;usg=AOvVaw14s1QUo6tjek9MJ2HO9UDP\">cultura.gob.cl\/aysen<\/a>\u00a0y las obras ser\u00e1n recepcionadas a trav\u00e9s del correo electr\u00f3nico\u00a0<a href=\"mailto:culturasaysen@cultura.gob.cl\" target=\"_blank\" rel=\"noopener\">culturasaysen@cultura.gob.cl<\/a><\/p>\n<\/div>\n<div>\n<div style=\"text-align: justify;\">Bases:\u00a0<a id=\"m_-2644901089469712500LPlnk659314\" href=\"https:\/\/tinyurl.com\/5yn6c8rv\" target=\"_blank\" rel=\"noopener\" data-saferedirecturl=\"https:\/\/www.google.com\/url?q=https:\/\/tinyurl.com\/5yn6c8rv&amp;source=gmail&amp;ust=1692476323490000&amp;usg=AOvVaw2S_ZD6YPQPoaSqlsd_h6yb\">https:\/\/tinyurl.com\/<wbr \/>5yn6c8rv<\/a><\/div>\n<div id=\"m_-2644901089469712500Signature\">\n<div style=\"text-align: justify;\"><\/div>\n<\/div>\n<\/div>\n<\/div><\/section><\/div><div  style='height:50px' class='hr hr-invisible   avia-builder-el-6  el_after_av_one_full  el_before_av_social_share '><span class='hr-inner ' ><span class='hr-inner-style'><\/span><\/span><\/div><\/p>\n<div  class='av-social-sharing-box  avia-builder-el-7  el_after_av_hr  el_before_av_hr  '><div class='av-share-box'><h5 class='av-share-link-description av-no-toc '>Compartir esta noticia<\/h5><ul class='av-share-box-list noLightbox'><li class='av-share-link av-social-link-facebook' ><a target=\"_blank\" aria-label=\"Compartir en Facebook\" href='https:\/\/www.facebook.com\/sharer.php?u=https:\/\/radiorevelacionfm.cl\/?p=34020&#038;t=Invitan%20a%20comunidad%20escolar%20a%20participar%20en%20Concurso%20Cuentos%20de%20Invierno' aria-hidden='false' data-av_icon='\ue8f3' data-av_iconfont='entypo-fontello' title='' data-avia-related-tooltip='Compartir en Facebook' rel=\"noopener\"><span class='avia_hidden_link_text'>Compartir en Facebook<\/span><\/a><\/li><li class='av-share-link av-social-link-twitter' ><a target=\"_blank\" aria-label=\"Compartir en Twitter\" href='https:\/\/twitter.com\/share?text=Invitan%20a%20comunidad%20escolar%20a%20participar%20en%20Concurso%20Cuentos%20de%20Invierno&#038;url=https:\/\/radiorevelacionfm.cl\/?p=34020' aria-hidden='false' data-av_icon='\ue8f1' data-av_iconfont='entypo-fontello' title='' data-avia-related-tooltip='Compartir en Twitter' rel=\"noopener\"><span class='avia_hidden_link_text'>Compartir en Twitter<\/span><\/a><\/li><li class='av-share-link av-social-link-whatsapp' ><a target=\"_blank\" aria-label=\"Compartir en Whatsapp\" href='https:\/\/api.whatsapp.com\/send?text=https:\/\/radiorevelacionfm.cl\/?p=34020' aria-hidden='false' data-av_icon='\uf232' data-av_iconfont='entypo-fontello' title='' data-avia-related-tooltip='Compartir en Whatsapp' rel=\"noopener\"><span class='avia_hidden_link_text'>Compartir en Whatsapp<\/span><\/a><\/li><li class='av-share-link av-social-link-linkedin' ><a target=\"_blank\" aria-label=\"Compartir en LinkedIn\" href='https:\/\/linkedin.com\/shareArticle?mini=true&#038;title=Invitan%20a%20comunidad%20escolar%20a%20participar%20en%20Concurso%20Cuentos%20de%20Invierno&#038;url=https:\/\/radiorevelacionfm.cl\/?p=34020' aria-hidden='false' data-av_icon='\ue8fc' data-av_iconfont='entypo-fontello' title='' data-avia-related-tooltip='Compartir en LinkedIn' rel=\"noopener\"><span class='avia_hidden_link_text'>Compartir en LinkedIn<\/span><\/a><\/li><li class='av-share-link av-social-link-mail' ><a  aria-label=\"Compartir por correo\" href='mailto:?subject=Invitan%20a%20comunidad%20escolar%20a%20participar%20en%20Concurso%20Cuentos%20de%20Invierno&#038;body=https:\/\/radiorevelacionfm.cl\/?p=34020' aria-hidden='false' data-av_icon='\ue805' data-av_iconfont='entypo-fontello' title='' data-avia-related-tooltip='Compartir por correo'><span class='avia_hidden_link_text'>Compartir por correo<\/span><\/a><\/li><\/ul><\/div><\/div>\n<div  style='height:50px' class='hr hr-invisible   avia-builder-el-8  el_after_av_social_share  el_before_av_comments_list '><span class='hr-inner ' ><span class='hr-inner-style'><\/span><\/span><\/div>\n<div  class='av-buildercomment  av-blog-meta-html-info-disabled av-blog-meta-tag-disabled  '><\/div>\n","protected":false},"excerpt":{"rendered":"","protected":false},"author":1,"featured_media":34021,"comment_status":"open","ping_status":"open","sticky":false,"template":"","format":"standard","meta":{"footnotes":""},"categories":[52],"tags":[],"class_list":["post-34020","post","type-post","status-publish","format-standard","has-post-thumbnail","hentry","category-cultura"],"jetpack_featured_media_url":"https:\/\/radiorevelacionfm.cl\/wp-content\/uploads\/2023\/08\/BANNERWEBCULTURA-Cuentosinvierno-2023-1-1-1.jpg","_links":{"self":[{"href":"https:\/\/radiorevelacionfm.cl\/index.php?rest_route=\/wp\/v2\/posts\/34020","targetHints":{"allow":["GET"]}}],"collection":[{"href":"https:\/\/radiorevelacionfm.cl\/index.php?rest_route=\/wp\/v2\/posts"}],"about":[{"href":"https:\/\/radiorevelacionfm.cl\/index.php?rest_route=\/wp\/v2\/types\/post"}],"author":[{"embeddable":true,"href":"https:\/\/radiorevelacionfm.cl\/index.php?rest_route=\/wp\/v2\/users\/1"}],"replies":[{"embeddable":true,"href":"https:\/\/radiorevelacionfm.cl\/index.php?rest_route=%2Fwp%2Fv2%2Fcomments&post=34020"}],"version-history":[{"count":1,"href":"https:\/\/radiorevelacionfm.cl\/index.php?rest_route=\/wp\/v2\/posts\/34020\/revisions"}],"predecessor-version":[{"id":34022,"href":"https:\/\/radiorevelacionfm.cl\/index.php?rest_route=\/wp\/v2\/posts\/34020\/revisions\/34022"}],"wp:featuredmedia":[{"embeddable":true,"href":"https:\/\/radiorevelacionfm.cl\/index.php?rest_route=\/wp\/v2\/media\/34021"}],"wp:attachment":[{"href":"https:\/\/radiorevelacionfm.cl\/index.php?rest_route=%2Fwp%2Fv2%2Fmedia&parent=34020"}],"wp:term":[{"taxonomy":"category","embeddable":true,"href":"https:\/\/radiorevelacionfm.cl\/index.php?rest_route=%2Fwp%2Fv2%2Fcategories&post=34020"},{"taxonomy":"post_tag","embeddable":true,"href":"https:\/\/radiorevelacionfm.cl\/index.php?rest_route=%2Fwp%2Fv2%2Ftags&post=34020"}],"curies":[{"name":"wp","href":"https:\/\/api.w.org\/{rel}","templated":true}]}}