{"id":3402,"date":"2021-04-22T17:31:58","date_gmt":"2021-04-22T20:31:58","guid":{"rendered":"https:\/\/radiorevelacionfm.cl\/?p=3402"},"modified":"2021-04-22T17:31:58","modified_gmt":"2021-04-22T20:31:58","slug":"continuan-pagos-rurales-del-subsidio-de-calefaccion-en-localidades-de-la-region-de-aysen","status":"publish","type":"post","link":"https:\/\/radiorevelacionfm.cl\/?p=3402","title":{"rendered":"Contin\u00faan pagos rurales del Subsidio de Calefacci\u00f3n en localidades de la regi\u00f3n de Ays\u00e9n"},"content":{"rendered":"<div class=\"flex_column av_one_full  flex_column_div av-zero-column-padding first  avia-builder-el-0  el_before_av_one_full  avia-builder-el-first  \" style='border-radius:0px; '><div  class='avia-image-container  av-styling-    avia-builder-el-1  avia-builder-el-no-sibling  avia-align-center '  itemprop=\"image\" itemscope=\"itemscope\" itemtype=\"https:\/\/schema.org\/ImageObject\"  ><div class='avia-image-container-inner'><div class='avia-image-overlay-wrap'><img decoding=\"async\" class='wp-image-0 avia-img-lazy-loading-not-0 avia_image' src=\"https:\/\/radiorevelacionfm.cl\/wp-content\/uploads\/2021\/04\/pago-rural-1.jpeg\" alt='' title=''   itemprop=\"thumbnailUrl\"  \/><\/div><\/div><\/div><\/div><div class=\"flex_column av_one_full  flex_column_div av-zero-column-padding first  avia-builder-el-2  el_after_av_one_full  el_before_av_one_full  column-top-margin\" style='border-radius:0px; '><section class=\"av_textblock_section \"  itemscope=\"itemscope\" itemtype=\"https:\/\/schema.org\/BlogPosting\" itemprop=\"blogPost\" ><div class='avia_textblock  '   itemprop=\"text\" ><p style=\"text-align: center;\"><strong><span style=\"font-size: 18pt;\">Contin\u00faan pagos rurales del Subsidio de Calefacci\u00f3n en localidades de la regi\u00f3n de Ays\u00e9n<\/span><\/strong><\/p>\n<div id=\"gtx-trans\" style=\"position: absolute; left: -50px; top: 4.31534px;\">\n<div class=\"gtx-trans-icon\"><\/div>\n<\/div>\n<\/div><\/section><\/div><div class=\"flex_column av_one_full  flex_column_div av-zero-column-padding first  avia-builder-el-4  el_after_av_one_full  el_before_av_hr  column-top-margin\" style='border-radius:0px; '><section class=\"av_textblock_section \"  itemscope=\"itemscope\" itemtype=\"https:\/\/schema.org\/BlogPosting\" itemprop=\"blogPost\" ><div class='avia_textblock  '   itemprop=\"text\" ><p style=\"text-align: justify;\">FOSIS ya ha entregado el beneficio a trav\u00e9s de esta modalidad de cobro en 6 localidades y a partir del lunes 26 de abril y hasta el 30 del mismo mes, se pagar\u00e1 en las 17 localidades restantes seg\u00fan el calendario dispuesto.<\/p>\n<p style=\"text-align: justify;\">Tras realizar el despliegue en localidades del litoral de la regi\u00f3n de Ays\u00e9n, la Directora Regional hizo un llamado a informarse y cobrar el bono oportunamente.<\/p>\n<p style=\"text-align: justify;\">Hasta Melinka lleg\u00f3 la Directora Regional del FOSIS, para posteriormente desplazarse a Puerto Aguirre y Caleta Andrade, donde acompa\u00f1\u00f3 el pago rural del Subsidio de Calefacci\u00f3n, junto con apoyar la tramitaci\u00f3n de poderes para familiares directos de personas que est\u00e1n imposibilitadas de cobrar, por situaciones m\u00e9dicas, para que puedan recibir los 100 mil pesos que entrega este aporte.<\/p>\n<p style=\"text-align: justify;\">El Subsidio de Calefacci\u00f3n es un beneficio que entrega el Fondo de Solidaridad e Inversi\u00f3n Social, FOSIS, a 26.273 de la regi\u00f3n de Ays\u00e9n, que se encuentran en los segmentos m\u00e1s vulnerables seg\u00fan el Registro Social de Hogares. Este bono busca aliviar los gastos asociados a la calefacci\u00f3n previo a la llegada del invierno.<\/p>\n<p style=\"text-align: justify;\">Dominique Br\u00e4utigam, Directora Regional del FOSIS en Ays\u00e9n, destac\u00f3 que \u201cnos desplazamos a la comuna de Las Guaitecas para apoyar el pago del Subsidio de Calefacci\u00f3n, principalmente a las familias de Melinka que se encuentran en fase 1 y donde este beneficio fue muy importante. Ah\u00ed coordinamos distintas acciones junto al Municipio para gestionar poderes, en casos donde el titular beneficiario directo no puede desplazarse para cobrar su bono y es representado por un familiar para aprovechar la instancia de pago. Posteriormente nos dirigimos a Islas Huichas, donde se hizo pago de este bono en Puerto Aguirre y Caleta Andrade, con el objetivo de apoyar a las familias que m\u00e1s lo necesitan.\u201d<\/p>\n<p style=\"text-align: justify;\">La autoridad regional del servicio relaciona al Ministerio de Desarrollo Social y Familia hizo un llamado a las familias que reciben el beneficio en esta modalidad de pago para informarse y cobrar a tiempo. \u201cDurante la pr\u00f3xima semana, el d\u00eda 26 se estar\u00e1 realizando el pago del Subsidio de Calefacci\u00f3n en Villa Amengual y Villa la Tapera, posteriormente el d\u00eda 27 se llevar\u00e1 a cabo el pago en Fachinal, Mall\u00edn Grande, Puerto Guadal, Puerto Bertrand, La Junta y Lago Verde, as\u00ed que esperamos que las familias aprovechen esta importante oportunidad para organizarse y as\u00ed gestionar el cobro de este beneficio de manera oportuna\u201d.<\/p>\n<p style=\"text-align: justify;\">Cabe mencionar que en todas las instancias de pago rural del Subsidio de Calefacci\u00f3n, que se realizan bajo estrictos protocolos sanitarios, hay presencia de miembros del equipo regional del FOSIS, con la finalidad de apoyar la gesti\u00f3n de poderes orientados a personas que, por motivos m\u00e9dicos, est\u00e1n imposibilitadas de desplazarse a cobrar el beneficio y mediante la tramitaci\u00f3n de un documento se autoriza a un familiar director para realizar el retiro del dinero.<\/p>\n<p style=\"text-align: justify;\">Las personas interesadas en informarse sobre todos los detalles de la entrega de este beneficio pueden visitar el sitio web del FOSIS (<a href=\"http:\/\/www.fosis.gob.cl\">www.fosis.gob.cl<\/a>), donde podr\u00e1n revisar con su rut si son beneficiarias, junto con realizar tr\u00e1mites a trav\u00e9s de formularios para el cambio de receptor del bono, dep\u00f3sito del beneficio en una cuenta bancaria y renuncia al cobro del beneficio.<\/p>\n<\/div><\/section><\/div><div  style='height:50px' class='hr hr-invisible   avia-builder-el-6  el_after_av_one_full  el_before_av_social_share '><span class='hr-inner ' ><span class='hr-inner-style'><\/span><\/span><\/div><\/p>\n<div  class='av-social-sharing-box  avia-builder-el-7  el_after_av_hr  el_before_av_hr  '><div class='av-share-box'><h5 class='av-share-link-description av-no-toc '>Compartir esta noticia<\/h5><ul class='av-share-box-list noLightbox'><li class='av-share-link av-social-link-facebook' ><a target=\"_blank\" aria-label=\"Compartir en Facebook\" href='https:\/\/www.facebook.com\/sharer.php?u=https:\/\/radiorevelacionfm.cl\/?p=3402&#038;t=Contin%C3%BAan%20pagos%20rurales%20del%20Subsidio%20de%20Calefacci%C3%B3n%20en%20localidades%20de%20la%20regi%C3%B3n%20de%20Ays%C3%A9n' aria-hidden='false' data-av_icon='\ue8f3' data-av_iconfont='entypo-fontello' title='' data-avia-related-tooltip='Compartir en Facebook' rel=\"noopener\"><span class='avia_hidden_link_text'>Compartir en Facebook<\/span><\/a><\/li><li class='av-share-link av-social-link-twitter' ><a target=\"_blank\" aria-label=\"Compartir en Twitter\" href='https:\/\/twitter.com\/share?text=Contin%C3%BAan%20pagos%20rurales%20del%20Subsidio%20de%20Calefacci%C3%B3n%20en%20localidades%20de%20la%20regi%C3%B3n%20de%20Ays%C3%A9n&#038;url=https:\/\/radiorevelacionfm.cl\/?p=3402' aria-hidden='false' data-av_icon='\ue8f1' data-av_iconfont='entypo-fontello' title='' data-avia-related-tooltip='Compartir en Twitter' rel=\"noopener\"><span class='avia_hidden_link_text'>Compartir en Twitter<\/span><\/a><\/li><li class='av-share-link av-social-link-whatsapp' ><a target=\"_blank\" aria-label=\"Compartir en Whatsapp\" href='https:\/\/api.whatsapp.com\/send?text=https:\/\/radiorevelacionfm.cl\/?p=3402' aria-hidden='false' data-av_icon='\uf232' data-av_iconfont='entypo-fontello' title='' data-avia-related-tooltip='Compartir en Whatsapp' rel=\"noopener\"><span class='avia_hidden_link_text'>Compartir en Whatsapp<\/span><\/a><\/li><li class='av-share-link av-social-link-linkedin' ><a target=\"_blank\" aria-label=\"Compartir en LinkedIn\" href='https:\/\/linkedin.com\/shareArticle?mini=true&#038;title=Contin%C3%BAan%20pagos%20rurales%20del%20Subsidio%20de%20Calefacci%C3%B3n%20en%20localidades%20de%20la%20regi%C3%B3n%20de%20Ays%C3%A9n&#038;url=https:\/\/radiorevelacionfm.cl\/?p=3402' aria-hidden='false' data-av_icon='\ue8fc' data-av_iconfont='entypo-fontello' title='' data-avia-related-tooltip='Compartir en LinkedIn' rel=\"noopener\"><span class='avia_hidden_link_text'>Compartir en LinkedIn<\/span><\/a><\/li><li class='av-share-link av-social-link-mail' ><a  aria-label=\"Compartir por correo\" href='mailto:?subject=Contin%C3%BAan%20pagos%20rurales%20del%20Subsidio%20de%20Calefacci%C3%B3n%20en%20localidades%20de%20la%20regi%C3%B3n%20de%20Ays%C3%A9n&#038;body=https:\/\/radiorevelacionfm.cl\/?p=3402' aria-hidden='false' data-av_icon='\ue805' data-av_iconfont='entypo-fontello' title='' data-avia-related-tooltip='Compartir por correo'><span class='avia_hidden_link_text'>Compartir por correo<\/span><\/a><\/li><\/ul><\/div><\/div>\n<div  style='height:50px' class='hr hr-invisible   avia-builder-el-8  el_after_av_social_share  el_before_av_comments_list '><span class='hr-inner ' ><span class='hr-inner-style'><\/span><\/span><\/div>\n<div  class='av-buildercomment  av-blog-meta-html-info-disabled av-blog-meta-tag-disabled  '><\/div>\n","protected":false},"excerpt":{"rendered":"","protected":false},"author":1,"featured_media":0,"comment_status":"open","ping_status":"open","sticky":false,"template":"","format":"standard","meta":{"footnotes":""},"categories":[38],"tags":[],"class_list":["post-3402","post","type-post","status-publish","format-standard","hentry","category-regional"],"jetpack_featured_media_url":"","_links":{"self":[{"href":"https:\/\/radiorevelacionfm.cl\/index.php?rest_route=\/wp\/v2\/posts\/3402","targetHints":{"allow":["GET"]}}],"collection":[{"href":"https:\/\/radiorevelacionfm.cl\/index.php?rest_route=\/wp\/v2\/posts"}],"about":[{"href":"https:\/\/radiorevelacionfm.cl\/index.php?rest_route=\/wp\/v2\/types\/post"}],"author":[{"embeddable":true,"href":"https:\/\/radiorevelacionfm.cl\/index.php?rest_route=\/wp\/v2\/users\/1"}],"replies":[{"embeddable":true,"href":"https:\/\/radiorevelacionfm.cl\/index.php?rest_route=%2Fwp%2Fv2%2Fcomments&post=3402"}],"version-history":[{"count":1,"href":"https:\/\/radiorevelacionfm.cl\/index.php?rest_route=\/wp\/v2\/posts\/3402\/revisions"}],"predecessor-version":[{"id":3404,"href":"https:\/\/radiorevelacionfm.cl\/index.php?rest_route=\/wp\/v2\/posts\/3402\/revisions\/3404"}],"wp:attachment":[{"href":"https:\/\/radiorevelacionfm.cl\/index.php?rest_route=%2Fwp%2Fv2%2Fmedia&parent=3402"}],"wp:term":[{"taxonomy":"category","embeddable":true,"href":"https:\/\/radiorevelacionfm.cl\/index.php?rest_route=%2Fwp%2Fv2%2Fcategories&post=3402"},{"taxonomy":"post_tag","embeddable":true,"href":"https:\/\/radiorevelacionfm.cl\/index.php?rest_route=%2Fwp%2Fv2%2Ftags&post=3402"}],"curies":[{"name":"wp","href":"https:\/\/api.w.org\/{rel}","templated":true}]}}