{"id":34014,"date":"2023-08-18T16:31:36","date_gmt":"2023-08-18T19:31:36","guid":{"rendered":"https:\/\/radiorevelacionfm.cl\/?p=34014"},"modified":"2023-08-18T16:31:36","modified_gmt":"2023-08-18T19:31:36","slug":"compania-andina-divisionaria-n-20-cochrane-conmemoro-su-decimo-quinto-aniversario","status":"publish","type":"post","link":"https:\/\/radiorevelacionfm.cl\/?p=34014","title":{"rendered":"Compa\u00f1\u00eda Andina Divisionaria N\u00b0 20 \u201cCochrane\u201d conmemor\u00f3 su d\u00e9cimo quinto aniversario"},"content":{"rendered":"<div class=\"flex_column av_one_full  flex_column_div av-zero-column-padding first  avia-builder-el-0  el_before_av_one_full  avia-builder-el-first  \" style='border-radius:0px; '><div  class='avia-image-container  av-styling-    avia-builder-el-1  avia-builder-el-no-sibling  avia-align-center '  itemprop=\"image\" itemscope=\"itemscope\" itemtype=\"https:\/\/schema.org\/ImageObject\"  ><div class='avia-image-container-inner'><div class='avia-image-overlay-wrap'><img decoding=\"async\" class='wp-image-34015 avia-img-lazy-loading-not-34015 avia_image' src=\"https:\/\/radiorevelacionfm.cl\/wp-content\/uploads\/2023\/08\/WhatsApp-Image-2023-08-18-at-13.23.31-1-1.jpeg\" alt='' title='WhatsApp Image 2023-08-18 at 13.23.31 (1) (1)' height=\"600\" width=\"800\"  itemprop=\"thumbnailUrl\" srcset=\"https:\/\/radiorevelacionfm.cl\/wp-content\/uploads\/2023\/08\/WhatsApp-Image-2023-08-18-at-13.23.31-1-1.jpeg 800w, https:\/\/radiorevelacionfm.cl\/wp-content\/uploads\/2023\/08\/WhatsApp-Image-2023-08-18-at-13.23.31-1-1-300x225.jpeg 300w, https:\/\/radiorevelacionfm.cl\/wp-content\/uploads\/2023\/08\/WhatsApp-Image-2023-08-18-at-13.23.31-1-1-768x576.jpeg 768w, https:\/\/radiorevelacionfm.cl\/wp-content\/uploads\/2023\/08\/WhatsApp-Image-2023-08-18-at-13.23.31-1-1-705x529.jpeg 705w, https:\/\/radiorevelacionfm.cl\/wp-content\/uploads\/2023\/08\/WhatsApp-Image-2023-08-18-at-13.23.31-1-1-450x338.jpeg 450w, https:\/\/radiorevelacionfm.cl\/wp-content\/uploads\/2023\/08\/WhatsApp-Image-2023-08-18-at-13.23.31-1-1-600x450.jpeg 600w\" sizes=\"(max-width: 800px) 100vw, 800px\" \/><\/div><\/div><\/div><\/div><div class=\"flex_column av_one_full  flex_column_div av-zero-column-padding first  avia-builder-el-2  el_after_av_one_full  el_before_av_one_full  column-top-margin\" style='border-radius:0px; '><section class=\"av_textblock_section \"  itemscope=\"itemscope\" itemtype=\"https:\/\/schema.org\/BlogPosting\" itemprop=\"blogPost\" ><div class='avia_textblock  '   itemprop=\"text\" ><p style=\"text-align: center;\"><span style=\"font-size: 18pt;\"><strong>Compa\u00f1\u00eda Andina Divisionaria N\u00b0 20 \u201cCochrane\u201d conmemor\u00f3 su d\u00e9cimo quinto aniversario<\/strong><\/span><\/p>\n<div id=\"gtx-trans\" style=\"position: absolute; left: -50px; top: 4.31534px;\">\n<div class=\"gtx-trans-icon\"><\/div>\n<\/div>\n<\/div><\/section><\/div><div class=\"flex_column av_one_full  flex_column_div av-zero-column-padding first  avia-builder-el-4  el_after_av_one_full  el_before_av_hr  column-top-margin\" style='border-radius:0px; '><section class=\"av_textblock_section \"  itemscope=\"itemscope\" itemtype=\"https:\/\/schema.org\/BlogPosting\" itemprop=\"blogPost\" ><div class='avia_textblock  '   itemprop=\"text\" ><p style=\"text-align: justify;\">Con una ceremonia se celebr\u00f3 el d\u00e9cimo quinto aniversario de la Compa\u00f1\u00eda Andina Divisionaria \u00a0N\u00b020 \u201cCochrane\u201d en la que participaron autoridades civiles y militares de la Regi\u00f3n de Ays\u00e9n.<\/p>\n<p style=\"text-align: justify;\">El Comandante de la Compa\u00f1\u00eda Andina, Teniente Coronel Felipe Alcayaga de la Fuente, entre sus palabras destac\u00f3 las misiones que ha cumplido el personal en la zona de Campos de Hielo, en condiciones clim\u00e1ticas muy rigurosas, demostrando la exhaustiva preparaci\u00f3n de los integrantes de la unidad, as\u00ed como el permanente v\u00ednculo con las comunidades de la Provincia de Capit\u00e1n Prat, tanto en situaciones de emergencia, como en aquellas orientadas a contribuir a la vida ciudadana, expediciones cient\u00edficas y actividades deportivas.<\/p>\n<p style=\"text-align: justify;\">Durante la ceremonia se hizo entrega de medallas al personal de la unidad, por 10, 20 y 30 a\u00f1os de servicio en la instituci\u00f3n, y un reconocimiento al personal destacado entre sus pares.<\/p>\n<\/div><\/section><\/div><div  style='height:50px' class='hr hr-invisible   avia-builder-el-6  el_after_av_one_full  el_before_av_social_share '><span class='hr-inner ' ><span class='hr-inner-style'><\/span><\/span><\/div><\/p>\n<div  class='av-social-sharing-box  avia-builder-el-7  el_after_av_hr  el_before_av_hr  '><div class='av-share-box'><h5 class='av-share-link-description av-no-toc '>Compartir esta noticia<\/h5><ul class='av-share-box-list noLightbox'><li class='av-share-link av-social-link-facebook' ><a target=\"_blank\" aria-label=\"Compartir en Facebook\" href='https:\/\/www.facebook.com\/sharer.php?u=https:\/\/radiorevelacionfm.cl\/?p=34014&#038;t=Compa%C3%B1%C3%ADa%20Andina%20Divisionaria%20N%C2%B0%2020%20%E2%80%9CCochrane%E2%80%9D%20conmemor%C3%B3%20su%20d%C3%A9cimo%20quinto%20aniversario' aria-hidden='false' data-av_icon='\ue8f3' data-av_iconfont='entypo-fontello' title='' data-avia-related-tooltip='Compartir en Facebook' rel=\"noopener\"><span class='avia_hidden_link_text'>Compartir en Facebook<\/span><\/a><\/li><li class='av-share-link av-social-link-twitter' ><a target=\"_blank\" aria-label=\"Compartir en Twitter\" href='https:\/\/twitter.com\/share?text=Compa%C3%B1%C3%ADa%20Andina%20Divisionaria%20N%C2%B0%2020%20%E2%80%9CCochrane%E2%80%9D%20conmemor%C3%B3%20su%20d%C3%A9cimo%20quinto%20aniversario&#038;url=https:\/\/radiorevelacionfm.cl\/?p=34014' aria-hidden='false' data-av_icon='\ue8f1' data-av_iconfont='entypo-fontello' title='' data-avia-related-tooltip='Compartir en Twitter' rel=\"noopener\"><span class='avia_hidden_link_text'>Compartir en Twitter<\/span><\/a><\/li><li class='av-share-link av-social-link-whatsapp' ><a target=\"_blank\" aria-label=\"Compartir en Whatsapp\" href='https:\/\/api.whatsapp.com\/send?text=https:\/\/radiorevelacionfm.cl\/?p=34014' aria-hidden='false' data-av_icon='\uf232' data-av_iconfont='entypo-fontello' title='' data-avia-related-tooltip='Compartir en Whatsapp' rel=\"noopener\"><span class='avia_hidden_link_text'>Compartir en Whatsapp<\/span><\/a><\/li><li class='av-share-link av-social-link-linkedin' ><a target=\"_blank\" aria-label=\"Compartir en LinkedIn\" href='https:\/\/linkedin.com\/shareArticle?mini=true&#038;title=Compa%C3%B1%C3%ADa%20Andina%20Divisionaria%20N%C2%B0%2020%20%E2%80%9CCochrane%E2%80%9D%20conmemor%C3%B3%20su%20d%C3%A9cimo%20quinto%20aniversario&#038;url=https:\/\/radiorevelacionfm.cl\/?p=34014' aria-hidden='false' data-av_icon='\ue8fc' data-av_iconfont='entypo-fontello' title='' data-avia-related-tooltip='Compartir en LinkedIn' rel=\"noopener\"><span class='avia_hidden_link_text'>Compartir en LinkedIn<\/span><\/a><\/li><li class='av-share-link av-social-link-mail' ><a  aria-label=\"Compartir por correo\" href='mailto:?subject=Compa%C3%B1%C3%ADa%20Andina%20Divisionaria%20N%C2%B0%2020%20%E2%80%9CCochrane%E2%80%9D%20conmemor%C3%B3%20su%20d%C3%A9cimo%20quinto%20aniversario&#038;body=https:\/\/radiorevelacionfm.cl\/?p=34014' aria-hidden='false' data-av_icon='\ue805' data-av_iconfont='entypo-fontello' title='' data-avia-related-tooltip='Compartir por correo'><span class='avia_hidden_link_text'>Compartir por correo<\/span><\/a><\/li><\/ul><\/div><\/div>\n<div  style='height:50px' class='hr hr-invisible   avia-builder-el-8  el_after_av_social_share  el_before_av_comments_list '><span class='hr-inner ' ><span class='hr-inner-style'><\/span><\/span><\/div>\n<div  class='av-buildercomment  av-blog-meta-html-info-disabled av-blog-meta-tag-disabled  '><\/div>\n","protected":false},"excerpt":{"rendered":"","protected":false},"author":1,"featured_media":34015,"comment_status":"open","ping_status":"open","sticky":false,"template":"","format":"standard","meta":{"footnotes":""},"categories":[38],"tags":[],"class_list":["post-34014","post","type-post","status-publish","format-standard","has-post-thumbnail","hentry","category-regional"],"jetpack_featured_media_url":"https:\/\/radiorevelacionfm.cl\/wp-content\/uploads\/2023\/08\/WhatsApp-Image-2023-08-18-at-13.23.31-1-1.jpeg","_links":{"self":[{"href":"https:\/\/radiorevelacionfm.cl\/index.php?rest_route=\/wp\/v2\/posts\/34014","targetHints":{"allow":["GET"]}}],"collection":[{"href":"https:\/\/radiorevelacionfm.cl\/index.php?rest_route=\/wp\/v2\/posts"}],"about":[{"href":"https:\/\/radiorevelacionfm.cl\/index.php?rest_route=\/wp\/v2\/types\/post"}],"author":[{"embeddable":true,"href":"https:\/\/radiorevelacionfm.cl\/index.php?rest_route=\/wp\/v2\/users\/1"}],"replies":[{"embeddable":true,"href":"https:\/\/radiorevelacionfm.cl\/index.php?rest_route=%2Fwp%2Fv2%2Fcomments&post=34014"}],"version-history":[{"count":1,"href":"https:\/\/radiorevelacionfm.cl\/index.php?rest_route=\/wp\/v2\/posts\/34014\/revisions"}],"predecessor-version":[{"id":34016,"href":"https:\/\/radiorevelacionfm.cl\/index.php?rest_route=\/wp\/v2\/posts\/34014\/revisions\/34016"}],"wp:featuredmedia":[{"embeddable":true,"href":"https:\/\/radiorevelacionfm.cl\/index.php?rest_route=\/wp\/v2\/media\/34015"}],"wp:attachment":[{"href":"https:\/\/radiorevelacionfm.cl\/index.php?rest_route=%2Fwp%2Fv2%2Fmedia&parent=34014"}],"wp:term":[{"taxonomy":"category","embeddable":true,"href":"https:\/\/radiorevelacionfm.cl\/index.php?rest_route=%2Fwp%2Fv2%2Fcategories&post=34014"},{"taxonomy":"post_tag","embeddable":true,"href":"https:\/\/radiorevelacionfm.cl\/index.php?rest_route=%2Fwp%2Fv2%2Ftags&post=34014"}],"curies":[{"name":"wp","href":"https:\/\/api.w.org\/{rel}","templated":true}]}}