{"id":34011,"date":"2023-08-19T17:27:05","date_gmt":"2023-08-19T20:27:05","guid":{"rendered":"https:\/\/radiorevelacionfm.cl\/?p=34011"},"modified":"2023-08-19T17:27:05","modified_gmt":"2023-08-19T20:27:05","slug":"destacan-valor-de-dos-de-las-iniciativas-seleccionadas-para-delibera-2023","status":"publish","type":"post","link":"https:\/\/radiorevelacionfm.cl\/?p=34011","title":{"rendered":"Destacan valor de dos de las iniciativas seleccionadas para Delibera 2023"},"content":{"rendered":"<div class=\"flex_column av_one_full  flex_column_div av-zero-column-padding first  avia-builder-el-0  el_before_av_one_full  avia-builder-el-first  \" style='border-radius:0px; '><div  class='avia-image-container  av-styling-    avia-builder-el-1  avia-builder-el-no-sibling  avia-align-center '  itemprop=\"image\" itemscope=\"itemscope\" itemtype=\"https:\/\/schema.org\/ImageObject\"  ><div class='avia-image-container-inner'><div class='avia-image-overlay-wrap'><img decoding=\"async\" class='wp-image-34012 avia-img-lazy-loading-not-34012 avia_image' src=\"https:\/\/radiorevelacionfm.cl\/wp-content\/uploads\/2023\/08\/IMG-20230811-WA0008-1-1.jpg\" alt='' title='IMG-20230811-WA0008 (1) (1)' height=\"600\" width=\"798\"  itemprop=\"thumbnailUrl\" srcset=\"https:\/\/radiorevelacionfm.cl\/wp-content\/uploads\/2023\/08\/IMG-20230811-WA0008-1-1.jpg 798w, https:\/\/radiorevelacionfm.cl\/wp-content\/uploads\/2023\/08\/IMG-20230811-WA0008-1-1-300x226.jpg 300w, https:\/\/radiorevelacionfm.cl\/wp-content\/uploads\/2023\/08\/IMG-20230811-WA0008-1-1-768x577.jpg 768w, https:\/\/radiorevelacionfm.cl\/wp-content\/uploads\/2023\/08\/IMG-20230811-WA0008-1-1-705x530.jpg 705w, https:\/\/radiorevelacionfm.cl\/wp-content\/uploads\/2023\/08\/IMG-20230811-WA0008-1-1-450x338.jpg 450w, https:\/\/radiorevelacionfm.cl\/wp-content\/uploads\/2023\/08\/IMG-20230811-WA0008-1-1-600x451.jpg 600w\" sizes=\"(max-width: 798px) 100vw, 798px\" \/><\/div><\/div><\/div><\/div><div class=\"flex_column av_one_full  flex_column_div av-zero-column-padding first  avia-builder-el-2  el_after_av_one_full  el_before_av_one_full  column-top-margin\" style='border-radius:0px; '><section class=\"av_textblock_section \"  itemscope=\"itemscope\" itemtype=\"https:\/\/schema.org\/BlogPosting\" itemprop=\"blogPost\" ><div class='avia_textblock  '   itemprop=\"text\" ><p style=\"text-align: center;\"><strong><span style=\"font-size: 18pt;\">Destacan valor de dos de las iniciativas seleccionadas para Delibera 2023<\/span><\/strong><\/p>\n<div id=\"gtx-trans\" style=\"position: absolute; left: -50px; top: 4.31534px;\">\n<div class=\"gtx-trans-icon\"><\/div>\n<\/div>\n<\/div><\/section><\/div><div class=\"flex_column av_one_full  flex_column_div av-zero-column-padding first  avia-builder-el-4  el_after_av_one_full  el_before_av_hr  column-top-margin\" style='border-radius:0px; '><section class=\"av_textblock_section \"  itemscope=\"itemscope\" itemtype=\"https:\/\/schema.org\/BlogPosting\" itemprop=\"blogPost\" ><div class='avia_textblock  '   itemprop=\"text\" ><p style=\"text-align: justify;\">Siete fueron los proyectos seleccionados en la Regi\u00f3n de Ays\u00e9n para pasar a la etapa final regional de Delibera 2023 que se realizar\u00e1 el pr\u00f3xima 6 de septiembre en Coyhaique, de los cuales dos cuentan por primera vez con el patrocinio de la Serem\u00eda de la Mujer y la Equidad de G\u00e9nero por ser un aporte en la inclusi\u00f3n de tem\u00e1ticas de g\u00e9nero e incentivar su participaci\u00f3n en \u00e1reas que no son mayoritariamente representadas por mujeres.<\/p>\n<p style=\"text-align: justify;\">Los proyectos impulsados por la Escuela Rural R\u00edo Blanco, que pone en valor la participaci\u00f3n de mujeres en las ciencias y el liceo Juan Pablo II de Coyhaique, que incluye como tem\u00e1tica las cuotas de g\u00e9nero para la poblaci\u00f3n trans, son las dos iniciativas que destac\u00f3 la seremi de la Mujer y la Equidad de G\u00e9nero, Andrea M\u00e9ndez\u00a0 se\u00f1alando, \u00abHemos reconocido, patrocinado y reunido con las y los creadores de dos importantes proyectos en el contexto del concurso DELIBERA, debido a que se encuentran relacionados con tem\u00e1ticas relevantes para nuestro ministerio como la promoci\u00f3n y defensa de los derechos de la poblaci\u00f3n trans y el fomento cient\u00edfico de las ni\u00f1as\u00bb.<\/p>\n<p style=\"text-align: justify;\">A los dos establecimientos mencionados se suman: San Jos\u00e9 Ur de Puerto Ays\u00e9n, Centro de Educaci\u00f3n Integral Alborada, Escuela Rural Carretera Austral y Liceo Josefina Aguirre Montenegro.<\/p>\n<p style=\"text-align: justify;\">\u00a0Krishna Stross, representante del Liceo Juan Pablo II destac\u00f3 la importancia de estos espacios y dijo, \u201cyo soy parte del torneo\u00a0 Delibera y nuestro proyecto se basa en cupos para la educaci\u00f3n superior trans. Nosotros creemos que estas iniciativas son muy necesarias, ya que es importante escuchar nuestra voz y de todos los j\u00f3venes, ya que somos nosotros quienes vivimos estas distintas problem\u00e1ticas, tambi\u00e9n porque nosotros tenemos otra mirada, otra visi\u00f3n, que quiz\u00e1s los adultos ya no tienen, o que ya no son capaces de ver. Tambi\u00e9n que la seremi de la Mujer nos invite, y se interese, y nos apoye, nos hace sentir inspirados, apoyados, y con ganas de seguir avanzando\u201d.<\/p>\n<p style=\"text-align: justify;\">Paula Miranda Lincon, profesora encargada, representante de la Escuela Rural Rio Blanco, manifest\u00f3 \u201cel equipo Delibera est\u00e1 compuesto por Paola Mellado, Valentina Vera, Silvia Carrasco y Cristi\u00e1n Mu\u00f1oz. Las estudiantes han participado tambi\u00e9n en proyectos de ciencias en los congresos Explora. Creemos que es importante que tanto hombres como mujeres participen de las distintas \u00e1reas del conocimiento y hoy est\u00e1n representando a la Escuela Rural R\u00edo Blanco en este torneo que nace desde el Congreso y la Biblioteca Nacionales tambi\u00e9n. El proyecto de nuestros j\u00f3venes consiste en modificar el decreto 276 roce a fuegos, ya que en su origen ten\u00eda una visi\u00f3n solo de prevenir incendios y hoy d\u00eda el contexto mundial requiere una mirada socio ambiental. El haber asistido, tambi\u00e9n donde la Seremi de la Mujer y la Equidad de G\u00e9nero, y contar con el apoyo de la Ministra en nuestro proyecto de ley, les ha servido y los ha potenciado m\u00e1s, sentir la validaci\u00f3n de nuestras autoridades los estimula a seguir participando y creciendo como estudiantes, agradecer el apoyo de la Seremi; estamos confiados que ir\u00e1n bien preparados al torneo regional que se va a realizar el 06 de septiembre.\u201d<\/p>\n<p style=\"text-align: justify;\">Para concretar dicho patrocinio la Seremi se hab\u00eda reunido con los organizadores del certamen el mes pasado, donde manifest\u00f3 su inter\u00e9s de impulsar ambos proyectos y de incentivar el trabajo en estas tem\u00e1ticas.<\/p>\n<p style=\"text-align: justify;\">\u00a0Solo un equipo, de los siete seleccionados a nivel regional, pasar\u00e1 a la final nacional Delibera 2023 que se viene realizando desde el 2010 y que este a\u00f1o se concretar\u00e1 el 8 de noviembre en el Congreso Nacional, en Valpara\u00edso.<\/p>\n<\/div><\/section><\/div><div  style='height:50px' class='hr hr-invisible   avia-builder-el-6  el_after_av_one_full  el_before_av_social_share '><span class='hr-inner ' ><span class='hr-inner-style'><\/span><\/span><\/div><\/p>\n<div  class='av-social-sharing-box  avia-builder-el-7  el_after_av_hr  el_before_av_hr  '><div class='av-share-box'><h5 class='av-share-link-description av-no-toc '>Compartir esta noticia<\/h5><ul class='av-share-box-list noLightbox'><li class='av-share-link av-social-link-facebook' ><a target=\"_blank\" aria-label=\"Compartir en Facebook\" href='https:\/\/www.facebook.com\/sharer.php?u=https:\/\/radiorevelacionfm.cl\/?p=34011&#038;t=Destacan%20valor%20de%20dos%20de%20las%20iniciativas%20seleccionadas%20para%20Delibera%202023' aria-hidden='false' data-av_icon='\ue8f3' data-av_iconfont='entypo-fontello' title='' data-avia-related-tooltip='Compartir en Facebook' rel=\"noopener\"><span class='avia_hidden_link_text'>Compartir en Facebook<\/span><\/a><\/li><li class='av-share-link av-social-link-twitter' ><a target=\"_blank\" aria-label=\"Compartir en Twitter\" href='https:\/\/twitter.com\/share?text=Destacan%20valor%20de%20dos%20de%20las%20iniciativas%20seleccionadas%20para%20Delibera%202023&#038;url=https:\/\/radiorevelacionfm.cl\/?p=34011' aria-hidden='false' data-av_icon='\ue8f1' data-av_iconfont='entypo-fontello' title='' data-avia-related-tooltip='Compartir en Twitter' rel=\"noopener\"><span class='avia_hidden_link_text'>Compartir en Twitter<\/span><\/a><\/li><li class='av-share-link av-social-link-whatsapp' ><a target=\"_blank\" aria-label=\"Compartir en Whatsapp\" href='https:\/\/api.whatsapp.com\/send?text=https:\/\/radiorevelacionfm.cl\/?p=34011' aria-hidden='false' data-av_icon='\uf232' data-av_iconfont='entypo-fontello' title='' data-avia-related-tooltip='Compartir en Whatsapp' rel=\"noopener\"><span class='avia_hidden_link_text'>Compartir en Whatsapp<\/span><\/a><\/li><li class='av-share-link av-social-link-linkedin' ><a target=\"_blank\" aria-label=\"Compartir en LinkedIn\" href='https:\/\/linkedin.com\/shareArticle?mini=true&#038;title=Destacan%20valor%20de%20dos%20de%20las%20iniciativas%20seleccionadas%20para%20Delibera%202023&#038;url=https:\/\/radiorevelacionfm.cl\/?p=34011' aria-hidden='false' data-av_icon='\ue8fc' data-av_iconfont='entypo-fontello' title='' data-avia-related-tooltip='Compartir en LinkedIn' rel=\"noopener\"><span class='avia_hidden_link_text'>Compartir en LinkedIn<\/span><\/a><\/li><li class='av-share-link av-social-link-mail' ><a  aria-label=\"Compartir por correo\" href='mailto:?subject=Destacan%20valor%20de%20dos%20de%20las%20iniciativas%20seleccionadas%20para%20Delibera%202023&#038;body=https:\/\/radiorevelacionfm.cl\/?p=34011' aria-hidden='false' data-av_icon='\ue805' data-av_iconfont='entypo-fontello' title='' data-avia-related-tooltip='Compartir por correo'><span class='avia_hidden_link_text'>Compartir por correo<\/span><\/a><\/li><\/ul><\/div><\/div>\n<div  style='height:50px' class='hr hr-invisible   avia-builder-el-8  el_after_av_social_share  el_before_av_comments_list '><span class='hr-inner ' ><span class='hr-inner-style'><\/span><\/span><\/div>\n<div  class='av-buildercomment  av-blog-meta-html-info-disabled av-blog-meta-tag-disabled  '><\/div>\n","protected":false},"excerpt":{"rendered":"","protected":false},"author":1,"featured_media":34012,"comment_status":"open","ping_status":"open","sticky":false,"template":"","format":"standard","meta":{"footnotes":""},"categories":[38],"tags":[],"class_list":["post-34011","post","type-post","status-publish","format-standard","has-post-thumbnail","hentry","category-regional"],"jetpack_featured_media_url":"https:\/\/radiorevelacionfm.cl\/wp-content\/uploads\/2023\/08\/IMG-20230811-WA0008-1-1.jpg","_links":{"self":[{"href":"https:\/\/radiorevelacionfm.cl\/index.php?rest_route=\/wp\/v2\/posts\/34011","targetHints":{"allow":["GET"]}}],"collection":[{"href":"https:\/\/radiorevelacionfm.cl\/index.php?rest_route=\/wp\/v2\/posts"}],"about":[{"href":"https:\/\/radiorevelacionfm.cl\/index.php?rest_route=\/wp\/v2\/types\/post"}],"author":[{"embeddable":true,"href":"https:\/\/radiorevelacionfm.cl\/index.php?rest_route=\/wp\/v2\/users\/1"}],"replies":[{"embeddable":true,"href":"https:\/\/radiorevelacionfm.cl\/index.php?rest_route=%2Fwp%2Fv2%2Fcomments&post=34011"}],"version-history":[{"count":1,"href":"https:\/\/radiorevelacionfm.cl\/index.php?rest_route=\/wp\/v2\/posts\/34011\/revisions"}],"predecessor-version":[{"id":34013,"href":"https:\/\/radiorevelacionfm.cl\/index.php?rest_route=\/wp\/v2\/posts\/34011\/revisions\/34013"}],"wp:featuredmedia":[{"embeddable":true,"href":"https:\/\/radiorevelacionfm.cl\/index.php?rest_route=\/wp\/v2\/media\/34012"}],"wp:attachment":[{"href":"https:\/\/radiorevelacionfm.cl\/index.php?rest_route=%2Fwp%2Fv2%2Fmedia&parent=34011"}],"wp:term":[{"taxonomy":"category","embeddable":true,"href":"https:\/\/radiorevelacionfm.cl\/index.php?rest_route=%2Fwp%2Fv2%2Fcategories&post=34011"},{"taxonomy":"post_tag","embeddable":true,"href":"https:\/\/radiorevelacionfm.cl\/index.php?rest_route=%2Fwp%2Fv2%2Ftags&post=34011"}],"curies":[{"name":"wp","href":"https:\/\/api.w.org\/{rel}","templated":true}]}}