{"id":34008,"date":"2023-08-19T16:20:58","date_gmt":"2023-08-19T19:20:58","guid":{"rendered":"https:\/\/radiorevelacionfm.cl\/?p=34008"},"modified":"2023-08-19T16:20:58","modified_gmt":"2023-08-19T19:20:58","slug":"presentan-detalles-de-ampliacion-del-parque-eolico-alto-baguales","status":"publish","type":"post","link":"https:\/\/radiorevelacionfm.cl\/?p=34008","title":{"rendered":"Presentan detalles de ampliaci\u00f3n del Parque E\u00f3lico Alto Baguales"},"content":{"rendered":"<div class=\"flex_column av_one_full  flex_column_div av-zero-column-padding first  avia-builder-el-0  el_before_av_one_full  avia-builder-el-first  \" style='border-radius:0px; '><div  class='avia-image-container  av-styling-    avia-builder-el-1  avia-builder-el-no-sibling  avia-align-center '  itemprop=\"image\" itemscope=\"itemscope\" itemtype=\"https:\/\/schema.org\/ImageObject\"  ><div class='avia-image-container-inner'><div class='avia-image-overlay-wrap'><img decoding=\"async\" class='wp-image-34009 avia-img-lazy-loading-not-34009 avia_image' src=\"https:\/\/radiorevelacionfm.cl\/wp-content\/uploads\/2023\/08\/whatsapp-image-2023-08-18-at-10_optimized.43.50-1.jpeg\" alt='' title='whatsapp-image-2023-08-18-at-10_optimized.43.50-(1)' height=\"600\" width=\"800\"  itemprop=\"thumbnailUrl\" srcset=\"https:\/\/radiorevelacionfm.cl\/wp-content\/uploads\/2023\/08\/whatsapp-image-2023-08-18-at-10_optimized.43.50-1.jpeg 800w, https:\/\/radiorevelacionfm.cl\/wp-content\/uploads\/2023\/08\/whatsapp-image-2023-08-18-at-10_optimized.43.50-1-300x225.jpeg 300w, https:\/\/radiorevelacionfm.cl\/wp-content\/uploads\/2023\/08\/whatsapp-image-2023-08-18-at-10_optimized.43.50-1-768x576.jpeg 768w, https:\/\/radiorevelacionfm.cl\/wp-content\/uploads\/2023\/08\/whatsapp-image-2023-08-18-at-10_optimized.43.50-1-705x529.jpeg 705w, https:\/\/radiorevelacionfm.cl\/wp-content\/uploads\/2023\/08\/whatsapp-image-2023-08-18-at-10_optimized.43.50-1-450x338.jpeg 450w, https:\/\/radiorevelacionfm.cl\/wp-content\/uploads\/2023\/08\/whatsapp-image-2023-08-18-at-10_optimized.43.50-1-600x450.jpeg 600w\" sizes=\"(max-width: 800px) 100vw, 800px\" \/><\/div><\/div><\/div><\/div>\n<div class=\"flex_column av_one_full  flex_column_div av-zero-column-padding first  avia-builder-el-2  el_after_av_one_full  el_before_av_one_full  column-top-margin\" style='border-radius:0px; '><section class=\"av_textblock_section \"  itemscope=\"itemscope\" itemtype=\"https:\/\/schema.org\/BlogPosting\" itemprop=\"blogPost\" ><div class='avia_textblock  '   itemprop=\"text\" ><p style=\"text-align: center;\"><strong><span style=\"font-size: 18pt;\">Presentan detalles de ampliaci\u00f3n del Parque E\u00f3lico Alto Baguales\u00a0<\/span><\/strong><\/p>\n<div id=\"gtx-trans\" style=\"position: absolute; left: -50px; top: 4.31534px;\">\n<div class=\"gtx-trans-icon\"><\/div>\n<\/div>\n<\/div><\/section><\/div><div class=\"flex_column av_one_full  flex_column_div av-zero-column-padding first  avia-builder-el-4  el_after_av_one_full  el_before_av_hr  column-top-margin\" style='border-radius:0px; '><section class=\"av_textblock_section \"  itemscope=\"itemscope\" itemtype=\"https:\/\/schema.org\/BlogPosting\" itemprop=\"blogPost\" ><div class='avia_textblock  '   itemprop=\"text\" ><p class=\"v1MsoNormal\" style=\"text-align: justify;\"><span lang=\"ES-MX\">Edelaysen, en su objetivo de seguir informando sobre el proyecto de ampliaci\u00f3n del Parque E\u00f3lico Alto Baguales, ha sostenido nuevas reuniones con distintas autoridades de la regi\u00f3n. El mi\u00e9rcoles 16 de agosto, la empresa el\u00e9ctrica present\u00f3 la iniciativa a representantes del Servicio Nacional de Prevenci\u00f3n y Respuesta ante Desastres (Senapred), Carabineros de Chile y el Servicio de Atenci\u00f3n M\u00e9dica de Urgencia (Samu), con el prop\u00f3sito de darles a conocer que esta ampliaci\u00f3n permitir\u00e1 aumentar la generaci\u00f3n el\u00e9ctrica a 32,2 MW para la Regi\u00f3n de Ays\u00e9n y ofrecer energ\u00eda m\u00e1s limpia. Adem\u00e1s, permitir\u00e1 sostener tarifas adecuadas para climatizaci\u00f3n y calefacci\u00f3n el\u00e9ctrica.<\/span><\/p>\n<p class=\"v1MsoNormal\" style=\"text-align: justify;\"><span lang=\"ES-MX\">Durante la cita, el gerente zonal de Edelaysen, Leonardo Mor\u00e1n, junto a Eusebio Moraga, jefe t\u00e9cnico del Proyecto, explic\u00f3 los alcances de esta iniciativa, que recientemente obtuvo una calificaci\u00f3n favorable por parte de la Comisi\u00f3n de Evaluaci\u00f3n Ambiental de la regi\u00f3n.<\/span><\/p>\n<p class=\"v1MsoNormal\" style=\"text-align: justify;\"><span lang=\"ES-MX\">Luego de la reuni\u00f3n, el director de SENAPRED, Sidi Bravo, destac\u00f3 que \u201cse convoc\u00f3 al ABC de la emergencia -concepto en que se coordinan de manera autom\u00e1tica las principales instituciones para atender emergencias-, junto a Edelaysen, y se revisaron las implicancias del traslado de las e\u00f3licas que proyectan entre el a\u00f1o 2024 y 2026, por la ruta 240, desde Puerto Chacabuco hasta el sector de Baguales. Se analizaron todas las acciones de comunicaci\u00f3n, de coordinaci\u00f3n y planificaci\u00f3n para poder atender alguna situaci\u00f3n de emergencia, en conjunto con la empresa, para hacer un buen trabajo en el traslado de estas estructuras\u201d.<\/span><\/p>\n<p class=\"v1MsoNormal\" style=\"text-align: justify;\"><span lang=\"ES-MX\">Asimismo, el comandante de la Prefectura N\u00b027 de Carabineros de Ays\u00e9n, Juan Mu\u00f1oz, se\u00f1al\u00f3 que \u201cla reuni\u00f3n nos permiti\u00f3 conocer el proyecto y espec\u00edficamente temas que nos convocan a Carabineros, como los desplazamientos y traslados sobredimensionados que se realizar\u00e1n por la ruta 240, donde en determinados momentos se necesitar\u00e1 de nuestro apoyo para que las eventuales afectaciones del tr\u00e1nsito sean minimizadas por nuestro personal en coordinaci\u00f3n con Edelaysen\u201d. El oficial agreg\u00f3 que \u201cpara la tranquilidad de la comunidad, estos traslados de material de alta envergadura ser\u00e1n informados, acompa\u00f1ados y resguardados en todo momento por Carabineros para la seguridad del material y de toda la ciudadan\u00eda\u201d.<\/span><\/p>\n<p class=\"v1MsoNormal\" style=\"text-align: justify;\"><span lang=\"ES-MX\">De igual manera, el jefe del Samu de Ays\u00e9n, Felipe Corsini, dijo que \u201cesta reuni\u00f3n es muy importante dentro del sistema de Protecci\u00f3n Civil, porque aparte de dar protecci\u00f3n a la ciudadan\u00eda, tenemos que conocer el \u00e1mbito operativo tambi\u00e9n para coordinar c\u00f3mo vamos a circular con estos convoyes y estas mega estructuras. Contar con esta informaci\u00f3n de manera anticipada es muy \u00fatil porque nos permite seguir operando con los equipos de emergencia para dar respuesta a la comunidad\u201d.<\/span><\/p>\n<p class=\"v1MsoNormal\" style=\"text-align: justify;\"><span lang=\"ES-MX\">Finalmente, Leonardo Mor\u00e1n destac\u00f3 lo importante de estas reuniones porque \u201cnos acercamos a las instituciones expertas e iniciamos coordinaciones en aspectos claves para este tipo de operaciones. Agradecemos mucho la excelente recepci\u00f3n de Senapred, Carabineros, Samu, Bomberos y otras organizaciones con las que nos hemos reunido, porque se han mostrado desde un principio muy llanas a colaborar y prestar sus servicios para desarrollar la ampliaci\u00f3n de este proyecto, ya que r\u00e1pidamente comprendieron la importancia de este para nuestra regi\u00f3n\u201d.<\/span><\/p>\n<p class=\"v1MsoNormal\" style=\"text-align: justify;\"><span lang=\"ES-MX\">El ejecutivo agreg\u00f3 que \u201cla ampliaci\u00f3n del parque e\u00f3lico no solo permitir\u00e1 sostener tarifas adecuadas de climatizaci\u00f3n el\u00e9ctrica, generar agua caliente sanitaria y electromovilidad, adem\u00e1s de seguir apoyando el reemplazo de la le\u00f1a para la descontaminaci\u00f3n de Puerto Ays\u00e9n y Coyhaique, sino que tambi\u00e9n con el banco de bater\u00edas mejorar\u00e1 la estabilidad y resiliencia del sistema mediano de Ays\u00e9n, ya que por ejemplo, con el parque construido completo y en operaci\u00f3n, un incidente como el choque a poste del martes 16 de agosto, donde aproximadamente el 25% de la ciudad de Coyhaique qued\u00f3 sin energ\u00eda entre 7 a 9 horas, se habr\u00eda reducido a casi una hora, que es lo que demorar\u00edan las maniobras para dejar el 100% de la ciudad con energ\u00eda nuevamente\u201d.<\/span><\/p>\n<\/div><\/section><\/div><\/p>\n<div  style='height:50px' class='hr hr-invisible   avia-builder-el-6  el_after_av_one_full  el_before_av_social_share '><span class='hr-inner ' ><span class='hr-inner-style'><\/span><\/span><\/div>\n<div  class='av-social-sharing-box  avia-builder-el-7  el_after_av_hr  el_before_av_hr  '><div class='av-share-box'><h5 class='av-share-link-description av-no-toc '>Compartir esta noticia<\/h5><ul class='av-share-box-list noLightbox'><li class='av-share-link av-social-link-facebook' ><a target=\"_blank\" aria-label=\"Compartir en Facebook\" href='https:\/\/www.facebook.com\/sharer.php?u=https:\/\/radiorevelacionfm.cl\/?p=34008&#038;t=Presentan%20detalles%20de%20ampliaci%C3%B3n%20del%20Parque%20E%C3%B3lico%20Alto%20Baguales' aria-hidden='false' data-av_icon='\ue8f3' data-av_iconfont='entypo-fontello' title='' data-avia-related-tooltip='Compartir en Facebook' rel=\"noopener\"><span class='avia_hidden_link_text'>Compartir en Facebook<\/span><\/a><\/li><li class='av-share-link av-social-link-twitter' ><a target=\"_blank\" aria-label=\"Compartir en Twitter\" href='https:\/\/twitter.com\/share?text=Presentan%20detalles%20de%20ampliaci%C3%B3n%20del%20Parque%20E%C3%B3lico%20Alto%20Baguales&#038;url=https:\/\/radiorevelacionfm.cl\/?p=34008' aria-hidden='false' data-av_icon='\ue8f1' data-av_iconfont='entypo-fontello' title='' data-avia-related-tooltip='Compartir en Twitter' rel=\"noopener\"><span class='avia_hidden_link_text'>Compartir en Twitter<\/span><\/a><\/li><li class='av-share-link av-social-link-whatsapp' ><a target=\"_blank\" aria-label=\"Compartir en Whatsapp\" href='https:\/\/api.whatsapp.com\/send?text=https:\/\/radiorevelacionfm.cl\/?p=34008' aria-hidden='false' data-av_icon='\uf232' data-av_iconfont='entypo-fontello' title='' data-avia-related-tooltip='Compartir en Whatsapp' rel=\"noopener\"><span class='avia_hidden_link_text'>Compartir en Whatsapp<\/span><\/a><\/li><li class='av-share-link av-social-link-linkedin' ><a target=\"_blank\" aria-label=\"Compartir en LinkedIn\" href='https:\/\/linkedin.com\/shareArticle?mini=true&#038;title=Presentan%20detalles%20de%20ampliaci%C3%B3n%20del%20Parque%20E%C3%B3lico%20Alto%20Baguales&#038;url=https:\/\/radiorevelacionfm.cl\/?p=34008' aria-hidden='false' data-av_icon='\ue8fc' data-av_iconfont='entypo-fontello' title='' data-avia-related-tooltip='Compartir en LinkedIn' rel=\"noopener\"><span class='avia_hidden_link_text'>Compartir en LinkedIn<\/span><\/a><\/li><li class='av-share-link av-social-link-mail' ><a  aria-label=\"Compartir por correo\" href='mailto:?subject=Presentan%20detalles%20de%20ampliaci%C3%B3n%20del%20Parque%20E%C3%B3lico%20Alto%20Baguales&#038;body=https:\/\/radiorevelacionfm.cl\/?p=34008' aria-hidden='false' data-av_icon='\ue805' data-av_iconfont='entypo-fontello' title='' data-avia-related-tooltip='Compartir por correo'><span class='avia_hidden_link_text'>Compartir por correo<\/span><\/a><\/li><\/ul><\/div><\/div>\n<div  style='height:50px' class='hr hr-invisible   avia-builder-el-8  el_after_av_social_share  el_before_av_comments_list '><span class='hr-inner ' ><span class='hr-inner-style'><\/span><\/span><\/div>\n<div  class='av-buildercomment  av-blog-meta-html-info-disabled av-blog-meta-tag-disabled  '><\/div>\n","protected":false},"excerpt":{"rendered":"","protected":false},"author":1,"featured_media":34009,"comment_status":"open","ping_status":"open","sticky":false,"template":"","format":"standard","meta":{"footnotes":""},"categories":[38],"tags":[],"class_list":["post-34008","post","type-post","status-publish","format-standard","has-post-thumbnail","hentry","category-regional"],"jetpack_featured_media_url":"https:\/\/radiorevelacionfm.cl\/wp-content\/uploads\/2023\/08\/whatsapp-image-2023-08-18-at-10_optimized.43.50-1.jpeg","_links":{"self":[{"href":"https:\/\/radiorevelacionfm.cl\/index.php?rest_route=\/wp\/v2\/posts\/34008","targetHints":{"allow":["GET"]}}],"collection":[{"href":"https:\/\/radiorevelacionfm.cl\/index.php?rest_route=\/wp\/v2\/posts"}],"about":[{"href":"https:\/\/radiorevelacionfm.cl\/index.php?rest_route=\/wp\/v2\/types\/post"}],"author":[{"embeddable":true,"href":"https:\/\/radiorevelacionfm.cl\/index.php?rest_route=\/wp\/v2\/users\/1"}],"replies":[{"embeddable":true,"href":"https:\/\/radiorevelacionfm.cl\/index.php?rest_route=%2Fwp%2Fv2%2Fcomments&post=34008"}],"version-history":[{"count":2,"href":"https:\/\/radiorevelacionfm.cl\/index.php?rest_route=\/wp\/v2\/posts\/34008\/revisions"}],"predecessor-version":[{"id":34032,"href":"https:\/\/radiorevelacionfm.cl\/index.php?rest_route=\/wp\/v2\/posts\/34008\/revisions\/34032"}],"wp:featuredmedia":[{"embeddable":true,"href":"https:\/\/radiorevelacionfm.cl\/index.php?rest_route=\/wp\/v2\/media\/34009"}],"wp:attachment":[{"href":"https:\/\/radiorevelacionfm.cl\/index.php?rest_route=%2Fwp%2Fv2%2Fmedia&parent=34008"}],"wp:term":[{"taxonomy":"category","embeddable":true,"href":"https:\/\/radiorevelacionfm.cl\/index.php?rest_route=%2Fwp%2Fv2%2Fcategories&post=34008"},{"taxonomy":"post_tag","embeddable":true,"href":"https:\/\/radiorevelacionfm.cl\/index.php?rest_route=%2Fwp%2Fv2%2Ftags&post=34008"}],"curies":[{"name":"wp","href":"https:\/\/api.w.org\/{rel}","templated":true}]}}