{"id":34002,"date":"2023-08-18T13:16:15","date_gmt":"2023-08-18T16:16:15","guid":{"rendered":"https:\/\/radiorevelacionfm.cl\/?p=34002"},"modified":"2023-08-18T13:16:15","modified_gmt":"2023-08-18T16:16:15","slug":"seminario-de-productos-forestales-no-madereros-mostrara-experiencias-e-investigacion-en-torno-a-la-recoleccion-en-bosques-nativos","status":"publish","type":"post","link":"https:\/\/radiorevelacionfm.cl\/?p=34002","title":{"rendered":"Seminario de Productos Forestales No Madereros mostrar\u00e1 experiencias e investigaci\u00f3n en torno a la recolecci\u00f3n en bosques nativos"},"content":{"rendered":"<div class=\"flex_column av_one_full  flex_column_div av-zero-column-padding first  avia-builder-el-0  el_before_av_one_full  avia-builder-el-first  \" style='border-radius:0px; '><div  class='avia-image-container  av-styling-    avia-builder-el-1  avia-builder-el-no-sibling  avia-align-center '  itemprop=\"image\" itemscope=\"itemscope\" itemtype=\"https:\/\/schema.org\/ImageObject\"  ><div class='avia-image-container-inner'><div class='avia-image-overlay-wrap'><img decoding=\"async\" class='wp-image-34003 avia-img-lazy-loading-not-34003 avia_image' src=\"https:\/\/radiorevelacionfm.cl\/wp-content\/uploads\/2023\/08\/recoleccion-calafate-1-1_optimized-1.jpg\" alt='' title='recoleccion-calafate-(1)-(1)_optimized (1)' height=\"600\" width=\"1067\"  itemprop=\"thumbnailUrl\" srcset=\"https:\/\/radiorevelacionfm.cl\/wp-content\/uploads\/2023\/08\/recoleccion-calafate-1-1_optimized-1.jpg 1067w, https:\/\/radiorevelacionfm.cl\/wp-content\/uploads\/2023\/08\/recoleccion-calafate-1-1_optimized-1-300x169.jpg 300w, https:\/\/radiorevelacionfm.cl\/wp-content\/uploads\/2023\/08\/recoleccion-calafate-1-1_optimized-1-1030x579.jpg 1030w, https:\/\/radiorevelacionfm.cl\/wp-content\/uploads\/2023\/08\/recoleccion-calafate-1-1_optimized-1-768x432.jpg 768w, https:\/\/radiorevelacionfm.cl\/wp-content\/uploads\/2023\/08\/recoleccion-calafate-1-1_optimized-1-705x396.jpg 705w, https:\/\/radiorevelacionfm.cl\/wp-content\/uploads\/2023\/08\/recoleccion-calafate-1-1_optimized-1-450x253.jpg 450w, https:\/\/radiorevelacionfm.cl\/wp-content\/uploads\/2023\/08\/recoleccion-calafate-1-1_optimized-1-600x337.jpg 600w\" sizes=\"(max-width: 1067px) 100vw, 1067px\" \/><\/div><\/div><\/div><\/div><div class=\"flex_column av_one_full  flex_column_div av-zero-column-padding first  avia-builder-el-2  el_after_av_one_full  el_before_av_one_full  column-top-margin\" style='border-radius:0px; '><section class=\"av_textblock_section \"  itemscope=\"itemscope\" itemtype=\"https:\/\/schema.org\/BlogPosting\" itemprop=\"blogPost\" ><div class='avia_textblock  '   itemprop=\"text\" ><p style=\"text-align: center;\"><strong><span style=\"font-size: 18pt;\">Seminario de Productos Forestales No Madereros mostrar\u00e1 experiencias e investigaci\u00f3n en torno a la recolecci\u00f3n en bosques nativos<\/span><\/strong><\/p>\n<div id=\"gtx-trans\" style=\"position: absolute; left: -50px; top: 4.31534px;\">\n<div class=\"gtx-trans-icon\"><\/div>\n<\/div>\n<\/div><\/section><\/div><div class=\"flex_column av_one_full  flex_column_div av-zero-column-padding first  avia-builder-el-4  el_after_av_one_full  el_before_av_hr  column-top-margin\" style='border-radius:0px; '><section class=\"av_textblock_section \"  itemscope=\"itemscope\" itemtype=\"https:\/\/schema.org\/BlogPosting\" itemprop=\"blogPost\" ><div class='avia_textblock  '   itemprop=\"text\" ><p style=\"text-align: justify;\"><em>INFOR realizar\u00e1 un enriquecedor seminario sobre Productos Forestales No Madereros (PFNM), e invita a quienes est\u00e9n interesados a participar de esta jornada que destacar\u00e1 la importancia de los bosques, la recolecci\u00f3n y el emprendimiento para el desarrollo regional.\u00a0 <\/em><\/p>\n<p style=\"text-align: justify;\">La naturaleza y sus secretos guardan tesoros invaluables, es por ello que el Instituto Forestal (INFOR) sede Patagonia, con el financiamiento del Gobierno Regional de Ays\u00e9n y su Consejo, invita a participar del Seminario \u00abProductos Forestales No Madereros: Bosques, Recolecci\u00f3n y Emprendimiento, Factores Claves para el Desarrollo Regional\u00bb.<\/p>\n<p style=\"text-align: justify;\">Este evento, que se llevar\u00e1 a cabo\u00a0el mi\u00e9rcoles 23 de agosto a partir de las 10:00\u00a0horas en el Centro Cultural Coyhaique, ubicado en Eusebio Lillo 23, Coyhaique, en el que se podr\u00e1 conocer experiencias e investigaci\u00f3n en torno a la recolecci\u00f3n, as\u00ed como los resultados de la ejecuci\u00f3n del Programa FNDR\u00a0\u00abTransferencia para el Desarrollo Productivo en Base a Productos Forestales No Madereros (PFNM)\u00bb.<\/p>\n<p style=\"text-align: justify;\">Desde recolectoras de la regi\u00f3n, como Ang\u00e9lica Vielma de Cochrane y Carolina Llancapani de Puerto Cisnes, hasta visionarias como Claudia Manquepil\u00e1n, fundadora del exitoso emprendimiento Maqueo Sabores \u00c9tnicos de la regi\u00f3n de Los R\u00edos, ser\u00e1n parte de este seminario que promete una visi\u00f3n integral de c\u00f3mo el bosque, la recolecci\u00f3n y el emprendimiento se entrelazan para impulsar el desarrollo regional.<\/p>\n<p style=\"text-align: justify;\">Adem\u00e1s, el investigador de INFOR Sede Los R\u00edos, Eduardo Molina, compartir\u00e1 conocimientos sobre el cultivo de hongos silvestres comestibles en el bosque nativo, mientras que Francisco Mattenet, proveniente de Ushuaia, Argentina, nos sumergir\u00e1 en su investigaci\u00f3n basada en el \u00d1irre en la Patagonia Argentina.<\/p>\n<p style=\"text-align: justify;\">En tanto, Jaime Salinas, gerente de INFOR sede Patagonia, invit\u00f3 a la comunidad a asistir al seminario para conocer m\u00e1s de este rubro forestal y su implicancia en la regi\u00f3n de Ays\u00e9n. \u00abConoceremos las experiencias de recolectoras de productos forestales no madereros, emprendedoras locales e investigadores nacionales e internacionales que demuestran como el bosque es la\u00a0materia prima para peque\u00f1os emprendimientos familiares, aportando al desarrollo regional\u00bb.<\/p>\n<\/div><\/section><\/div><div  style='height:50px' class='hr hr-invisible   avia-builder-el-6  el_after_av_one_full  el_before_av_social_share '><span class='hr-inner ' ><span class='hr-inner-style'><\/span><\/span><\/div><\/p>\n<div  class='av-social-sharing-box  avia-builder-el-7  el_after_av_hr  el_before_av_hr  '><div class='av-share-box'><h5 class='av-share-link-description av-no-toc '>Compartir esta noticia<\/h5><ul class='av-share-box-list noLightbox'><li class='av-share-link av-social-link-facebook' ><a target=\"_blank\" aria-label=\"Compartir en Facebook\" href='https:\/\/www.facebook.com\/sharer.php?u=https:\/\/radiorevelacionfm.cl\/?p=34002&#038;t=Seminario%20de%20Productos%20Forestales%20No%20Madereros%20mostrar%C3%A1%20experiencias%20e%20investigaci%C3%B3n%20en%20torno%20a%20la%20recolecci%C3%B3n%20en%20bosques%20nativos' aria-hidden='false' data-av_icon='\ue8f3' data-av_iconfont='entypo-fontello' title='' data-avia-related-tooltip='Compartir en Facebook' rel=\"noopener\"><span class='avia_hidden_link_text'>Compartir en Facebook<\/span><\/a><\/li><li class='av-share-link av-social-link-twitter' ><a target=\"_blank\" aria-label=\"Compartir en Twitter\" href='https:\/\/twitter.com\/share?text=Seminario%20de%20Productos%20Forestales%20No%20Madereros%20mostrar%C3%A1%20experiencias%20e%20investigaci%C3%B3n%20en%20torno%20a%20la%20recolecci%C3%B3n%20en%20bosques%20nativos&#038;url=https:\/\/radiorevelacionfm.cl\/?p=34002' aria-hidden='false' data-av_icon='\ue8f1' data-av_iconfont='entypo-fontello' title='' data-avia-related-tooltip='Compartir en Twitter' rel=\"noopener\"><span class='avia_hidden_link_text'>Compartir en Twitter<\/span><\/a><\/li><li class='av-share-link av-social-link-whatsapp' ><a target=\"_blank\" aria-label=\"Compartir en Whatsapp\" href='https:\/\/api.whatsapp.com\/send?text=https:\/\/radiorevelacionfm.cl\/?p=34002' aria-hidden='false' data-av_icon='\uf232' data-av_iconfont='entypo-fontello' title='' data-avia-related-tooltip='Compartir en Whatsapp' rel=\"noopener\"><span class='avia_hidden_link_text'>Compartir en Whatsapp<\/span><\/a><\/li><li class='av-share-link av-social-link-linkedin' ><a target=\"_blank\" aria-label=\"Compartir en LinkedIn\" href='https:\/\/linkedin.com\/shareArticle?mini=true&#038;title=Seminario%20de%20Productos%20Forestales%20No%20Madereros%20mostrar%C3%A1%20experiencias%20e%20investigaci%C3%B3n%20en%20torno%20a%20la%20recolecci%C3%B3n%20en%20bosques%20nativos&#038;url=https:\/\/radiorevelacionfm.cl\/?p=34002' aria-hidden='false' data-av_icon='\ue8fc' data-av_iconfont='entypo-fontello' title='' data-avia-related-tooltip='Compartir en LinkedIn' rel=\"noopener\"><span class='avia_hidden_link_text'>Compartir en LinkedIn<\/span><\/a><\/li><li class='av-share-link av-social-link-mail' ><a  aria-label=\"Compartir por correo\" href='mailto:?subject=Seminario%20de%20Productos%20Forestales%20No%20Madereros%20mostrar%C3%A1%20experiencias%20e%20investigaci%C3%B3n%20en%20torno%20a%20la%20recolecci%C3%B3n%20en%20bosques%20nativos&#038;body=https:\/\/radiorevelacionfm.cl\/?p=34002' aria-hidden='false' data-av_icon='\ue805' data-av_iconfont='entypo-fontello' title='' data-avia-related-tooltip='Compartir por correo'><span class='avia_hidden_link_text'>Compartir por correo<\/span><\/a><\/li><\/ul><\/div><\/div>\n<div  style='height:50px' class='hr hr-invisible   avia-builder-el-8  el_after_av_social_share  el_before_av_comments_list '><span class='hr-inner ' ><span class='hr-inner-style'><\/span><\/span><\/div>\n<div  class='av-buildercomment  av-blog-meta-html-info-disabled av-blog-meta-tag-disabled  '><\/div>\n","protected":false},"excerpt":{"rendered":"","protected":false},"author":1,"featured_media":34003,"comment_status":"open","ping_status":"open","sticky":false,"template":"","format":"standard","meta":{"footnotes":""},"categories":[58],"tags":[],"class_list":["post-34002","post","type-post","status-publish","format-standard","has-post-thumbnail","hentry","category-agricultura"],"jetpack_featured_media_url":"https:\/\/radiorevelacionfm.cl\/wp-content\/uploads\/2023\/08\/recoleccion-calafate-1-1_optimized-1.jpg","_links":{"self":[{"href":"https:\/\/radiorevelacionfm.cl\/index.php?rest_route=\/wp\/v2\/posts\/34002","targetHints":{"allow":["GET"]}}],"collection":[{"href":"https:\/\/radiorevelacionfm.cl\/index.php?rest_route=\/wp\/v2\/posts"}],"about":[{"href":"https:\/\/radiorevelacionfm.cl\/index.php?rest_route=\/wp\/v2\/types\/post"}],"author":[{"embeddable":true,"href":"https:\/\/radiorevelacionfm.cl\/index.php?rest_route=\/wp\/v2\/users\/1"}],"replies":[{"embeddable":true,"href":"https:\/\/radiorevelacionfm.cl\/index.php?rest_route=%2Fwp%2Fv2%2Fcomments&post=34002"}],"version-history":[{"count":1,"href":"https:\/\/radiorevelacionfm.cl\/index.php?rest_route=\/wp\/v2\/posts\/34002\/revisions"}],"predecessor-version":[{"id":34004,"href":"https:\/\/radiorevelacionfm.cl\/index.php?rest_route=\/wp\/v2\/posts\/34002\/revisions\/34004"}],"wp:featuredmedia":[{"embeddable":true,"href":"https:\/\/radiorevelacionfm.cl\/index.php?rest_route=\/wp\/v2\/media\/34003"}],"wp:attachment":[{"href":"https:\/\/radiorevelacionfm.cl\/index.php?rest_route=%2Fwp%2Fv2%2Fmedia&parent=34002"}],"wp:term":[{"taxonomy":"category","embeddable":true,"href":"https:\/\/radiorevelacionfm.cl\/index.php?rest_route=%2Fwp%2Fv2%2Fcategories&post=34002"},{"taxonomy":"post_tag","embeddable":true,"href":"https:\/\/radiorevelacionfm.cl\/index.php?rest_route=%2Fwp%2Fv2%2Ftags&post=34002"}],"curies":[{"name":"wp","href":"https:\/\/api.w.org\/{rel}","templated":true}]}}