{"id":33996,"date":"2023-08-18T12:39:21","date_gmt":"2023-08-18T15:39:21","guid":{"rendered":"https:\/\/radiorevelacionfm.cl\/?p=33996"},"modified":"2023-08-18T12:39:21","modified_gmt":"2023-08-18T15:39:21","slug":"edelaysen-fortalece-vinculos-comunitarios-al-inaugurar-conexion-electrica-en-la-ruca-de-asociacion-indigena-en-alto-baguales","status":"publish","type":"post","link":"https:\/\/radiorevelacionfm.cl\/?p=33996","title":{"rendered":"Edelaysen fortalece v\u00ednculos comunitarios al inaugurar conexi\u00f3n el\u00e9ctrica en la Ruca de Asociaci\u00f3n Ind\u00edgena en Alto Baguales"},"content":{"rendered":"<div class=\"flex_column av_one_full  flex_column_div av-zero-column-padding first  avia-builder-el-0  el_before_av_one_full  avia-builder-el-first  \" style='border-radius:0px; '><div  class='avia-image-container  av-styling-    avia-builder-el-1  avia-builder-el-no-sibling  avia-align-center '  itemprop=\"image\" itemscope=\"itemscope\" itemtype=\"https:\/\/schema.org\/ImageObject\"  ><div class='avia-image-container-inner'><div class='avia-image-overlay-wrap'><img decoding=\"async\" class='wp-image-33997 avia-img-lazy-loading-not-33997 avia_image' src=\"https:\/\/radiorevelacionfm.cl\/wp-content\/uploads\/2023\/08\/ruca-alto-baguales-1_optimized-1.jpeg\" alt='' title='ruca-alto-baguales-(1)_optimized (1)' height=\"600\" width=\"800\"  itemprop=\"thumbnailUrl\" srcset=\"https:\/\/radiorevelacionfm.cl\/wp-content\/uploads\/2023\/08\/ruca-alto-baguales-1_optimized-1.jpeg 800w, https:\/\/radiorevelacionfm.cl\/wp-content\/uploads\/2023\/08\/ruca-alto-baguales-1_optimized-1-300x225.jpeg 300w, https:\/\/radiorevelacionfm.cl\/wp-content\/uploads\/2023\/08\/ruca-alto-baguales-1_optimized-1-768x576.jpeg 768w, https:\/\/radiorevelacionfm.cl\/wp-content\/uploads\/2023\/08\/ruca-alto-baguales-1_optimized-1-705x529.jpeg 705w, https:\/\/radiorevelacionfm.cl\/wp-content\/uploads\/2023\/08\/ruca-alto-baguales-1_optimized-1-450x338.jpeg 450w, https:\/\/radiorevelacionfm.cl\/wp-content\/uploads\/2023\/08\/ruca-alto-baguales-1_optimized-1-600x450.jpeg 600w\" sizes=\"(max-width: 800px) 100vw, 800px\" \/><\/div><\/div><\/div><\/div><div class=\"flex_column av_one_full  flex_column_div av-zero-column-padding first  avia-builder-el-2  el_after_av_one_full  el_before_av_one_full  column-top-margin\" style='border-radius:0px; '><section class=\"av_textblock_section \"  itemscope=\"itemscope\" itemtype=\"https:\/\/schema.org\/BlogPosting\" itemprop=\"blogPost\" ><div class='avia_textblock  '   itemprop=\"text\" ><p style=\"text-align: center;\"><strong><span style=\"font-size: 18pt;\">Edelaysen fortalece v\u00ednculos comunitarios al inaugurar conexi\u00f3n el\u00e9ctrica en la Ruca de Asociaci\u00f3n Ind\u00edgena en Alto Baguales<\/span><\/strong><\/p>\n<div id=\"gtx-trans\" style=\"position: absolute; left: -50px; top: 4.31534px;\">\n<div class=\"gtx-trans-icon\"><\/div>\n<\/div>\n<\/div><\/section><\/div><div class=\"flex_column av_one_full  flex_column_div av-zero-column-padding first  avia-builder-el-4  el_after_av_one_full  el_before_av_hr  column-top-margin\" style='border-radius:0px; '><section class=\"av_textblock_section \"  itemscope=\"itemscope\" itemtype=\"https:\/\/schema.org\/BlogPosting\" itemprop=\"blogPost\" ><div class='avia_textblock  '   itemprop=\"text\" ><p style=\"text-align: justify;\">Desde el sector de Alto Baguales en la comuna de Coyhaique, la empresa el\u00e9ctrica Edelaysen materializ\u00f3 su compromiso al inaugurar la conexi\u00f3n a la red el\u00e9ctrica en la ruca de la Asociaci\u00f3n Ind\u00edgena Ant\u00fc Ka Pire Mapu Mew. Esta gesti\u00f3n, que se enmarca en el programa de sustentabilidad de la compa\u00f1\u00eda \u201cConecta tu Sede\u201d, no solo permite iluminar el espacio f\u00edsico, sino que tambi\u00e9n ilumina el v\u00ednculo entre las personas que componen esta comunidad.<\/p>\n<p style=\"text-align: justify;\">La ceremonia de inauguraci\u00f3n, celebrada con respeto y solemnidad, cont\u00f3 con la presencia de dirigentes y miembros de la Asociaci\u00f3n Ind\u00edgena y representantes de la el\u00e9ctrica, quienes durante la actividad destacaron el compromiso continuo de Edelaysen para fortalecer los lazos comunitarios y contribuir al bienestar de sus vecinos.<\/p>\n<p style=\"text-align: justify;\">Leonardo Mor\u00e1n, gerente de la el\u00e9ctrica se\u00f1al\u00f3 que: \u201cfeliz de poder estar hoy d\u00eda con la comunidad, de que nos hayan invitado y de poder haber participado de su ceremonia. Y feliz tambi\u00e9n de poder, a trav\u00e9s de los programas que tiene la empresa, aportar un poco a mejorar la calidad de vida de sus vecinos. Porque claramente ellos, van a poder extender el tiempo en que pueden disponibilizar la ruca para poder usarla y nosotros felices de poder aportar a la comunidad donde estamos insertos\u201d.<\/p>\n<p style=\"text-align: justify;\">As\u00ed mismo, el lonco Sergio Huenul destac\u00f3 que: \u201cSignifica un gran avance en lo que queremos desarrollar como asociaci\u00f3n. Este tema ya lo hab\u00edamos conversado hace bastante tiempo y hoy ya es una realidad, aqu\u00ed tambi\u00e9n se benefician colegios que participan dentro de nuestra ruca, que nos visitan constantemente, jardines tambi\u00e9n. As\u00ed que hoy d\u00eda esto nos da un gran avance en querer desarrollar actividades propias, que los ni\u00f1os puedan trabajar ac\u00e1 y que vean la realidad de como vivimos nosotros como Mapuches que hoy contamos con agua y luz as\u00ed que de nuestra parte estamos muy agradecidos\u201d.<\/p>\n<p style=\"text-align: justify;\">Patricio Raimilla, jefe de servicio al cliente de Edelaysen, indic\u00f3 que: \u201cCon acciones como esta, no solo estamos conectando con una necesidad de la Asociaci\u00f3n Ind\u00edgena, sino con la de todos quienes podr\u00e1n hacer un uso mas amplio de las instalaciones de la Ruca, acogiendo a ni\u00f1os y adolescentes que se acercan culturalmente a nuestros pueblos originarios. Nuestros programas de sustentabilidad justamente est\u00e1n hechos con este prop\u00f3sito, ser una soluci\u00f3n concreta a necesidades de la comunidad y un facilitador de instancias que permiten justamente el que seamos con todas sus letras una comunidad\u201d.<\/p>\n<p style=\"text-align: justify;\">La conexi\u00f3n el\u00e9ctrica no solo mejorar\u00e1 las condiciones de la sede, sino que tambi\u00e9n permitir\u00e1 un mayor alcance de las actividades y eventos culturales que la Asociaci\u00f3n Ind\u00edgena Ant\u00fc Ka Pire Mapu Mew realiza en beneficio de la comunidad.<\/p>\n<\/div><\/section><\/div><div  style='height:50px' class='hr hr-invisible   avia-builder-el-6  el_after_av_one_full  el_before_av_social_share '><span class='hr-inner ' ><span class='hr-inner-style'><\/span><\/span><\/div><\/p>\n<div  class='av-social-sharing-box  avia-builder-el-7  el_after_av_hr  el_before_av_hr  '><div class='av-share-box'><h5 class='av-share-link-description av-no-toc '>Compartir esta noticia<\/h5><ul class='av-share-box-list noLightbox'><li class='av-share-link av-social-link-facebook' ><a target=\"_blank\" aria-label=\"Compartir en Facebook\" href='https:\/\/www.facebook.com\/sharer.php?u=https:\/\/radiorevelacionfm.cl\/?p=33996&#038;t=Edelaysen%20fortalece%20v%C3%ADnculos%20comunitarios%20al%20inaugurar%20conexi%C3%B3n%20el%C3%A9ctrica%20en%20la%20Ruca%20de%20Asociaci%C3%B3n%20Ind%C3%ADgena%20en%20Alto%20Baguales' aria-hidden='false' data-av_icon='\ue8f3' data-av_iconfont='entypo-fontello' title='' data-avia-related-tooltip='Compartir en Facebook' rel=\"noopener\"><span class='avia_hidden_link_text'>Compartir en Facebook<\/span><\/a><\/li><li class='av-share-link av-social-link-twitter' ><a target=\"_blank\" aria-label=\"Compartir en Twitter\" href='https:\/\/twitter.com\/share?text=Edelaysen%20fortalece%20v%C3%ADnculos%20comunitarios%20al%20inaugurar%20conexi%C3%B3n%20el%C3%A9ctrica%20en%20la%20Ruca%20de%20Asociaci%C3%B3n%20Ind%C3%ADgena%20en%20Alto%20Baguales&#038;url=https:\/\/radiorevelacionfm.cl\/?p=33996' aria-hidden='false' data-av_icon='\ue8f1' data-av_iconfont='entypo-fontello' title='' data-avia-related-tooltip='Compartir en Twitter' rel=\"noopener\"><span class='avia_hidden_link_text'>Compartir en Twitter<\/span><\/a><\/li><li class='av-share-link av-social-link-whatsapp' ><a target=\"_blank\" aria-label=\"Compartir en Whatsapp\" href='https:\/\/api.whatsapp.com\/send?text=https:\/\/radiorevelacionfm.cl\/?p=33996' aria-hidden='false' data-av_icon='\uf232' data-av_iconfont='entypo-fontello' title='' data-avia-related-tooltip='Compartir en Whatsapp' rel=\"noopener\"><span class='avia_hidden_link_text'>Compartir en Whatsapp<\/span><\/a><\/li><li class='av-share-link av-social-link-linkedin' ><a target=\"_blank\" aria-label=\"Compartir en LinkedIn\" href='https:\/\/linkedin.com\/shareArticle?mini=true&#038;title=Edelaysen%20fortalece%20v%C3%ADnculos%20comunitarios%20al%20inaugurar%20conexi%C3%B3n%20el%C3%A9ctrica%20en%20la%20Ruca%20de%20Asociaci%C3%B3n%20Ind%C3%ADgena%20en%20Alto%20Baguales&#038;url=https:\/\/radiorevelacionfm.cl\/?p=33996' aria-hidden='false' data-av_icon='\ue8fc' data-av_iconfont='entypo-fontello' title='' data-avia-related-tooltip='Compartir en LinkedIn' rel=\"noopener\"><span class='avia_hidden_link_text'>Compartir en LinkedIn<\/span><\/a><\/li><li class='av-share-link av-social-link-mail' ><a  aria-label=\"Compartir por correo\" href='mailto:?subject=Edelaysen%20fortalece%20v%C3%ADnculos%20comunitarios%20al%20inaugurar%20conexi%C3%B3n%20el%C3%A9ctrica%20en%20la%20Ruca%20de%20Asociaci%C3%B3n%20Ind%C3%ADgena%20en%20Alto%20Baguales&#038;body=https:\/\/radiorevelacionfm.cl\/?p=33996' aria-hidden='false' data-av_icon='\ue805' data-av_iconfont='entypo-fontello' title='' data-avia-related-tooltip='Compartir por correo'><span class='avia_hidden_link_text'>Compartir por correo<\/span><\/a><\/li><\/ul><\/div><\/div>\n<div  style='height:50px' class='hr hr-invisible   avia-builder-el-8  el_after_av_social_share  el_before_av_comments_list '><span class='hr-inner ' ><span class='hr-inner-style'><\/span><\/span><\/div>\n<div  class='av-buildercomment  av-blog-meta-html-info-disabled av-blog-meta-tag-disabled  '><\/div>\n","protected":false},"excerpt":{"rendered":"","protected":false},"author":1,"featured_media":33997,"comment_status":"open","ping_status":"open","sticky":false,"template":"","format":"standard","meta":{"footnotes":""},"categories":[38],"tags":[],"class_list":["post-33996","post","type-post","status-publish","format-standard","has-post-thumbnail","hentry","category-regional"],"jetpack_featured_media_url":"https:\/\/radiorevelacionfm.cl\/wp-content\/uploads\/2023\/08\/ruca-alto-baguales-1_optimized-1.jpeg","_links":{"self":[{"href":"https:\/\/radiorevelacionfm.cl\/index.php?rest_route=\/wp\/v2\/posts\/33996","targetHints":{"allow":["GET"]}}],"collection":[{"href":"https:\/\/radiorevelacionfm.cl\/index.php?rest_route=\/wp\/v2\/posts"}],"about":[{"href":"https:\/\/radiorevelacionfm.cl\/index.php?rest_route=\/wp\/v2\/types\/post"}],"author":[{"embeddable":true,"href":"https:\/\/radiorevelacionfm.cl\/index.php?rest_route=\/wp\/v2\/users\/1"}],"replies":[{"embeddable":true,"href":"https:\/\/radiorevelacionfm.cl\/index.php?rest_route=%2Fwp%2Fv2%2Fcomments&post=33996"}],"version-history":[{"count":1,"href":"https:\/\/radiorevelacionfm.cl\/index.php?rest_route=\/wp\/v2\/posts\/33996\/revisions"}],"predecessor-version":[{"id":33998,"href":"https:\/\/radiorevelacionfm.cl\/index.php?rest_route=\/wp\/v2\/posts\/33996\/revisions\/33998"}],"wp:featuredmedia":[{"embeddable":true,"href":"https:\/\/radiorevelacionfm.cl\/index.php?rest_route=\/wp\/v2\/media\/33997"}],"wp:attachment":[{"href":"https:\/\/radiorevelacionfm.cl\/index.php?rest_route=%2Fwp%2Fv2%2Fmedia&parent=33996"}],"wp:term":[{"taxonomy":"category","embeddable":true,"href":"https:\/\/radiorevelacionfm.cl\/index.php?rest_route=%2Fwp%2Fv2%2Fcategories&post=33996"},{"taxonomy":"post_tag","embeddable":true,"href":"https:\/\/radiorevelacionfm.cl\/index.php?rest_route=%2Fwp%2Fv2%2Ftags&post=33996"}],"curies":[{"name":"wp","href":"https:\/\/api.w.org\/{rel}","templated":true}]}}