{"id":33992,"date":"2023-08-18T11:42:40","date_gmt":"2023-08-18T14:42:40","guid":{"rendered":"https:\/\/radiorevelacionfm.cl\/?p=33992"},"modified":"2023-08-18T11:42:40","modified_gmt":"2023-08-18T14:42:40","slug":"destacan-medidas-que-apuntan-a-la-probidad-y-modernizacion-del-estado","status":"publish","type":"post","link":"https:\/\/radiorevelacionfm.cl\/?p=33992","title":{"rendered":"Destacan medidas que apuntan a la Probidad y Modernizaci\u00f3n del Estado"},"content":{"rendered":"<div class=\"flex_column av_one_full  flex_column_div av-zero-column-padding first  avia-builder-el-0  el_before_av_one_full  avia-builder-el-first  \" style='border-radius:0px; '><div  class='avia-image-container  av-styling-    avia-builder-el-1  avia-builder-el-no-sibling  avia-align-center '  itemprop=\"image\" itemscope=\"itemscope\" itemtype=\"https:\/\/schema.org\/ImageObject\"  ><div class='avia-image-container-inner'><div class='avia-image-overlay-wrap'><img decoding=\"async\" class='wp-image-33994 avia-img-lazy-loading-not-33994 avia_image' src=\"https:\/\/radiorevelacionfm.cl\/wp-content\/uploads\/2023\/08\/dpr-y-gobiernos-1-1.jpg\" alt='' title='dpr y gobierno(s) (1) (1)' height=\"600\" width=\"796\"  itemprop=\"thumbnailUrl\" srcset=\"https:\/\/radiorevelacionfm.cl\/wp-content\/uploads\/2023\/08\/dpr-y-gobiernos-1-1.jpg 796w, https:\/\/radiorevelacionfm.cl\/wp-content\/uploads\/2023\/08\/dpr-y-gobiernos-1-1-300x226.jpg 300w, https:\/\/radiorevelacionfm.cl\/wp-content\/uploads\/2023\/08\/dpr-y-gobiernos-1-1-768x579.jpg 768w, https:\/\/radiorevelacionfm.cl\/wp-content\/uploads\/2023\/08\/dpr-y-gobiernos-1-1-705x531.jpg 705w, https:\/\/radiorevelacionfm.cl\/wp-content\/uploads\/2023\/08\/dpr-y-gobiernos-1-1-450x339.jpg 450w, https:\/\/radiorevelacionfm.cl\/wp-content\/uploads\/2023\/08\/dpr-y-gobiernos-1-1-600x452.jpg 600w\" sizes=\"(max-width: 796px) 100vw, 796px\" \/><\/div><\/div><\/div><\/div><div class=\"flex_column av_one_full  flex_column_div av-zero-column-padding first  avia-builder-el-2  el_after_av_one_full  el_before_av_one_full  column-top-margin\" style='border-radius:0px; '><section class=\"av_textblock_section \"  itemscope=\"itemscope\" itemtype=\"https:\/\/schema.org\/BlogPosting\" itemprop=\"blogPost\" ><div class='avia_textblock  '   itemprop=\"text\" ><p style=\"text-align: center;\"><strong><span style=\"font-size: 18pt;\">Destacan medidas que apuntan a la Probidad y Modernizaci\u00f3n del Estado<\/span><\/strong><\/p>\n<div id=\"gtx-trans\" style=\"position: absolute; left: -50px; top: 4.31534px;\">\n<div class=\"gtx-trans-icon\"><\/div>\n<\/div>\n<\/div><\/section><\/div><div class=\"flex_column av_one_full  flex_column_div av-zero-column-padding first  avia-builder-el-4  el_after_av_one_full  el_before_av_hr  column-top-margin\" style='border-radius:0px; '><section class=\"av_textblock_section \"  itemscope=\"itemscope\" itemtype=\"https:\/\/schema.org\/BlogPosting\" itemprop=\"blogPost\" ><div class='avia_textblock  '   itemprop=\"text\" ><p style=\"text-align: justify;\">El Gobierno dio a conocer las primeras medidas de la Agenda de Probidad y Modernizaci\u00f3n del Estado, que perfecciona la ejecuci\u00f3n de los recursos mejorando el control y fiscalizaci\u00f3n del gasto reduciendo los espacios para el mal uso de los fondos p\u00fablicos. Como parte de esta Agenda, el Ministerio de Hacienda en conjunto con la Direcci\u00f3n de Presupuestos envi\u00f3 un instructivo a todos los servicios del sector p\u00fablico para asegurar que los recursos que se transfieren a instituciones privadas sin fines de lucro sean destinados a los objetivos que se definen para ello estableciendo nuevos requisitos para disponer de las transferencias.<\/p>\n<p style=\"text-align: justify;\">El Delegado Presidencial Regional, Rodrigo Araya Morales, indic\u00f3: \u201cEs evidente la importancia de poner mejores controles ante los problemas detectados en la administraci\u00f3n financiera entre instituciones p\u00fablicas y privadas. Este instructivo -que tambi\u00e9n va a requerir un cambio legislativo, un reglamento posterior, inclusive una nueva ley de probidad y transparencia-, es tremendamente serio. Es fundamental la certeza que las personas tienen que tener, de que los recursos fiscales, del Estado, son eficientemente usados y van en beneficio de las personas. Con esto estamos dando cumplimiento a esa obligaci\u00f3n de velar por el buen uso de los recursos p\u00fablicos\u201d.<\/p>\n<p style=\"text-align: justify;\">El oficio enviado refuerza la obligaci\u00f3n de aplicar reglas generales de contrataci\u00f3n, recalcando que los receptores privados deben ser seleccionados mediante un concurso acorde a lo que dice la Ley de Presupuestos. Adem\u00e1s, en l\u00ednea con lo detallado en la Ley del Erario P\u00fablico 2023, se establece que las transferencias de recursos p\u00fablicos a instituciones privadas, sus objetivos y condiciones, deben ser efectuadas a trav\u00e9s de convenios suscritos entre ambas entidades y aprobados mediante los respectivos actos administrativos, totalmente tramitados.<\/p>\n<p style=\"text-align: justify;\">Por su parte, el Seremi (S) de Gobierno, Samuel Navarro Castro, se\u00f1al\u00f3: \u201cen nuestra regi\u00f3n, al igual que en el resto del pa\u00eds, nuestro Gobierno est\u00e1 tomando medidas concretas para promover mayor probidad y modernizaci\u00f3n del Estado. El instructivo fue enviado a las instituciones para reforzar los controles de los convenios que se celebren para todo tipo de transferencias, tanto corrientes como de capital, en el sector p\u00fablico, lo cual fue coordinado con la Contralor\u00eda General de la Rep\u00fablica. Este instructivo ser\u00e1 complementado por las mejoras que incluir\u00e1 el proyecto de ley de Presupuesto 2024 y por las recomendaciones que presente la Comisi\u00f3n Asesora Ministerial para la regulaci\u00f3n de la relaci\u00f3n entre las instituciones privadas sin fines de lucro y el Estado a fin de este mes. Este documento reitera normas existentes y las complementa incorporando factores de riesgo que se han identificado en los eventos que se han conocido en las \u00faltimas semanas. Todas estas medidas son aplicables tanto para el Gobierno Central como para los Gobiernos Regionales\u201d.<\/p>\n<p style=\"text-align: justify;\">La Contralor\u00eda General de la Rep\u00fablica por parte de las instituciones que suscriben convenios con el Estado, tambi\u00e9n exige la existencia de garant\u00edas en todos los convenios que se celebren (sea para transferencias corrientes o de capital), que cubran, al menos, una parte significativa de los recursos que se est\u00e1n traspasando. Ejemplo de ello, son la demanda de boletas de garant\u00eda, vales vista u otros instrumentos que permitan su cobro inmediato en caso de incumplimiento de alg\u00fan aspecto.<\/p>\n<p style=\"text-align: justify;\">Adem\u00e1s el instructivo sostiene que la entidad privada que suscribe el convenio con el Estado debe acreditar antig\u00fcedad y experiencia en la funci\u00f3n comprometida. Tambi\u00e9n se busca limitar la subcontrataci\u00f3n, solo en aquellas funciones de la entidad que son anexas al objetivo fundamental del convenio. Se reitera, adem\u00e1s, la obligatoriedad de inscribirse en el Registro de Colaboradores del Estado que mantiene el Ministerio de Hacienda y donde deber\u00e1n entregar informaci\u00f3n todas las instituciones p\u00fablicas que suscriban convenios con instituciones privadas.<\/p>\n<p style=\"text-align: justify;\">Otra de las medidas establecidas en el instructivo es la prohibici\u00f3n de fraccionar un convenio, es decir, que se divida en dos o m\u00e1s fracciones por montos que los mantengan bajo las exigencias de aprobaci\u00f3n o de regulaci\u00f3n que establece la Ley. Y, en el caso de instituciones que a la fecha han suscrito convenios previos con el Estado, se les obligar\u00e1 a acreditar la rendici\u00f3n de cuentas por esos acuerdos.<\/p>\n<p style=\"text-align: justify;\">Otras obligaciones incorporadas en este instructivo consideran que los convenios de transferencias a municipalidades deber\u00e1n incluir la informaci\u00f3n de la dotaci\u00f3n a contratar, para el cumplimiento del objeto del convenio; la restituci\u00f3n de recursos transferidos en casos en que no se cumpla adecuadamente el objeto de un convenio; no establecer compromisos que excedan el ejercicio presupuestario; conceder transferencias en relaci\u00f3n con el avance efectivo del proyecto financiado; y publicar y transparentar la informaci\u00f3n en los propios sitios web de las instituciones que suscriben un convenio con el Estado.<\/p>\n<p style=\"text-align: justify;\">Finalmente, en el caso de los Gobiernos Regionales, adem\u00e1s de ser aplicable todas estas instrucciones, se les reiteran las normas de la Ley de Presupuesto de 2023 en cuanto a priorizar la asignaci\u00f3n de recursos a trav\u00e9s de mecanismos concursables y de regular estrictamente la informaci\u00f3n y los requisitos cuando se suscriban, por razones de fuerza mayor, convenios a trav\u00e9s de asignaciones directas.<\/p>\n<\/div><\/section><\/div><div  style='height:50px' class='hr hr-invisible   avia-builder-el-6  el_after_av_one_full  el_before_av_social_share '><span class='hr-inner ' ><span class='hr-inner-style'><\/span><\/span><\/div><\/p>\n<div  class='av-social-sharing-box  avia-builder-el-7  el_after_av_hr  el_before_av_hr  '><div class='av-share-box'><h5 class='av-share-link-description av-no-toc '>Compartir esta noticia<\/h5><ul class='av-share-box-list noLightbox'><li class='av-share-link av-social-link-facebook' ><a target=\"_blank\" aria-label=\"Compartir en Facebook\" href='https:\/\/www.facebook.com\/sharer.php?u=https:\/\/radiorevelacionfm.cl\/?p=33992&#038;t=Destacan%20medidas%20que%20apuntan%20a%20la%20Probidad%20y%20Modernizaci%C3%B3n%20del%20Estado' aria-hidden='false' data-av_icon='\ue8f3' data-av_iconfont='entypo-fontello' title='' data-avia-related-tooltip='Compartir en Facebook' rel=\"noopener\"><span class='avia_hidden_link_text'>Compartir en Facebook<\/span><\/a><\/li><li class='av-share-link av-social-link-twitter' ><a target=\"_blank\" aria-label=\"Compartir en Twitter\" href='https:\/\/twitter.com\/share?text=Destacan%20medidas%20que%20apuntan%20a%20la%20Probidad%20y%20Modernizaci%C3%B3n%20del%20Estado&#038;url=https:\/\/radiorevelacionfm.cl\/?p=33992' aria-hidden='false' data-av_icon='\ue8f1' data-av_iconfont='entypo-fontello' title='' data-avia-related-tooltip='Compartir en Twitter' rel=\"noopener\"><span class='avia_hidden_link_text'>Compartir en Twitter<\/span><\/a><\/li><li class='av-share-link av-social-link-whatsapp' ><a target=\"_blank\" aria-label=\"Compartir en Whatsapp\" href='https:\/\/api.whatsapp.com\/send?text=https:\/\/radiorevelacionfm.cl\/?p=33992' aria-hidden='false' data-av_icon='\uf232' data-av_iconfont='entypo-fontello' title='' data-avia-related-tooltip='Compartir en Whatsapp' rel=\"noopener\"><span class='avia_hidden_link_text'>Compartir en Whatsapp<\/span><\/a><\/li><li class='av-share-link av-social-link-linkedin' ><a target=\"_blank\" aria-label=\"Compartir en LinkedIn\" href='https:\/\/linkedin.com\/shareArticle?mini=true&#038;title=Destacan%20medidas%20que%20apuntan%20a%20la%20Probidad%20y%20Modernizaci%C3%B3n%20del%20Estado&#038;url=https:\/\/radiorevelacionfm.cl\/?p=33992' aria-hidden='false' data-av_icon='\ue8fc' data-av_iconfont='entypo-fontello' title='' data-avia-related-tooltip='Compartir en LinkedIn' rel=\"noopener\"><span class='avia_hidden_link_text'>Compartir en LinkedIn<\/span><\/a><\/li><li class='av-share-link av-social-link-mail' ><a  aria-label=\"Compartir por correo\" href='mailto:?subject=Destacan%20medidas%20que%20apuntan%20a%20la%20Probidad%20y%20Modernizaci%C3%B3n%20del%20Estado&#038;body=https:\/\/radiorevelacionfm.cl\/?p=33992' aria-hidden='false' data-av_icon='\ue805' data-av_iconfont='entypo-fontello' title='' data-avia-related-tooltip='Compartir por correo'><span class='avia_hidden_link_text'>Compartir por correo<\/span><\/a><\/li><\/ul><\/div><\/div>\n<div  style='height:50px' class='hr hr-invisible   avia-builder-el-8  el_after_av_social_share  el_before_av_comments_list '><span class='hr-inner ' ><span class='hr-inner-style'><\/span><\/span><\/div>\n<div  class='av-buildercomment  av-blog-meta-html-info-disabled av-blog-meta-tag-disabled  '><\/div>\n","protected":false},"excerpt":{"rendered":"","protected":false},"author":1,"featured_media":33994,"comment_status":"open","ping_status":"open","sticky":false,"template":"","format":"standard","meta":{"footnotes":""},"categories":[38],"tags":[],"class_list":["post-33992","post","type-post","status-publish","format-standard","has-post-thumbnail","hentry","category-regional"],"jetpack_featured_media_url":"https:\/\/radiorevelacionfm.cl\/wp-content\/uploads\/2023\/08\/dpr-y-gobiernos-1-1.jpg","_links":{"self":[{"href":"https:\/\/radiorevelacionfm.cl\/index.php?rest_route=\/wp\/v2\/posts\/33992","targetHints":{"allow":["GET"]}}],"collection":[{"href":"https:\/\/radiorevelacionfm.cl\/index.php?rest_route=\/wp\/v2\/posts"}],"about":[{"href":"https:\/\/radiorevelacionfm.cl\/index.php?rest_route=\/wp\/v2\/types\/post"}],"author":[{"embeddable":true,"href":"https:\/\/radiorevelacionfm.cl\/index.php?rest_route=\/wp\/v2\/users\/1"}],"replies":[{"embeddable":true,"href":"https:\/\/radiorevelacionfm.cl\/index.php?rest_route=%2Fwp%2Fv2%2Fcomments&post=33992"}],"version-history":[{"count":1,"href":"https:\/\/radiorevelacionfm.cl\/index.php?rest_route=\/wp\/v2\/posts\/33992\/revisions"}],"predecessor-version":[{"id":33995,"href":"https:\/\/radiorevelacionfm.cl\/index.php?rest_route=\/wp\/v2\/posts\/33992\/revisions\/33995"}],"wp:featuredmedia":[{"embeddable":true,"href":"https:\/\/radiorevelacionfm.cl\/index.php?rest_route=\/wp\/v2\/media\/33994"}],"wp:attachment":[{"href":"https:\/\/radiorevelacionfm.cl\/index.php?rest_route=%2Fwp%2Fv2%2Fmedia&parent=33992"}],"wp:term":[{"taxonomy":"category","embeddable":true,"href":"https:\/\/radiorevelacionfm.cl\/index.php?rest_route=%2Fwp%2Fv2%2Fcategories&post=33992"},{"taxonomy":"post_tag","embeddable":true,"href":"https:\/\/radiorevelacionfm.cl\/index.php?rest_route=%2Fwp%2Fv2%2Ftags&post=33992"}],"curies":[{"name":"wp","href":"https:\/\/api.w.org\/{rel}","templated":true}]}}