{"id":3399,"date":"2021-04-22T17:06:07","date_gmt":"2021-04-22T20:06:07","guid":{"rendered":"https:\/\/radiorevelacionfm.cl\/?p=3399"},"modified":"2021-04-22T17:06:07","modified_gmt":"2021-04-22T20:06:07","slug":"adolescente-es-condenado-a-10-anos-de-internacion-en-regimen-cerrado-como-autor-de-homicidio-calificado","status":"publish","type":"post","link":"https:\/\/radiorevelacionfm.cl\/?p=3399","title":{"rendered":"Adolescente es condenado a 10 a\u00f1os de internaci\u00f3n en r\u00e9gimen cerrado como autor de homicidio calificado"},"content":{"rendered":"<div class=\"flex_column av_one_full  flex_column_div av-zero-column-padding first  avia-builder-el-0  el_before_av_one_full  avia-builder-el-first  \" style='border-radius:0px; '><div  class='avia-image-container  av-styling-    avia-builder-el-1  avia-builder-el-no-sibling  avia-align-center '  itemprop=\"image\" itemscope=\"itemscope\" itemtype=\"https:\/\/schema.org\/ImageObject\"  ><div class='avia-image-container-inner'><div class='avia-image-overlay-wrap'><img decoding=\"async\" class='wp-image-0 avia-img-lazy-loading-not-0 avia_image' src=\"https:\/\/radiorevelacionfm.cl\/wp-content\/uploads\/2021\/04\/Foto-1-audiencia-zoom-TOP-1.jpg\" alt='' title=''   itemprop=\"thumbnailUrl\"  \/><\/div><\/div><\/div><\/div><div class=\"flex_column av_one_full  flex_column_div av-zero-column-padding first  avia-builder-el-2  el_after_av_one_full  el_before_av_one_full  column-top-margin\" style='border-radius:0px; '><section class=\"av_textblock_section \"  itemscope=\"itemscope\" itemtype=\"https:\/\/schema.org\/BlogPosting\" itemprop=\"blogPost\" ><div class='avia_textblock  '   itemprop=\"text\" ><p style=\"text-align: center;\"><strong><span style=\"font-size: 18pt;\">Adolescente es condenado a 10 a\u00f1os de internaci\u00f3n en r\u00e9gimen cerrado como autor de homicidio calificado <\/span><\/strong><\/p>\n<div id=\"gtx-trans\" style=\"position: absolute; left: -50px; top: 4.31534px;\">\n<div class=\"gtx-trans-icon\"><\/div>\n<\/div>\n<\/div><\/section><\/div><div class=\"flex_column av_one_full  flex_column_div av-zero-column-padding first  avia-builder-el-4  el_after_av_one_full  el_before_av_hr  column-top-margin\" style='border-radius:0px; '><section class=\"av_textblock_section \"  itemscope=\"itemscope\" itemtype=\"https:\/\/schema.org\/BlogPosting\" itemprop=\"blogPost\" ><div class='avia_textblock  '   itemprop=\"text\" ><p style=\"font-weight: 400; text-align: justify;\">El Tribunal de Juicio Oral en lo Penal de Coyhaique conden\u00f3 al adolescente J.R.O.H. a la sanci\u00f3n de 10 a\u00f1os de internaci\u00f3n en r\u00e9gimen cerrado con programa de reinserci\u00f3n social, en calidad de autor del delito consumado de homicidio calificado (alevos\u00eda). Il\u00edcito perpetrado en noviembre del a\u00f1o pasado, en la ciudad.<\/p>\n<p style=\"font-weight: 400; text-align: justify;\">En fallo un\u00e1nime, el tribunal \u2013integrado por los magistrados Pablo Freire Gavil\u00e1n (presidente), Rosal\u00eda Mansilla Quiroz y M\u00f3nica Coloma Pulgar (redactora)\u2013 orden\u00f3 al centro de internaci\u00f3n respectivo, la elaboraci\u00f3n \u201cun programa de intervenci\u00f3n para el cumplimiento de la sanci\u00f3n, que cumpla con las exigencias legales, el que deber\u00e1 ser remitido a este tribunal para su aprobaci\u00f3n. Of\u00edciese al encargado de dicho centro y a la Coordinadora Judicial del Servicio Nacional de Menores\u201d.<\/p>\n<p style=\"font-weight: 400; text-align: justify;\">En la causa, el tribunal conden\u00f3 al acusado adulto Marco Antonio Monfil C\u00e1rdenas a la pena de 5 a\u00f1os de presidio, con el beneficio de la libertad vigilada intensiva por igual lapso, m\u00e1s las accesorias de inhabilitaci\u00f3n absoluta perpetua para derechos pol\u00edticos y la inhabilitaci\u00f3n absoluta para cargos y oficios p\u00fablicos durante el tiempo de la condena, en calidad de encubridor del delito.<\/p>\n<p style=\"font-weight: 400; text-align: justify;\">Periodo durante el cual, el condenado Monfil C\u00e1rdenas estar\u00e1 sujeto \u201ca un programa de actividades orientado a su reinserci\u00f3n social en los t\u00e9rminos que dispone la Ley 18.216 en sus art\u00edculos 14 y 15 bis, con sujeci\u00f3n de un delegado de Gendarmer\u00eda de Chile, debiendo cumplir las condiciones que indica el art\u00edculo 17 y, adem\u00e1s, como condici\u00f3n especial del art\u00edculo 17 ter, se impone la obligaci\u00f3n de permanecer en su domicilio todos los d\u00edas desde las 22,00 horas de cada d\u00eda hasta las 06,00 horas del d\u00eda siguiente, por el tiempo de la pena sustitutiva aplicada, medida que deber\u00e1 ser cumplida en el domicilio\u201d.<\/p>\n<p style=\"font-weight: 400; text-align: justify;\">Una vez que el fallo quede ejecutoriado, el tribunal dispuso que se proceda a la toma de muestras biol\u00f3gicas del sentenciado adulto para determinar su huella gen\u00e9tica e incorporaci\u00f3n al registro nacional de ADN de condenados.<\/p>\n<p style=\"font-weight: 400; text-align: justify;\">En el caso de la acusada Tomasa\u00a0del\u00a0Carmen Haro Vargas, el tribunal decret\u00f3, por falta de pruebas, su absoluci\u00f3n de los cargos formulados en su contra por el Ministerio P\u00fablico, que la sindicaban como coautora del delito de homicidio calificado.<\/p>\n<p style=\"font-weight: 400; text-align: justify;\">El tribunal dio por acreditado, m\u00e1s all\u00e1 de toda duda razonable, que alrededor de las 6 horas del 1 de noviembre de 2020, \u201cencontr\u00e1ndose la v\u00edctima Rudy Catal\u00e1n Catal\u00e1n en su domicilio, ubicado en calle Panguilemu N\u00ba1673 de la ciudad de Coyhaique, lleg\u00f3 al lugar Tomasa del Carmen Haro Vargas y posteriormente el adolescente (\u2026), y momentos despu\u00e9s este \u00faltimo procede a golpear con un palo de escobill\u00f3n a la v\u00edctima en su cabeza, parti\u00e9ndose el palo, luego le quita a \u00e9sta un cuchillo que manten\u00eda en el cinto, realiz\u00e1ndole cortes en la cabeza, aprovechando el agresor que la v\u00edctima se encontraba sentada en un sill\u00f3n, y que producto de su condici\u00f3n f\u00edsica y avanzada edad \u201380 a\u00f1os\u2013, no ten\u00eda la posibilidad de levantarse de dicho lugar y repeler el ataque, actuando sobre seguro.<\/p>\n<p style=\"font-weight: 400; text-align: justify;\">Producto del ruido de la agresi\u00f3n, despert\u00f3 Marco Monfil C\u00e1rdenas que dorm\u00eda en una habitaci\u00f3n del domicilio se\u00f1alado, y en momento que el adolescente agred\u00eda con el cuchillo a la v\u00edctima, se lo quita; procediendo Monfil C\u00e1rdenas a acomodar a la v\u00edctima en el sill\u00f3n, y posteriormente, junto al adolescente y do\u00f1a Tomasa salen del domicilio.<\/p>\n<p style=\"font-weight: 400; text-align: justify;\">Sin embargo, (\u2026) se devuelve al domicilio, y actuando sobre seguro, ya que la v\u00edctima hac\u00eda herida en el sill\u00f3n, y nuevamente lo agrede con golpes de objetos contundentes, entre ellos una guitarra que qued\u00f3 destruida en el lugar producto de la violencia utilizada, retir\u00e1ndose nuevamente del inmueble el adolescente, junt\u00e1ndose con las otras dos personas en la calle.<\/p>\n<p style=\"font-weight: 400; text-align: justify;\">Posteriormente, el acusado Monfil C\u00e1rdenas facilit\u00f3 su domicilio ubicado en kil\u00f3metro 3 del sector El Arenal, para que el agresor (\u2026), se ocultara, recibiendo noticias del estado de salud de la v\u00edctima, hasta que \u00e9sta finalmente falleci\u00f3 el d\u00eda 04 de noviembre de 2020 a las 21,20 horas en el Hospital Regional de Coyhaique, producto de las policontusiones derivadas por la agresi\u00f3n\u201d.<\/p>\n<\/div><\/section><\/div><div  style='height:50px' class='hr hr-invisible   avia-builder-el-6  el_after_av_one_full  el_before_av_social_share '><span class='hr-inner ' ><span class='hr-inner-style'><\/span><\/span><\/div><\/p>\n<div  class='av-social-sharing-box  avia-builder-el-7  el_after_av_hr  el_before_av_hr  '><div class='av-share-box'><h5 class='av-share-link-description av-no-toc '>Compartir esta noticia<\/h5><ul class='av-share-box-list noLightbox'><li class='av-share-link av-social-link-facebook' ><a target=\"_blank\" aria-label=\"Compartir en Facebook\" href='https:\/\/www.facebook.com\/sharer.php?u=https:\/\/radiorevelacionfm.cl\/?p=3399&#038;t=Adolescente%20es%20condenado%20a%2010%20a%C3%B1os%20de%20internaci%C3%B3n%20en%20r%C3%A9gimen%20cerrado%20como%20autor%20de%20homicidio%20calificado' aria-hidden='false' data-av_icon='\ue8f3' data-av_iconfont='entypo-fontello' title='' data-avia-related-tooltip='Compartir en Facebook' rel=\"noopener\"><span class='avia_hidden_link_text'>Compartir en Facebook<\/span><\/a><\/li><li class='av-share-link av-social-link-twitter' ><a target=\"_blank\" aria-label=\"Compartir en Twitter\" href='https:\/\/twitter.com\/share?text=Adolescente%20es%20condenado%20a%2010%20a%C3%B1os%20de%20internaci%C3%B3n%20en%20r%C3%A9gimen%20cerrado%20como%20autor%20de%20homicidio%20calificado&#038;url=https:\/\/radiorevelacionfm.cl\/?p=3399' aria-hidden='false' data-av_icon='\ue8f1' data-av_iconfont='entypo-fontello' title='' data-avia-related-tooltip='Compartir en Twitter' rel=\"noopener\"><span class='avia_hidden_link_text'>Compartir en Twitter<\/span><\/a><\/li><li class='av-share-link av-social-link-whatsapp' ><a target=\"_blank\" aria-label=\"Compartir en Whatsapp\" href='https:\/\/api.whatsapp.com\/send?text=https:\/\/radiorevelacionfm.cl\/?p=3399' aria-hidden='false' data-av_icon='\uf232' data-av_iconfont='entypo-fontello' title='' data-avia-related-tooltip='Compartir en Whatsapp' rel=\"noopener\"><span class='avia_hidden_link_text'>Compartir en Whatsapp<\/span><\/a><\/li><li class='av-share-link av-social-link-linkedin' ><a target=\"_blank\" aria-label=\"Compartir en LinkedIn\" href='https:\/\/linkedin.com\/shareArticle?mini=true&#038;title=Adolescente%20es%20condenado%20a%2010%20a%C3%B1os%20de%20internaci%C3%B3n%20en%20r%C3%A9gimen%20cerrado%20como%20autor%20de%20homicidio%20calificado&#038;url=https:\/\/radiorevelacionfm.cl\/?p=3399' aria-hidden='false' data-av_icon='\ue8fc' data-av_iconfont='entypo-fontello' title='' data-avia-related-tooltip='Compartir en LinkedIn' rel=\"noopener\"><span class='avia_hidden_link_text'>Compartir en LinkedIn<\/span><\/a><\/li><li class='av-share-link av-social-link-mail' ><a  aria-label=\"Compartir por correo\" href='mailto:?subject=Adolescente%20es%20condenado%20a%2010%20a%C3%B1os%20de%20internaci%C3%B3n%20en%20r%C3%A9gimen%20cerrado%20como%20autor%20de%20homicidio%20calificado&#038;body=https:\/\/radiorevelacionfm.cl\/?p=3399' aria-hidden='false' data-av_icon='\ue805' data-av_iconfont='entypo-fontello' title='' data-avia-related-tooltip='Compartir por correo'><span class='avia_hidden_link_text'>Compartir por correo<\/span><\/a><\/li><\/ul><\/div><\/div>\n<div  style='height:50px' class='hr hr-invisible   avia-builder-el-8  el_after_av_social_share  el_before_av_comments_list '><span class='hr-inner ' ><span class='hr-inner-style'><\/span><\/span><\/div>\n<div  class='av-buildercomment  av-blog-meta-html-info-disabled av-blog-meta-tag-disabled  '><\/div>\n","protected":false},"excerpt":{"rendered":"","protected":false},"author":1,"featured_media":0,"comment_status":"open","ping_status":"open","sticky":false,"template":"","format":"standard","meta":{"footnotes":""},"categories":[55],"tags":[],"class_list":["post-3399","post","type-post","status-publish","format-standard","hentry","category-justicia"],"jetpack_featured_media_url":"","_links":{"self":[{"href":"https:\/\/radiorevelacionfm.cl\/index.php?rest_route=\/wp\/v2\/posts\/3399","targetHints":{"allow":["GET"]}}],"collection":[{"href":"https:\/\/radiorevelacionfm.cl\/index.php?rest_route=\/wp\/v2\/posts"}],"about":[{"href":"https:\/\/radiorevelacionfm.cl\/index.php?rest_route=\/wp\/v2\/types\/post"}],"author":[{"embeddable":true,"href":"https:\/\/radiorevelacionfm.cl\/index.php?rest_route=\/wp\/v2\/users\/1"}],"replies":[{"embeddable":true,"href":"https:\/\/radiorevelacionfm.cl\/index.php?rest_route=%2Fwp%2Fv2%2Fcomments&post=3399"}],"version-history":[{"count":1,"href":"https:\/\/radiorevelacionfm.cl\/index.php?rest_route=\/wp\/v2\/posts\/3399\/revisions"}],"predecessor-version":[{"id":3401,"href":"https:\/\/radiorevelacionfm.cl\/index.php?rest_route=\/wp\/v2\/posts\/3399\/revisions\/3401"}],"wp:attachment":[{"href":"https:\/\/radiorevelacionfm.cl\/index.php?rest_route=%2Fwp%2Fv2%2Fmedia&parent=3399"}],"wp:term":[{"taxonomy":"category","embeddable":true,"href":"https:\/\/radiorevelacionfm.cl\/index.php?rest_route=%2Fwp%2Fv2%2Fcategories&post=3399"},{"taxonomy":"post_tag","embeddable":true,"href":"https:\/\/radiorevelacionfm.cl\/index.php?rest_route=%2Fwp%2Fv2%2Ftags&post=3399"}],"curies":[{"name":"wp","href":"https:\/\/api.w.org\/{rel}","templated":true}]}}