{"id":33989,"date":"2023-08-18T19:15:18","date_gmt":"2023-08-18T22:15:18","guid":{"rendered":"https:\/\/radiorevelacionfm.cl\/?p=33989"},"modified":"2023-08-18T19:15:18","modified_gmt":"2023-08-18T22:15:18","slug":"comunidad-participa-en-seminario-para-repensar-la-calidad-del-aire-desde-la-construccion","status":"publish","type":"post","link":"https:\/\/radiorevelacionfm.cl\/?p=33989","title":{"rendered":"Comunidad participa en seminario para repensar la calidad del aire desde la construcci\u00f3n"},"content":{"rendered":"<div class=\"flex_column av_one_full  flex_column_div av-zero-column-padding first  avia-builder-el-0  el_before_av_one_full  avia-builder-el-first  \" style='border-radius:0px; '><div  class='avia-image-container  av-styling-    avia-builder-el-1  avia-builder-el-no-sibling  avia-align-center '  itemprop=\"image\" itemscope=\"itemscope\" itemtype=\"https:\/\/schema.org\/ImageObject\"  ><div class='avia-image-container-inner'><div class='avia-image-overlay-wrap'><img decoding=\"async\" class='wp-image-33990 avia-img-lazy-loading-not-33990 avia_image' src=\"https:\/\/radiorevelacionfm.cl\/wp-content\/uploads\/2023\/08\/DSC_0396-1-1.jpg\" alt='' title='DSC_0396 (1) (1)' height=\"600\" width=\"906\"  itemprop=\"thumbnailUrl\" srcset=\"https:\/\/radiorevelacionfm.cl\/wp-content\/uploads\/2023\/08\/DSC_0396-1-1.jpg 906w, https:\/\/radiorevelacionfm.cl\/wp-content\/uploads\/2023\/08\/DSC_0396-1-1-300x199.jpg 300w, https:\/\/radiorevelacionfm.cl\/wp-content\/uploads\/2023\/08\/DSC_0396-1-1-768x509.jpg 768w, https:\/\/radiorevelacionfm.cl\/wp-content\/uploads\/2023\/08\/DSC_0396-1-1-705x467.jpg 705w, https:\/\/radiorevelacionfm.cl\/wp-content\/uploads\/2023\/08\/DSC_0396-1-1-450x298.jpg 450w, https:\/\/radiorevelacionfm.cl\/wp-content\/uploads\/2023\/08\/DSC_0396-1-1-600x397.jpg 600w\" sizes=\"(max-width: 906px) 100vw, 906px\" \/><\/div><\/div><\/div><\/div><div class=\"flex_column av_one_full  flex_column_div av-zero-column-padding first  avia-builder-el-2  el_after_av_one_full  el_before_av_one_full  column-top-margin\" style='border-radius:0px; '><section class=\"av_textblock_section \"  itemscope=\"itemscope\" itemtype=\"https:\/\/schema.org\/BlogPosting\" itemprop=\"blogPost\" ><div class='avia_textblock  '   itemprop=\"text\" ><p style=\"text-align: center;\"><span style=\"font-size: 18pt;\"><strong>Comunidad participa en seminario para repensar la calidad del aire desde la construcci\u00f3n<\/strong><\/span><\/p>\n<div id=\"gtx-trans\" style=\"position: absolute; left: -50px; top: 4.31534px;\">\n<div class=\"gtx-trans-icon\"><\/div>\n<\/div>\n<\/div><\/section><\/div><div class=\"flex_column av_one_full  flex_column_div av-zero-column-padding first  avia-builder-el-4  el_after_av_one_full  el_before_av_hr  column-top-margin\" style='border-radius:0px; '><section class=\"av_textblock_section \"  itemscope=\"itemscope\" itemtype=\"https:\/\/schema.org\/BlogPosting\" itemprop=\"blogPost\" ><div class='avia_textblock  '   itemprop=\"text\" ><p style=\"text-align: justify;\">El auditorio de la C\u00e1mara Chilena de la Construcci\u00f3n de Coyhaique fue el escenario que reuni\u00f3 a los diversos actores locales que atendieron al llamado de la SEREMI del Medio Ambiente a participar del seminario \u201cEnerg\u00eda en la Construcci\u00f3n, c\u00f3mo Impacta en la Calidad del Aire\u201d; en la jornada, profesionales, empresarios y comunidad en general conocieron las nuevas herramientas que se desarrollan en el sector de la construcci\u00f3n para una mejor calidad del aire.<\/p>\n<p style=\"text-align: justify;\">El Seremi del Medio Ambiente, Yoal D\u00edaz agradeci\u00f3 la participaci\u00f3n de los asistentes al espacio que, seg\u00fan indic\u00f3,\u00a0 sirvi\u00f3 para conocer pr\u00e1cticas innovadoras en la construcci\u00f3n para la calidad del aire y particularmente c\u00f3mo la asociatividad y los proyectos colaborativos permiten pensar de una manera distinta c\u00f3mo se aborda la problem\u00e1tica ambiental \u201cNecesitamos respirar aire m\u00e1s puro y mejorar las condiciones de vecinos y vecinas de la regi\u00f3n de Ays\u00e9n; como Gobierno creemos que es muy importante fortalecer iniciativas como la calefacci\u00f3n distrital, el levantamiento de informaci\u00f3n social y energ\u00eda comunitaria, que son algunas de las que pudimos ver hoy, nos quedamos contentos, pero tambi\u00e9n desafiados y con ganas de seguir aportando\u201d.<\/p>\n<p style=\"text-align: justify;\">La primera exposici\u00f3n estuvo a cargo del profesional encargado de cambio clim\u00e1tico de la SEREMI del Medio Ambiente, Nicol\u00e1s Smith, quien abord\u00f3 el proyecto de calefacci\u00f3n distrital que se est\u00e1 desarrollando en el sector Escuela Agr\u00edcola de Coyhaique y que pretende instalar una red de calefacci\u00f3n y agua caliente de uso sanitario mediante bombas de calor para beneficiar inicialmente a 90 familias y servicios p\u00fablicos, reemplazando ca\u00f1os por un sistema de bombas de calor. El profesional destac\u00f3 en su ponencia que el proyecto pionero en Chile ya cuenta con el estudio de dise\u00f1o, que fue adem\u00e1s realizado en un modelo participativo con vinculaci\u00f3n directa de la comunidad, academia, y servicios competentes.<\/p>\n<p style=\"text-align: justify;\">\u201clo que m\u00e1s me llam\u00f3 la atenci\u00f3n y que quer\u00eda escuchar fue el estado de avance del proyecto de calefacci\u00f3n distrital de escuela agr\u00edcola, fue interesante ver en qu\u00e9 punto est\u00e1 el estudio y los desaf\u00edos futuros, y as\u00ed tambi\u00e9n los resultados que presentaron respecto a la demanda energ\u00e9tica de las viviendas, que nos pone una luz de alerta sobre las condiciones comunes y corrientes de Coyhaique donde hay urgencia por mejorar la calidad de la construcci\u00f3n\u201d, declar\u00f3 el asistente Tob\u00edas Hellwig Ingeniero en la empresa local TMS Energ\u00eda.<\/p>\n<p style=\"text-align: justify;\">La segunda ponencia estuvo a cargo de la acad\u00e9mica del Instituto de Arquitectura y Urbanismo de la Universidad Austral de Chile, Alejandra Schueftan, quien expuso en modalidad online la presentaci\u00f3n \u201cEficiencia energ\u00e9tica para reducir la contaminaci\u00f3n atmosf\u00e9rica y la pobreza energ\u00e9tica: desaf\u00edos t\u00e9cnicos, sociales y ambientales\u201d donde mostr\u00f3 los resultados del estudio de diagn\u00f3stico de vulnerabilidad socio \u2013 ambiental y pobreza energ\u00e9tica en la ciudad de Coyhaique.<\/p>\n<p style=\"text-align: justify;\">Los profesionales del instituto forestal INFOR, presentes en la actividad, destacaron los hallazgos de la acad\u00e9mica Alejandra Schueftan \u201cllevamos a\u00f1os viendo el tema de la contaminaci\u00f3n y el biocombustible, por eso es importante conocer temas como la calefacci\u00f3n distrital y sobre todo el mapa t\u00e9rmico que mostraba Alejandra desde Valdivia, que tambi\u00e9n particip\u00f3 en INFOR, y es muy relevante seguir el seguimiento de estas acciones\u201d, declar\u00f3 el profesional Iv\u00e1n Moya, mientras su colega, Xiomara Jelvez se sum\u00f3 destacando \u201cquiero relevar el estudio realizado entre INFOR y la Universidad Austral que nos present\u00f3 la investigadora Alejandra donde nos mostr\u00f3 como el acondicionamiento t\u00e9rmico de viviendas es tan importante poder abordar como la pobreza energ\u00e9tica\u201d.<\/p>\n<p style=\"text-align: justify;\">El SEREMI de Energ\u00eda, Carlos D\u00edaz fue el encargado de cerrar la jornada presentando las innovadoras experiencias de generaci\u00f3n comunitaria y asociativa, desde el marco normativo de la generaci\u00f3n de energ\u00eda el\u00e9ctrica para el autoconsumo, hasta ejemplos reales de experiencias exitosas en Chile y el mundo que dan cuenta de una democratizaci\u00f3n energ\u00e9tica, promoci\u00f3n del ahorro, y una buena medida para enfrentar la contaminaci\u00f3n atmosf\u00e9rica, la crisis clim\u00e1tica y la pobreza energ\u00e9tica, entre otros m\u00faltiples beneficios.<\/p>\n<p style=\"text-align: justify;\">Si te perdiste esta actividad, puedes ver la edici\u00f3n en streaming que a\u00fan se encuentra disponible en las transmisiones en vivo del fan page de la SEREMI del Medio Ambiente <a href=\"http:\/\/www.facebook.com\/seremimma11\">www.facebook.com\/seremimma11<\/a> .<\/p>\n<\/div><\/section><\/div><div  style='height:50px' class='hr hr-invisible   avia-builder-el-6  el_after_av_one_full  el_before_av_social_share '><span class='hr-inner ' ><span class='hr-inner-style'><\/span><\/span><\/div><\/p>\n<div  class='av-social-sharing-box  avia-builder-el-7  el_after_av_hr  el_before_av_hr  '><div class='av-share-box'><h5 class='av-share-link-description av-no-toc '>Compartir esta noticia<\/h5><ul class='av-share-box-list noLightbox'><li class='av-share-link av-social-link-facebook' ><a target=\"_blank\" aria-label=\"Compartir en Facebook\" href='https:\/\/www.facebook.com\/sharer.php?u=https:\/\/radiorevelacionfm.cl\/?p=33989&#038;t=Comunidad%20participa%20en%20seminario%20para%20repensar%20la%20calidad%20del%20aire%20desde%20la%20construcci%C3%B3n' aria-hidden='false' data-av_icon='\ue8f3' data-av_iconfont='entypo-fontello' title='' data-avia-related-tooltip='Compartir en Facebook' rel=\"noopener\"><span class='avia_hidden_link_text'>Compartir en Facebook<\/span><\/a><\/li><li class='av-share-link av-social-link-twitter' ><a target=\"_blank\" aria-label=\"Compartir en Twitter\" href='https:\/\/twitter.com\/share?text=Comunidad%20participa%20en%20seminario%20para%20repensar%20la%20calidad%20del%20aire%20desde%20la%20construcci%C3%B3n&#038;url=https:\/\/radiorevelacionfm.cl\/?p=33989' aria-hidden='false' data-av_icon='\ue8f1' data-av_iconfont='entypo-fontello' title='' data-avia-related-tooltip='Compartir en Twitter' rel=\"noopener\"><span class='avia_hidden_link_text'>Compartir en Twitter<\/span><\/a><\/li><li class='av-share-link av-social-link-whatsapp' ><a target=\"_blank\" aria-label=\"Compartir en Whatsapp\" href='https:\/\/api.whatsapp.com\/send?text=https:\/\/radiorevelacionfm.cl\/?p=33989' aria-hidden='false' data-av_icon='\uf232' data-av_iconfont='entypo-fontello' title='' data-avia-related-tooltip='Compartir en Whatsapp' rel=\"noopener\"><span class='avia_hidden_link_text'>Compartir en Whatsapp<\/span><\/a><\/li><li class='av-share-link av-social-link-linkedin' ><a target=\"_blank\" aria-label=\"Compartir en LinkedIn\" href='https:\/\/linkedin.com\/shareArticle?mini=true&#038;title=Comunidad%20participa%20en%20seminario%20para%20repensar%20la%20calidad%20del%20aire%20desde%20la%20construcci%C3%B3n&#038;url=https:\/\/radiorevelacionfm.cl\/?p=33989' aria-hidden='false' data-av_icon='\ue8fc' data-av_iconfont='entypo-fontello' title='' data-avia-related-tooltip='Compartir en LinkedIn' rel=\"noopener\"><span class='avia_hidden_link_text'>Compartir en LinkedIn<\/span><\/a><\/li><li class='av-share-link av-social-link-mail' ><a  aria-label=\"Compartir por correo\" href='mailto:?subject=Comunidad%20participa%20en%20seminario%20para%20repensar%20la%20calidad%20del%20aire%20desde%20la%20construcci%C3%B3n&#038;body=https:\/\/radiorevelacionfm.cl\/?p=33989' aria-hidden='false' data-av_icon='\ue805' data-av_iconfont='entypo-fontello' title='' data-avia-related-tooltip='Compartir por correo'><span class='avia_hidden_link_text'>Compartir por correo<\/span><\/a><\/li><\/ul><\/div><\/div>\n<div  style='height:50px' class='hr hr-invisible   avia-builder-el-8  el_after_av_social_share  el_before_av_comments_list '><span class='hr-inner ' ><span class='hr-inner-style'><\/span><\/span><\/div>\n<div  class='av-buildercomment  av-blog-meta-html-info-disabled av-blog-meta-tag-disabled  '><\/div>\n","protected":false},"excerpt":{"rendered":"","protected":false},"author":1,"featured_media":33990,"comment_status":"open","ping_status":"open","sticky":false,"template":"","format":"standard","meta":{"footnotes":""},"categories":[39],"tags":[],"class_list":["post-33989","post","type-post","status-publish","format-standard","has-post-thumbnail","hentry","category-medio-ambiente"],"jetpack_featured_media_url":"https:\/\/radiorevelacionfm.cl\/wp-content\/uploads\/2023\/08\/DSC_0396-1-1.jpg","_links":{"self":[{"href":"https:\/\/radiorevelacionfm.cl\/index.php?rest_route=\/wp\/v2\/posts\/33989","targetHints":{"allow":["GET"]}}],"collection":[{"href":"https:\/\/radiorevelacionfm.cl\/index.php?rest_route=\/wp\/v2\/posts"}],"about":[{"href":"https:\/\/radiorevelacionfm.cl\/index.php?rest_route=\/wp\/v2\/types\/post"}],"author":[{"embeddable":true,"href":"https:\/\/radiorevelacionfm.cl\/index.php?rest_route=\/wp\/v2\/users\/1"}],"replies":[{"embeddable":true,"href":"https:\/\/radiorevelacionfm.cl\/index.php?rest_route=%2Fwp%2Fv2%2Fcomments&post=33989"}],"version-history":[{"count":1,"href":"https:\/\/radiorevelacionfm.cl\/index.php?rest_route=\/wp\/v2\/posts\/33989\/revisions"}],"predecessor-version":[{"id":33991,"href":"https:\/\/radiorevelacionfm.cl\/index.php?rest_route=\/wp\/v2\/posts\/33989\/revisions\/33991"}],"wp:featuredmedia":[{"embeddable":true,"href":"https:\/\/radiorevelacionfm.cl\/index.php?rest_route=\/wp\/v2\/media\/33990"}],"wp:attachment":[{"href":"https:\/\/radiorevelacionfm.cl\/index.php?rest_route=%2Fwp%2Fv2%2Fmedia&parent=33989"}],"wp:term":[{"taxonomy":"category","embeddable":true,"href":"https:\/\/radiorevelacionfm.cl\/index.php?rest_route=%2Fwp%2Fv2%2Fcategories&post=33989"},{"taxonomy":"post_tag","embeddable":true,"href":"https:\/\/radiorevelacionfm.cl\/index.php?rest_route=%2Fwp%2Fv2%2Ftags&post=33989"}],"curies":[{"name":"wp","href":"https:\/\/api.w.org\/{rel}","templated":true}]}}