{"id":33986,"date":"2023-08-17T19:36:38","date_gmt":"2023-08-17T22:36:38","guid":{"rendered":"https:\/\/radiorevelacionfm.cl\/?p=33986"},"modified":"2023-08-17T19:36:38","modified_gmt":"2023-08-17T22:36:38","slug":"exitosa-segunda-version-de-la-copa-chelenko-en-rio-ibanez","status":"publish","type":"post","link":"https:\/\/radiorevelacionfm.cl\/?p=33986","title":{"rendered":"Exitosa segunda versi\u00f3n de la Copa Chelenko en R\u00edo Ib\u00e1\u00f1ez"},"content":{"rendered":"<div class=\"flex_column av_one_full  flex_column_div av-zero-column-padding first  avia-builder-el-0  el_before_av_one_full  avia-builder-el-first  \" style='border-radius:0px; '><div  class='avia-image-container  av-styling-    avia-builder-el-1  avia-builder-el-no-sibling  avia-align-center '  itemprop=\"image\" itemscope=\"itemscope\" itemtype=\"https:\/\/schema.org\/ImageObject\"  ><div class='avia-image-container-inner'><div class='avia-image-overlay-wrap'><img decoding=\"async\" class='wp-image-33987 avia-img-lazy-loading-not-33987 avia_image' src=\"https:\/\/radiorevelacionfm.cl\/wp-content\/uploads\/2023\/08\/foto-nota-copa-chelenko-2023-1-1_optimized.jpg\" alt='' title='foto-nota-copa-chelenko-2023-(1)-(1)_optimized' height=\"600\" width=\"916\"  itemprop=\"thumbnailUrl\" srcset=\"https:\/\/radiorevelacionfm.cl\/wp-content\/uploads\/2023\/08\/foto-nota-copa-chelenko-2023-1-1_optimized.jpg 916w, https:\/\/radiorevelacionfm.cl\/wp-content\/uploads\/2023\/08\/foto-nota-copa-chelenko-2023-1-1_optimized-300x197.jpg 300w, https:\/\/radiorevelacionfm.cl\/wp-content\/uploads\/2023\/08\/foto-nota-copa-chelenko-2023-1-1_optimized-768x503.jpg 768w, https:\/\/radiorevelacionfm.cl\/wp-content\/uploads\/2023\/08\/foto-nota-copa-chelenko-2023-1-1_optimized-705x462.jpg 705w, https:\/\/radiorevelacionfm.cl\/wp-content\/uploads\/2023\/08\/foto-nota-copa-chelenko-2023-1-1_optimized-450x295.jpg 450w, https:\/\/radiorevelacionfm.cl\/wp-content\/uploads\/2023\/08\/foto-nota-copa-chelenko-2023-1-1_optimized-600x393.jpg 600w\" sizes=\"(max-width: 916px) 100vw, 916px\" \/><\/div><\/div><\/div><\/div><div class=\"flex_column av_one_full  flex_column_div av-zero-column-padding first  avia-builder-el-2  el_after_av_one_full  el_before_av_one_full  column-top-margin\" style='border-radius:0px; '><section class=\"av_textblock_section \"  itemscope=\"itemscope\" itemtype=\"https:\/\/schema.org\/BlogPosting\" itemprop=\"blogPost\" ><div class='avia_textblock  '   itemprop=\"text\" ><p style=\"text-align: center;\"><strong><span style=\"font-size: 18pt;\">Exitosa segunda versi\u00f3n de la Copa Chelenko en R\u00edo Ib\u00e1\u00f1ez<\/span><\/strong><\/p>\n<div id=\"gtx-trans\" style=\"position: absolute; left: -50px; top: 4.31534px;\">\n<div class=\"gtx-trans-icon\"><\/div>\n<\/div>\n<\/div><\/section><\/div><div class=\"flex_column av_one_full  flex_column_div av-zero-column-padding first  avia-builder-el-4  el_after_av_one_full  el_before_av_hr  column-top-margin\" style='border-radius:0px; '><section class=\"av_textblock_section \"  itemscope=\"itemscope\" itemtype=\"https:\/\/schema.org\/BlogPosting\" itemprop=\"blogPost\" ><div class='avia_textblock  '   itemprop=\"text\" ><p style=\"text-align: justify;\">El pasado 10 y 11 de agosto se realiz\u00f3 una nueva versi\u00f3n de la Copa Chelenko, que esta vez, tuvo como sede a la comuna de R\u00edo Ib\u00e1\u00f1ez. En el encuentro participaron las delegaciones de Puerto Guadal, Chile Chico, Puerto S\u00e1nchez y Bah\u00eda Murta que se unieron para formar un solo equipo, Villa Cerro Castillo y Puerto Ib\u00e1\u00f1ez.<\/p>\n<p style=\"text-align: justify;\">La actividad se realiz\u00f3 en el marco de la celebraci\u00f3n del D\u00eda de la Ni\u00f1ez en la comuna de R\u00edo Ib\u00e1\u00f1ez, y fue organizada por la oficina de DIDECO a trav\u00e9s de su Departamento de Deporte del municipio, y apoyada por la OPD R\u00edo Ib\u00e1\u00f1ez. Tuvo su inauguraci\u00f3n en el Gimnasio Municipal IND, donde participaron autoridades y vecinos, y donde hubo una muestra de cueca por parte de la agrupaci\u00f3n Corraleros de Puerto Ib\u00e1\u00f1ez, y finaliz\u00f3 con la presentaci\u00f3n del artista urbano Gyrois.<\/p>\n<p style=\"text-align: justify;\">El alcalde de la comuna, Marcelo Santana Vargas, destac\u00f3 esta actividad, y reafirm\u00f3 su compromiso con el deporte: \u201cEsta es una iniciativa que desde el a\u00f1o pasado estamos impulsando en conjunto con la Municipalidad de Chile Chico, con las comunidades escolares, con la finalidad de impulsar y promover el deporte, este a\u00f1o sumamos la categor\u00eda futsal damas que tambi\u00e9n le dio un realce a esta gran actividad. Felicitar a los campeones, y en definitiva a todas las delegaciones que llenaron de deporte, y de mucha competencia sana durante dos d\u00edas, ac\u00e1 en Puerto Ib\u00e1\u00f1ez\u201d<\/p>\n<p style=\"text-align: justify;\">La competencia que se constituy\u00f3 por una fase previa donde cada equipo jug\u00f3 2 partidos, para despu\u00e9s, seg\u00fan los resultados, enfrentarse en semifinales, para definir quien jugaba los partidos por el primer, tercer y quinto lugar, en el caso de futsal varones, y en el caso de damas por el primer y tercer lugar. Los equipos que salieron campeones de la Copa Chelenko 2023, fueron los equipos de Villa Cerro Castillo por parte de las damas, y Puerto Guadal en categor\u00eda varones.<\/p>\n<p style=\"text-align: justify;\">M\u00e1s all\u00e1 de los resultados esta actividad fue un punto de encuentro para que los ni\u00f1os y ni\u00f1as compartieran entre ellos momentos de deporte y entretenci\u00f3n, poniendo en valor el compa\u00f1erismo y juego en equipo. Desde el municipio se\u00f1alan que mantendr\u00e1n su compromiso con el deporte, y se espera que estas actividades se sigan repitiendo en la comuna de R\u00edo Ib\u00e1\u00f1ez.<\/p>\n<\/div><\/section><\/div><div  style='height:50px' class='hr hr-invisible   avia-builder-el-6  el_after_av_one_full  el_before_av_social_share '><span class='hr-inner ' ><span class='hr-inner-style'><\/span><\/span><\/div><\/p>\n<div  class='av-social-sharing-box  avia-builder-el-7  el_after_av_hr  el_before_av_hr  '><div class='av-share-box'><h5 class='av-share-link-description av-no-toc '>Compartir esta noticia<\/h5><ul class='av-share-box-list noLightbox'><li class='av-share-link av-social-link-facebook' ><a target=\"_blank\" aria-label=\"Compartir en Facebook\" href='https:\/\/www.facebook.com\/sharer.php?u=https:\/\/radiorevelacionfm.cl\/?p=33986&#038;t=Exitosa%20segunda%20versi%C3%B3n%20de%20la%20Copa%20Chelenko%20en%20R%C3%ADo%20Ib%C3%A1%C3%B1ez' aria-hidden='false' data-av_icon='\ue8f3' data-av_iconfont='entypo-fontello' title='' data-avia-related-tooltip='Compartir en Facebook' rel=\"noopener\"><span class='avia_hidden_link_text'>Compartir en Facebook<\/span><\/a><\/li><li class='av-share-link av-social-link-twitter' ><a target=\"_blank\" aria-label=\"Compartir en Twitter\" href='https:\/\/twitter.com\/share?text=Exitosa%20segunda%20versi%C3%B3n%20de%20la%20Copa%20Chelenko%20en%20R%C3%ADo%20Ib%C3%A1%C3%B1ez&#038;url=https:\/\/radiorevelacionfm.cl\/?p=33986' aria-hidden='false' data-av_icon='\ue8f1' data-av_iconfont='entypo-fontello' title='' data-avia-related-tooltip='Compartir en Twitter' rel=\"noopener\"><span class='avia_hidden_link_text'>Compartir en Twitter<\/span><\/a><\/li><li class='av-share-link av-social-link-whatsapp' ><a target=\"_blank\" aria-label=\"Compartir en Whatsapp\" href='https:\/\/api.whatsapp.com\/send?text=https:\/\/radiorevelacionfm.cl\/?p=33986' aria-hidden='false' data-av_icon='\uf232' data-av_iconfont='entypo-fontello' title='' data-avia-related-tooltip='Compartir en Whatsapp' rel=\"noopener\"><span class='avia_hidden_link_text'>Compartir en Whatsapp<\/span><\/a><\/li><li class='av-share-link av-social-link-linkedin' ><a target=\"_blank\" aria-label=\"Compartir en LinkedIn\" href='https:\/\/linkedin.com\/shareArticle?mini=true&#038;title=Exitosa%20segunda%20versi%C3%B3n%20de%20la%20Copa%20Chelenko%20en%20R%C3%ADo%20Ib%C3%A1%C3%B1ez&#038;url=https:\/\/radiorevelacionfm.cl\/?p=33986' aria-hidden='false' data-av_icon='\ue8fc' data-av_iconfont='entypo-fontello' title='' data-avia-related-tooltip='Compartir en LinkedIn' rel=\"noopener\"><span class='avia_hidden_link_text'>Compartir en LinkedIn<\/span><\/a><\/li><li class='av-share-link av-social-link-mail' ><a  aria-label=\"Compartir por correo\" href='mailto:?subject=Exitosa%20segunda%20versi%C3%B3n%20de%20la%20Copa%20Chelenko%20en%20R%C3%ADo%20Ib%C3%A1%C3%B1ez&#038;body=https:\/\/radiorevelacionfm.cl\/?p=33986' aria-hidden='false' data-av_icon='\ue805' data-av_iconfont='entypo-fontello' title='' data-avia-related-tooltip='Compartir por correo'><span class='avia_hidden_link_text'>Compartir por correo<\/span><\/a><\/li><\/ul><\/div><\/div>\n<div  style='height:50px' class='hr hr-invisible   avia-builder-el-8  el_after_av_social_share  el_before_av_comments_list '><span class='hr-inner ' ><span class='hr-inner-style'><\/span><\/span><\/div>\n<div  class='av-buildercomment  av-blog-meta-html-info-disabled av-blog-meta-tag-disabled  '><\/div>\n","protected":false},"excerpt":{"rendered":"","protected":false},"author":1,"featured_media":33987,"comment_status":"open","ping_status":"open","sticky":false,"template":"","format":"standard","meta":{"footnotes":""},"categories":[40],"tags":[],"class_list":["post-33986","post","type-post","status-publish","format-standard","has-post-thumbnail","hentry","category-deportes"],"jetpack_featured_media_url":"https:\/\/radiorevelacionfm.cl\/wp-content\/uploads\/2023\/08\/foto-nota-copa-chelenko-2023-1-1_optimized.jpg","_links":{"self":[{"href":"https:\/\/radiorevelacionfm.cl\/index.php?rest_route=\/wp\/v2\/posts\/33986","targetHints":{"allow":["GET"]}}],"collection":[{"href":"https:\/\/radiorevelacionfm.cl\/index.php?rest_route=\/wp\/v2\/posts"}],"about":[{"href":"https:\/\/radiorevelacionfm.cl\/index.php?rest_route=\/wp\/v2\/types\/post"}],"author":[{"embeddable":true,"href":"https:\/\/radiorevelacionfm.cl\/index.php?rest_route=\/wp\/v2\/users\/1"}],"replies":[{"embeddable":true,"href":"https:\/\/radiorevelacionfm.cl\/index.php?rest_route=%2Fwp%2Fv2%2Fcomments&post=33986"}],"version-history":[{"count":1,"href":"https:\/\/radiorevelacionfm.cl\/index.php?rest_route=\/wp\/v2\/posts\/33986\/revisions"}],"predecessor-version":[{"id":33988,"href":"https:\/\/radiorevelacionfm.cl\/index.php?rest_route=\/wp\/v2\/posts\/33986\/revisions\/33988"}],"wp:featuredmedia":[{"embeddable":true,"href":"https:\/\/radiorevelacionfm.cl\/index.php?rest_route=\/wp\/v2\/media\/33987"}],"wp:attachment":[{"href":"https:\/\/radiorevelacionfm.cl\/index.php?rest_route=%2Fwp%2Fv2%2Fmedia&parent=33986"}],"wp:term":[{"taxonomy":"category","embeddable":true,"href":"https:\/\/radiorevelacionfm.cl\/index.php?rest_route=%2Fwp%2Fv2%2Fcategories&post=33986"},{"taxonomy":"post_tag","embeddable":true,"href":"https:\/\/radiorevelacionfm.cl\/index.php?rest_route=%2Fwp%2Fv2%2Ftags&post=33986"}],"curies":[{"name":"wp","href":"https:\/\/api.w.org\/{rel}","templated":true}]}}