{"id":33980,"date":"2023-08-17T18:05:50","date_gmt":"2023-08-17T21:05:50","guid":{"rendered":"https:\/\/radiorevelacionfm.cl\/?p=33980"},"modified":"2023-08-17T18:05:50","modified_gmt":"2023-08-17T21:05:50","slug":"con-exito-se-desarrollo-taller-de-arriendo-de-inmuebles-fiscales-en-cochrane","status":"publish","type":"post","link":"https:\/\/radiorevelacionfm.cl\/?p=33980","title":{"rendered":"Con \u00e9xito se desarroll\u00f3 taller de arriendo de inmuebles fiscales en Cochrane"},"content":{"rendered":"<div class=\"flex_column av_one_full  flex_column_div av-zero-column-padding first  avia-builder-el-0  el_before_av_one_full  avia-builder-el-first  \" style='border-radius:0px; '><div  class='avia-image-container  av-styling-    avia-builder-el-1  avia-builder-el-no-sibling  avia-align-center '  itemprop=\"image\" itemscope=\"itemscope\" itemtype=\"https:\/\/schema.org\/ImageObject\"  ><div class='avia-image-container-inner'><div class='avia-image-overlay-wrap'><img decoding=\"async\" class='wp-image-33981 avia-img-lazy-loading-not-33981 avia_image' src=\"https:\/\/radiorevelacionfm.cl\/wp-content\/uploads\/2023\/08\/Taller-Cochrane-2023-08-02-1-1.jpeg\" alt='' title='Taller Cochrane 2023-08-02 (1) (1)' height=\"600\" width=\"1067\"  itemprop=\"thumbnailUrl\" srcset=\"https:\/\/radiorevelacionfm.cl\/wp-content\/uploads\/2023\/08\/Taller-Cochrane-2023-08-02-1-1.jpeg 1067w, https:\/\/radiorevelacionfm.cl\/wp-content\/uploads\/2023\/08\/Taller-Cochrane-2023-08-02-1-1-300x169.jpeg 300w, https:\/\/radiorevelacionfm.cl\/wp-content\/uploads\/2023\/08\/Taller-Cochrane-2023-08-02-1-1-1030x579.jpeg 1030w, https:\/\/radiorevelacionfm.cl\/wp-content\/uploads\/2023\/08\/Taller-Cochrane-2023-08-02-1-1-768x432.jpeg 768w, https:\/\/radiorevelacionfm.cl\/wp-content\/uploads\/2023\/08\/Taller-Cochrane-2023-08-02-1-1-705x396.jpeg 705w, https:\/\/radiorevelacionfm.cl\/wp-content\/uploads\/2023\/08\/Taller-Cochrane-2023-08-02-1-1-450x253.jpeg 450w, https:\/\/radiorevelacionfm.cl\/wp-content\/uploads\/2023\/08\/Taller-Cochrane-2023-08-02-1-1-600x337.jpeg 600w\" sizes=\"(max-width: 1067px) 100vw, 1067px\" \/><\/div><\/div><\/div><\/div><div class=\"flex_column av_one_full  flex_column_div av-zero-column-padding first  avia-builder-el-2  el_after_av_one_full  el_before_av_one_full  column-top-margin\" style='border-radius:0px; '><section class=\"av_textblock_section \"  itemscope=\"itemscope\" itemtype=\"https:\/\/schema.org\/BlogPosting\" itemprop=\"blogPost\" ><div class='avia_textblock  '   itemprop=\"text\" ><p style=\"text-align: center;\"><strong><span style=\"font-size: 18pt;\">Con \u00e9xito se desarroll\u00f3 taller de arriendo de inmuebles fiscales en Cochrane<\/span><\/strong><\/p>\n<div id=\"gtx-trans\" style=\"position: absolute; left: -50px; top: 4.31534px;\">\n<div class=\"gtx-trans-icon\"><\/div>\n<\/div>\n<\/div><\/section><\/div><div class=\"flex_column av_one_full  flex_column_div av-zero-column-padding first  avia-builder-el-4  el_after_av_one_full  el_before_av_hr  column-top-margin\" style='border-radius:0px; '><section class=\"av_textblock_section \"  itemscope=\"itemscope\" itemtype=\"https:\/\/schema.org\/BlogPosting\" itemprop=\"blogPost\" ><div class='avia_textblock  '   itemprop=\"text\" ><p style=\"text-align: justify;\">Convocados por la Delegaci\u00f3n Presidencial Provincial de Capit\u00e1n Prat, la seremi de Bienes Nacionales, Irina Morend Valdebenito junto a profesionales del Programa de Regularizaci\u00f3n de la Propiedad Ra\u00edz, ejecutado con recursos del Gobierno Regional de Ays\u00e9n y su Consejo, presentaron a la comunidad congregada en el segundo piso del Mercado Municipal de Cochrane, una charla sobre \u201cC\u00f3mo postular a Arriendo de Inmuebles Fiscales para fines productivos\u201d, instancia donde tambi\u00e9n se dio continuidad al proceso de planificaci\u00f3n territorial del inmueble fiscal conocido como sector El H\u00fangaro, terreno de 10 hect\u00e1reas, recuperado en marzo de este a\u00f1o v\u00eda desalojo tras la ocupaci\u00f3n ilegal de un particular.<\/p>\n<p style=\"text-align: justify;\">En la instancia se explic\u00f3 a la comunidad interesada, que la figura de \u201cArriendo de inmuebles fiscales\u201d, se trata de un derecho de uso y goce que se concede a los particulares sobre algunos bienes ra\u00edces fiscales, tramitaci\u00f3n que de ser positiva se plasma en un respectivo contrato por un per\u00edodo determinado y con una renta acorde a la tasaci\u00f3n del inmueble. Herramienta que otorga la administraci\u00f3n del inmueble de forma transitoria, es decir, no entrega al arrendatario el derecho para requerir posteriormente la venta del inmueble fiscal o la tramitaci\u00f3n de otros actos administrativos respecto del mismo. Concepto que fue comprendido por las vecinas y vecinos, a quienes se les indic\u00f3 el objetivo Ministerial de apoyar los emprendimientos sobre suelo fiscal.<\/p>\n<p style=\"text-align: justify;\">Respecto de la instancia, la seremi Irina Morend Valdebenito sostuvo que \u201cestamos trabajando en la provincia de Capit\u00e1n Prat a trav\u00e9s del Programa de Regularizaci\u00f3n de la Propiedad Ra\u00edz que es financiado por el Gobierno Regional, y en el marco de este programa se est\u00e1n realizando actividades formativas. En el taller de Arriendos, explicamos a los asistentes c\u00f3mo se postula, cu\u00e1les son las exigencias y requisitos, algo que los asistentes valoraron, porque, en definitiva, muchos no saben qu\u00e9 informaci\u00f3n presentar y conseguir para poder presentar los proyectos\u201d, refiri\u00f3 la autoridad, remarcando que \u201clos arriendos est\u00e1n enfocados principalmente a actividades productivas, y en el taller les expusimos el marco de los objetivos\u201d, los que no son para fines habitacionales, asegur\u00f3.}<\/p>\n<p style=\"text-align: justify;\">La actividad que tambi\u00e9n se realiz\u00f3 en Villa O\u00b4Higgins, es parte de las acciones que permite la presencia del Ministerio de Bienes Nacionales en el territorio provincia de Capit\u00e1n Prat, donde se est\u00e1 innovando respecto de la gesti\u00f3n de la Seremi para acercar sus instrumentos y tramitaciones a la ciudadan\u00eda, tal como refiri\u00f3 la autoridad regional, \u201cbuscamos por iniciativa propia, una forma distinta de que las personas puedan acceder a la informaci\u00f3n, generando equidad en su acceso, y tambi\u00e9n, porque hemos logrado a trav\u00e9s de este programa, tener presencia territorial\u201d, remarc\u00f3 en referencia a la instalaci\u00f3n de 3 oficinas de gestoras territoriales, quienes realizan atenci\u00f3n de p\u00fablico, pero tambi\u00e9n, generan instancias como el taller de Arriendos, que pr\u00f3ximamente se replicar\u00e1 en Tortel, y \u201cen el marco del mismo programa, se realizar\u00e1n tambi\u00e9n talleres de Concesiones y sobre Regularizaci\u00f3n de la propiedad ra\u00edz en inmuebles particulares\u201d, finaliz\u00f3 Morend Valdebenito.<\/p>\n<\/div><\/section><\/div><div  style='height:50px' class='hr hr-invisible   avia-builder-el-6  el_after_av_one_full  el_before_av_social_share '><span class='hr-inner ' ><span class='hr-inner-style'><\/span><\/span><\/div><\/p>\n<div  class='av-social-sharing-box  avia-builder-el-7  el_after_av_hr  el_before_av_hr  '><div class='av-share-box'><h5 class='av-share-link-description av-no-toc '>Compartir esta noticia<\/h5><ul class='av-share-box-list noLightbox'><li class='av-share-link av-social-link-facebook' ><a target=\"_blank\" aria-label=\"Compartir en Facebook\" href='https:\/\/www.facebook.com\/sharer.php?u=https:\/\/radiorevelacionfm.cl\/?p=33980&#038;t=Con%20%C3%A9xito%20se%20desarroll%C3%B3%20taller%20de%20arriendo%20de%20inmuebles%20fiscales%20en%20Cochrane' aria-hidden='false' data-av_icon='\ue8f3' data-av_iconfont='entypo-fontello' title='' data-avia-related-tooltip='Compartir en Facebook' rel=\"noopener\"><span class='avia_hidden_link_text'>Compartir en Facebook<\/span><\/a><\/li><li class='av-share-link av-social-link-twitter' ><a target=\"_blank\" aria-label=\"Compartir en Twitter\" href='https:\/\/twitter.com\/share?text=Con%20%C3%A9xito%20se%20desarroll%C3%B3%20taller%20de%20arriendo%20de%20inmuebles%20fiscales%20en%20Cochrane&#038;url=https:\/\/radiorevelacionfm.cl\/?p=33980' aria-hidden='false' data-av_icon='\ue8f1' data-av_iconfont='entypo-fontello' title='' data-avia-related-tooltip='Compartir en Twitter' rel=\"noopener\"><span class='avia_hidden_link_text'>Compartir en Twitter<\/span><\/a><\/li><li class='av-share-link av-social-link-whatsapp' ><a target=\"_blank\" aria-label=\"Compartir en Whatsapp\" href='https:\/\/api.whatsapp.com\/send?text=https:\/\/radiorevelacionfm.cl\/?p=33980' aria-hidden='false' data-av_icon='\uf232' data-av_iconfont='entypo-fontello' title='' data-avia-related-tooltip='Compartir en Whatsapp' rel=\"noopener\"><span class='avia_hidden_link_text'>Compartir en Whatsapp<\/span><\/a><\/li><li class='av-share-link av-social-link-linkedin' ><a target=\"_blank\" aria-label=\"Compartir en LinkedIn\" href='https:\/\/linkedin.com\/shareArticle?mini=true&#038;title=Con%20%C3%A9xito%20se%20desarroll%C3%B3%20taller%20de%20arriendo%20de%20inmuebles%20fiscales%20en%20Cochrane&#038;url=https:\/\/radiorevelacionfm.cl\/?p=33980' aria-hidden='false' data-av_icon='\ue8fc' data-av_iconfont='entypo-fontello' title='' data-avia-related-tooltip='Compartir en LinkedIn' rel=\"noopener\"><span class='avia_hidden_link_text'>Compartir en LinkedIn<\/span><\/a><\/li><li class='av-share-link av-social-link-mail' ><a  aria-label=\"Compartir por correo\" href='mailto:?subject=Con%20%C3%A9xito%20se%20desarroll%C3%B3%20taller%20de%20arriendo%20de%20inmuebles%20fiscales%20en%20Cochrane&#038;body=https:\/\/radiorevelacionfm.cl\/?p=33980' aria-hidden='false' data-av_icon='\ue805' data-av_iconfont='entypo-fontello' title='' data-avia-related-tooltip='Compartir por correo'><span class='avia_hidden_link_text'>Compartir por correo<\/span><\/a><\/li><\/ul><\/div><\/div>\n<div  style='height:50px' class='hr hr-invisible   avia-builder-el-8  el_after_av_social_share  el_before_av_comments_list '><span class='hr-inner ' ><span class='hr-inner-style'><\/span><\/span><\/div>\n<div  class='av-buildercomment  av-blog-meta-html-info-disabled av-blog-meta-tag-disabled  '><\/div>\n","protected":false},"excerpt":{"rendered":"","protected":false},"author":1,"featured_media":33981,"comment_status":"open","ping_status":"open","sticky":false,"template":"","format":"standard","meta":{"footnotes":""},"categories":[38],"tags":[],"class_list":["post-33980","post","type-post","status-publish","format-standard","has-post-thumbnail","hentry","category-regional"],"jetpack_featured_media_url":"https:\/\/radiorevelacionfm.cl\/wp-content\/uploads\/2023\/08\/Taller-Cochrane-2023-08-02-1-1.jpeg","_links":{"self":[{"href":"https:\/\/radiorevelacionfm.cl\/index.php?rest_route=\/wp\/v2\/posts\/33980","targetHints":{"allow":["GET"]}}],"collection":[{"href":"https:\/\/radiorevelacionfm.cl\/index.php?rest_route=\/wp\/v2\/posts"}],"about":[{"href":"https:\/\/radiorevelacionfm.cl\/index.php?rest_route=\/wp\/v2\/types\/post"}],"author":[{"embeddable":true,"href":"https:\/\/radiorevelacionfm.cl\/index.php?rest_route=\/wp\/v2\/users\/1"}],"replies":[{"embeddable":true,"href":"https:\/\/radiorevelacionfm.cl\/index.php?rest_route=%2Fwp%2Fv2%2Fcomments&post=33980"}],"version-history":[{"count":1,"href":"https:\/\/radiorevelacionfm.cl\/index.php?rest_route=\/wp\/v2\/posts\/33980\/revisions"}],"predecessor-version":[{"id":33982,"href":"https:\/\/radiorevelacionfm.cl\/index.php?rest_route=\/wp\/v2\/posts\/33980\/revisions\/33982"}],"wp:featuredmedia":[{"embeddable":true,"href":"https:\/\/radiorevelacionfm.cl\/index.php?rest_route=\/wp\/v2\/media\/33981"}],"wp:attachment":[{"href":"https:\/\/radiorevelacionfm.cl\/index.php?rest_route=%2Fwp%2Fv2%2Fmedia&parent=33980"}],"wp:term":[{"taxonomy":"category","embeddable":true,"href":"https:\/\/radiorevelacionfm.cl\/index.php?rest_route=%2Fwp%2Fv2%2Fcategories&post=33980"},{"taxonomy":"post_tag","embeddable":true,"href":"https:\/\/radiorevelacionfm.cl\/index.php?rest_route=%2Fwp%2Fv2%2Ftags&post=33980"}],"curies":[{"name":"wp","href":"https:\/\/api.w.org\/{rel}","templated":true}]}}