{"id":33976,"date":"2023-08-18T10:53:43","date_gmt":"2023-08-18T13:53:43","guid":{"rendered":"https:\/\/radiorevelacionfm.cl\/?p=33976"},"modified":"2023-08-18T10:53:43","modified_gmt":"2023-08-18T13:53:43","slug":"aprueban-primera-ordenanza-municipal-en-la-region-de-aysen-que-busca-fortalecer-la-proteccion-del-parque-nacional-cerro-castillo","status":"publish","type":"post","link":"https:\/\/radiorevelacionfm.cl\/?p=33976","title":{"rendered":"Aprueban primera ordenanza municipal en la regi\u00f3n de Ays\u00e9n que busca fortalecer la protecci\u00f3n del Parque Nacional Cerro Castillo"},"content":{"rendered":"<div class=\"flex_column av_one_full  flex_column_div av-zero-column-padding first  avia-builder-el-0  el_before_av_one_full  avia-builder-el-first  \" style='border-radius:0px; '><div  class='avia-image-container  av-styling-    avia-builder-el-1  avia-builder-el-no-sibling  avia-align-center '  itemprop=\"image\" itemscope=\"itemscope\" itemtype=\"https:\/\/schema.org\/ImageObject\"  ><div class='avia-image-container-inner'><div class='avia-image-overlay-wrap'><img decoding=\"async\" class='wp-image-33978 avia-img-lazy-loading-not-33978 avia_image' src=\"https:\/\/radiorevelacionfm.cl\/wp-content\/uploads\/2023\/08\/Foto-nota-ordenanza-Parque-1-1.jpg\" alt='' title='Foto nota ordenanza Parque (1) (1)' height=\"600\" width=\"900\"  itemprop=\"thumbnailUrl\" srcset=\"https:\/\/radiorevelacionfm.cl\/wp-content\/uploads\/2023\/08\/Foto-nota-ordenanza-Parque-1-1.jpg 900w, https:\/\/radiorevelacionfm.cl\/wp-content\/uploads\/2023\/08\/Foto-nota-ordenanza-Parque-1-1-300x200.jpg 300w, https:\/\/radiorevelacionfm.cl\/wp-content\/uploads\/2023\/08\/Foto-nota-ordenanza-Parque-1-1-768x512.jpg 768w, https:\/\/radiorevelacionfm.cl\/wp-content\/uploads\/2023\/08\/Foto-nota-ordenanza-Parque-1-1-705x470.jpg 705w, https:\/\/radiorevelacionfm.cl\/wp-content\/uploads\/2023\/08\/Foto-nota-ordenanza-Parque-1-1-450x300.jpg 450w, https:\/\/radiorevelacionfm.cl\/wp-content\/uploads\/2023\/08\/Foto-nota-ordenanza-Parque-1-1-600x400.jpg 600w\" sizes=\"(max-width: 900px) 100vw, 900px\" \/><\/div><\/div><\/div><\/div><div class=\"flex_column av_one_full  flex_column_div av-zero-column-padding first  avia-builder-el-2  el_after_av_one_full  el_before_av_one_full  column-top-margin\" style='border-radius:0px; '><section class=\"av_textblock_section \"  itemscope=\"itemscope\" itemtype=\"https:\/\/schema.org\/BlogPosting\" itemprop=\"blogPost\" ><div class='avia_textblock  '   itemprop=\"text\" ><p style=\"text-align: center;\"><strong><span style=\"font-size: 18pt;\">Aprueban primera ordenanza municipal en la regi\u00f3n de Ays\u00e9n que busca fortalecer la protecci\u00f3n del Parque Nacional Cerro Castillo<\/span><\/strong><\/p>\n<div id=\"gtx-trans\" style=\"position: absolute; left: -50px; top: 4.31534px;\">\n<div class=\"gtx-trans-icon\"><\/div>\n<\/div>\n<\/div><\/section><\/div><div class=\"flex_column av_one_full  flex_column_div av-zero-column-padding first  avia-builder-el-4  el_after_av_one_full  el_before_av_hr  column-top-margin\" style='border-radius:0px; '><section class=\"av_textblock_section \"  itemscope=\"itemscope\" itemtype=\"https:\/\/schema.org\/BlogPosting\" itemprop=\"blogPost\" ><div class='avia_textblock  '   itemprop=\"text\" ><p style=\"text-align: justify;\">El pasado 9 de agosto se firm\u00f3 el decreto alcaldicio que oficializa la ordenanza municipal que tiene por objeto promover la conservaci\u00f3n del territorio comunal, estableciendo normas b\u00e1sicas de visitaci\u00f3n y prohibiciones para el Parque Nacional Cerro Castillo, en la comuna de R\u00edo Ib\u00e1\u00f1ez, tipificando las infracciones a dichas normas y estableciendo las sanciones aplicables en cada caso, a quienes incurran en las faltas que se se\u00f1alan en esta.<\/p>\n<p style=\"text-align: justify;\">En un trabajo en conjunto entre la Ilustre Municipalidad de R\u00edo Ib\u00e1\u00f1ez, la Corporaci\u00f3n Nacional Forestal (CONAF) y la Asociaci\u00f3n Tur\u00edstica Parque Nacional Cerro Castillo, es que se dio este hist\u00f3rico hito que es fundamental para la preservaci\u00f3n de los recursos naturales de la regi\u00f3n de Ays\u00e9n. Uno de los aspectos m\u00e1s destacados de esta ordenanza es su alineaci\u00f3n con los instrumentos de planificaci\u00f3n y ordenamiento de la Unidad, resaltando la importancia crucial de la conservaci\u00f3n y la gesti\u00f3n sostenible del Parque Nacional Cerro Castillo. Que sancionar\u00e1, por ejemplo, a quienes boten basura, enciendan fogatas, circulen en veh\u00edculos (autos, motos, helic\u00f3pteros, entre otros) sin autorizaci\u00f3n, o que da\u00f1en la flora y fauna al interior del Parque, por mencionar algunos.<\/p>\n<p style=\"text-align: justify;\">Marcelo Santana Vargas, Alcalde de la comuna de R\u00edo Ib\u00e1\u00f1ez, destac\u00f3 el trabajo en conjunto: \u201cHa sido un trabajo que hemos sostenido, t\u00e9cnicamente con CONAF, y que ha contado con la participaci\u00f3n de nuestros vecinos, espec\u00edficamente con los de Villa Cerro Castillo, y que esperamos sirva, primero para mantener los resguardos que hay que tener, no solo dentro del parque, sino que tambi\u00e9n en los alrededores, evitar malas pr\u00e1cticas dentro del parque, y regular a quienes hacen actividad tur\u00edstica al interior del \u00e1rea silvestre protegida, y por sobre todas las cosas, tambi\u00e9n, fomentar un turismo sostenible (&#8230;) contentos de ser el primer municipio de la regi\u00f3n de Ays\u00e9n que avanza en esta materia, y esperamos se pueda replicar en otras \u00e1reas silvestres de la comuna, y que adem\u00e1s, est\u00e1s experiencia pueda servir para otras comunas\u201d.<\/p>\n<p style=\"text-align: justify;\">Esta ordenanza viene a complementar los instrumentos de planificaci\u00f3n del Parque, abordando las principales amenazas relacionadas con malas pr\u00e1cticas asociadas al uso p\u00fablico que pudieran afectar los objetos de conservaci\u00f3n del Parque, a otros visitantes y\/o pobladores aleda\u00f1os a la Unidad, la que se suma a otras ordenanzas locales que buscan promover y proteger el destino tur\u00edstico el cual es relevante para el desarrollo local.<\/p>\n<p style=\"text-align: justify;\">La Directora Regional de Conaf, Loreto Pedrasa Manieu, relev\u00f3 la iniciativa, e indic\u00f3 que se trata de un importante paso para promover la conservaci\u00f3n y protecci\u00f3n del patrimonio natural comunal: \u201cEl Parque Nacional Cerro Castillo es un tesoro natural que ha despertado mucho\u00a0 inter\u00e9s como destino tur\u00edstico, y por ese motivo lo que se busca con esta ordenanza es regular el ingreso al Parque, estableciendo algunas normas para asegurar que los visitantes disfruten del parque de una manera segura y protegiendo el entorno, lo que se condice con algunos de los objetivos estrat\u00e9gicos de CONAF, como la Conservaci\u00f3n de los ecosistemas y el Manejo de Ecosistemas\u201d, se\u00f1al\u00f3.<\/p>\n<p style=\"text-align: justify;\">Esta ordenanza sirve como testimonio del esfuerzo conjunto de las partes involucradas, y un ejemplo a seguir para otras regiones que buscan equilibrar el turismo y la conservaci\u00f3n. Con esta nueva regulaci\u00f3n, se espera que las personas que visitan el Parque Nacional Cerro Castillo lo hagan de manera responsable.<\/p>\n<\/div><\/section><\/div><div  style='height:50px' class='hr hr-invisible   avia-builder-el-6  el_after_av_one_full  el_before_av_social_share '><span class='hr-inner ' ><span class='hr-inner-style'><\/span><\/span><\/div><\/p>\n<div  class='av-social-sharing-box  avia-builder-el-7  el_after_av_hr  el_before_av_hr  '><div class='av-share-box'><h5 class='av-share-link-description av-no-toc '>Compartir esta noticia<\/h5><ul class='av-share-box-list noLightbox'><li class='av-share-link av-social-link-facebook' ><a target=\"_blank\" aria-label=\"Compartir en Facebook\" href='https:\/\/www.facebook.com\/sharer.php?u=https:\/\/radiorevelacionfm.cl\/?p=33976&#038;t=Aprueban%20primera%20ordenanza%20municipal%20en%20la%20regi%C3%B3n%20de%20Ays%C3%A9n%20que%20busca%20fortalecer%20la%20protecci%C3%B3n%20del%20Parque%20Nacional%20Cerro%20Castillo' aria-hidden='false' data-av_icon='\ue8f3' data-av_iconfont='entypo-fontello' title='' data-avia-related-tooltip='Compartir en Facebook' rel=\"noopener\"><span class='avia_hidden_link_text'>Compartir en Facebook<\/span><\/a><\/li><li class='av-share-link av-social-link-twitter' ><a target=\"_blank\" aria-label=\"Compartir en Twitter\" href='https:\/\/twitter.com\/share?text=Aprueban%20primera%20ordenanza%20municipal%20en%20la%20regi%C3%B3n%20de%20Ays%C3%A9n%20que%20busca%20fortalecer%20la%20protecci%C3%B3n%20del%20Parque%20Nacional%20Cerro%20Castillo&#038;url=https:\/\/radiorevelacionfm.cl\/?p=33976' aria-hidden='false' data-av_icon='\ue8f1' data-av_iconfont='entypo-fontello' title='' data-avia-related-tooltip='Compartir en Twitter' rel=\"noopener\"><span class='avia_hidden_link_text'>Compartir en Twitter<\/span><\/a><\/li><li class='av-share-link av-social-link-whatsapp' ><a target=\"_blank\" aria-label=\"Compartir en Whatsapp\" href='https:\/\/api.whatsapp.com\/send?text=https:\/\/radiorevelacionfm.cl\/?p=33976' aria-hidden='false' data-av_icon='\uf232' data-av_iconfont='entypo-fontello' title='' data-avia-related-tooltip='Compartir en Whatsapp' rel=\"noopener\"><span class='avia_hidden_link_text'>Compartir en Whatsapp<\/span><\/a><\/li><li class='av-share-link av-social-link-linkedin' ><a target=\"_blank\" aria-label=\"Compartir en LinkedIn\" href='https:\/\/linkedin.com\/shareArticle?mini=true&#038;title=Aprueban%20primera%20ordenanza%20municipal%20en%20la%20regi%C3%B3n%20de%20Ays%C3%A9n%20que%20busca%20fortalecer%20la%20protecci%C3%B3n%20del%20Parque%20Nacional%20Cerro%20Castillo&#038;url=https:\/\/radiorevelacionfm.cl\/?p=33976' aria-hidden='false' data-av_icon='\ue8fc' data-av_iconfont='entypo-fontello' title='' data-avia-related-tooltip='Compartir en LinkedIn' rel=\"noopener\"><span class='avia_hidden_link_text'>Compartir en LinkedIn<\/span><\/a><\/li><li class='av-share-link av-social-link-mail' ><a  aria-label=\"Compartir por correo\" href='mailto:?subject=Aprueban%20primera%20ordenanza%20municipal%20en%20la%20regi%C3%B3n%20de%20Ays%C3%A9n%20que%20busca%20fortalecer%20la%20protecci%C3%B3n%20del%20Parque%20Nacional%20Cerro%20Castillo&#038;body=https:\/\/radiorevelacionfm.cl\/?p=33976' aria-hidden='false' data-av_icon='\ue805' data-av_iconfont='entypo-fontello' title='' data-avia-related-tooltip='Compartir por correo'><span class='avia_hidden_link_text'>Compartir por correo<\/span><\/a><\/li><\/ul><\/div><\/div>\n<div  style='height:50px' class='hr hr-invisible   avia-builder-el-8  el_after_av_social_share  el_before_av_comments_list '><span class='hr-inner ' ><span class='hr-inner-style'><\/span><\/span><\/div>\n<div  class='av-buildercomment  av-blog-meta-html-info-disabled av-blog-meta-tag-disabled  '><\/div>\n","protected":false},"excerpt":{"rendered":"","protected":false},"author":1,"featured_media":33978,"comment_status":"open","ping_status":"open","sticky":false,"template":"","format":"standard","meta":{"footnotes":""},"categories":[38],"tags":[],"class_list":["post-33976","post","type-post","status-publish","format-standard","has-post-thumbnail","hentry","category-regional"],"jetpack_featured_media_url":"https:\/\/radiorevelacionfm.cl\/wp-content\/uploads\/2023\/08\/Foto-nota-ordenanza-Parque-1-1.jpg","_links":{"self":[{"href":"https:\/\/radiorevelacionfm.cl\/index.php?rest_route=\/wp\/v2\/posts\/33976","targetHints":{"allow":["GET"]}}],"collection":[{"href":"https:\/\/radiorevelacionfm.cl\/index.php?rest_route=\/wp\/v2\/posts"}],"about":[{"href":"https:\/\/radiorevelacionfm.cl\/index.php?rest_route=\/wp\/v2\/types\/post"}],"author":[{"embeddable":true,"href":"https:\/\/radiorevelacionfm.cl\/index.php?rest_route=\/wp\/v2\/users\/1"}],"replies":[{"embeddable":true,"href":"https:\/\/radiorevelacionfm.cl\/index.php?rest_route=%2Fwp%2Fv2%2Fcomments&post=33976"}],"version-history":[{"count":1,"href":"https:\/\/radiorevelacionfm.cl\/index.php?rest_route=\/wp\/v2\/posts\/33976\/revisions"}],"predecessor-version":[{"id":33979,"href":"https:\/\/radiorevelacionfm.cl\/index.php?rest_route=\/wp\/v2\/posts\/33976\/revisions\/33979"}],"wp:featuredmedia":[{"embeddable":true,"href":"https:\/\/radiorevelacionfm.cl\/index.php?rest_route=\/wp\/v2\/media\/33978"}],"wp:attachment":[{"href":"https:\/\/radiorevelacionfm.cl\/index.php?rest_route=%2Fwp%2Fv2%2Fmedia&parent=33976"}],"wp:term":[{"taxonomy":"category","embeddable":true,"href":"https:\/\/radiorevelacionfm.cl\/index.php?rest_route=%2Fwp%2Fv2%2Fcategories&post=33976"},{"taxonomy":"post_tag","embeddable":true,"href":"https:\/\/radiorevelacionfm.cl\/index.php?rest_route=%2Fwp%2Fv2%2Ftags&post=33976"}],"curies":[{"name":"wp","href":"https:\/\/api.w.org\/{rel}","templated":true}]}}