{"id":33973,"date":"2023-08-17T22:19:36","date_gmt":"2023-08-18T01:19:36","guid":{"rendered":"https:\/\/radiorevelacionfm.cl\/?p=33973"},"modified":"2023-08-17T22:19:36","modified_gmt":"2023-08-18T01:19:36","slug":"proyecto-explora-aysen-apuesta-por-fortalecer-la-ciencia-escolar-en-la-region","status":"publish","type":"post","link":"https:\/\/radiorevelacionfm.cl\/?p=33973","title":{"rendered":"Proyecto Explora Ays\u00e9n apuesta por fortalecer la ciencia escolar en la regi\u00f3n"},"content":{"rendered":"<div class=\"flex_column av_one_full  flex_column_div av-zero-column-padding first  avia-builder-el-0  el_before_av_one_full  avia-builder-el-first  \" style='border-radius:0px; '><div  class='avia-image-container  av-styling-    avia-builder-el-1  avia-builder-el-no-sibling  avia-align-center '  itemprop=\"image\" itemscope=\"itemscope\" itemtype=\"https:\/\/schema.org\/ImageObject\"  ><div class='avia-image-container-inner'><div class='avia-image-overlay-wrap'><img decoding=\"async\" class='wp-image-33974 avia-img-lazy-loading-not-33974 avia_image' src=\"https:\/\/radiorevelacionfm.cl\/wp-content\/uploads\/2023\/08\/1-69-1-2.jpg\" alt='' title='1 (69) (1) (2)' height=\"600\" width=\"900\"  itemprop=\"thumbnailUrl\" srcset=\"https:\/\/radiorevelacionfm.cl\/wp-content\/uploads\/2023\/08\/1-69-1-2.jpg 900w, https:\/\/radiorevelacionfm.cl\/wp-content\/uploads\/2023\/08\/1-69-1-2-300x200.jpg 300w, https:\/\/radiorevelacionfm.cl\/wp-content\/uploads\/2023\/08\/1-69-1-2-768x512.jpg 768w, https:\/\/radiorevelacionfm.cl\/wp-content\/uploads\/2023\/08\/1-69-1-2-705x470.jpg 705w, https:\/\/radiorevelacionfm.cl\/wp-content\/uploads\/2023\/08\/1-69-1-2-450x300.jpg 450w, https:\/\/radiorevelacionfm.cl\/wp-content\/uploads\/2023\/08\/1-69-1-2-600x400.jpg 600w\" sizes=\"(max-width: 900px) 100vw, 900px\" \/><\/div><\/div><\/div><\/div><div class=\"flex_column av_one_full  flex_column_div av-zero-column-padding first  avia-builder-el-2  el_after_av_one_full  el_before_av_one_full  column-top-margin\" style='border-radius:0px; '><section class=\"av_textblock_section \"  itemscope=\"itemscope\" itemtype=\"https:\/\/schema.org\/BlogPosting\" itemprop=\"blogPost\" ><div class='avia_textblock  '   itemprop=\"text\" ><p style=\"text-align: center;\"><span style=\"font-size: 18pt;\"><strong>Proyecto Explora Ays\u00e9n apuesta por fortalecer la ciencia escolar en la regi\u00f3n<\/strong><\/span><\/p>\n<div id=\"gtx-trans\" style=\"position: absolute; left: -50px; top: 4.31534px;\">\n<div class=\"gtx-trans-icon\"><\/div>\n<\/div>\n<\/div><\/section><\/div><div class=\"flex_column av_one_full  flex_column_div av-zero-column-padding first  avia-builder-el-4  el_after_av_one_full  el_before_av_hr  column-top-margin\" style='border-radius:0px; '><section class=\"av_textblock_section \"  itemscope=\"itemscope\" itemtype=\"https:\/\/schema.org\/BlogPosting\" itemprop=\"blogPost\" ><div class='avia_textblock  '   itemprop=\"text\" ><p style=\"text-align: justify;\"><em>Durante el segundo semestre, comunidades educativas de 18 localidades de la regi\u00f3n comenzar\u00e1n las actividades de dos programas implementados por el PAR Explora Ays\u00e9n. El objetivo es despertar el asombro, la curiosidad y el desarrollo de habilidades cient\u00edficas en ni\u00f1os, ni\u00f1as y adolescentes.<\/em><\/p>\n<p style=\"text-align: justify;\">Se trata del Programa de Indagaci\u00f3n para Primeras Edades (PIPE) e Investigaci\u00f3n e Innovaci\u00f3n Escolar (IIE), programas que convocaron a educadoras y t\u00e9cnicos en educaci\u00f3n parvularia, docentes y estudiantes de establecimientos de las comunas de Guaitecas, Lago Verde, Cisnes, Ays\u00e9n, Cochrane, Coyhaique, R\u00edo Ib\u00e1\u00f1ez y Chile Chico.<\/p>\n<p style=\"text-align: justify;\">A partir de actividades donde se promueve el aprendizaje basado en la indagaci\u00f3n, el conocimiento y la identificaci\u00f3n de problem\u00e1ticas locales, ambos programas buscan que estudiantes de todas las edades puedan fortalecer el pensamiento cr\u00edtico y otras habilidades necesarias para desarrollarse en el mundo que les rodea, desde una mirada inclusiva y con enfoque de g\u00e9nero.<\/p>\n<p style=\"text-align: justify;\"><strong>Ciencia escolar desde el territorio<\/strong><\/p>\n<p style=\"text-align: justify;\">\u201cDurante agosto, comenzar\u00e1n las rutas formativas de los programas IIE y PIPE, los cuales tienen un \u00e9nfasis en fomentar el modelo de competencias que promueve el Programa Explora, enmarcado en los contextos territoriales y enfatizando la b\u00fasqueda de soluciones creativas e innovadoras\u201d,\u00a0destac\u00f3 Melissa Zavala, coordinadora de rutas formativas del\u00a0Proyecto Explora Ays\u00e9n del Ministerio de Ciencia, Tecnolog\u00eda, Conocimiento e Innovaci\u00f3n, implementado por el Campus Patagonia UACh.<\/p>\n<p style=\"text-align: justify;\">Las rutas formativas incluyen talleres, acompa\u00f1amiento en terreno por parte del equipo Explora Ays\u00e9n y espacios para socializar este trabajo con las comunidades educativas de la regi\u00f3n.<\/p>\n<p style=\"text-align: justify;\">\u201cLos encuentros de socializaci\u00f3n van a vincular estos programas con el ecosistema CTCI y las comunidades educativas, quienes van a poder conocer los distintos proyectos, actividades e innovaciones que se van a presentar\u201d explica Melissa Zavala, se\u00f1alando que \u201cotro elemento fundamental son los acompa\u00f1amientos en terreno, donde el equipo Explora va a visitar las distintas localidades de norte a sur de la regi\u00f3n para acompa\u00f1ar y retroalimentar el trabajo de los programas\u201d.<\/p>\n<p style=\"text-align: justify;\">A estas actividades se sumar\u00e1 en agosto el programa Parques y Reservas como Laboratorio Natural, que ofrecer\u00e1 visitas guiadas por \u00c1reas Silvestres Protegidas y diversos recursos pedag\u00f3gicos para descubrir la biodiversidad regional.<\/p>\n<\/div><\/section><\/div><div  style='height:50px' class='hr hr-invisible   avia-builder-el-6  el_after_av_one_full  el_before_av_social_share '><span class='hr-inner ' ><span class='hr-inner-style'><\/span><\/span><\/div><\/p>\n<div  class='av-social-sharing-box  avia-builder-el-7  el_after_av_hr  el_before_av_hr  '><div class='av-share-box'><h5 class='av-share-link-description av-no-toc '>Compartir esta noticia<\/h5><ul class='av-share-box-list noLightbox'><li class='av-share-link av-social-link-facebook' ><a target=\"_blank\" aria-label=\"Compartir en Facebook\" href='https:\/\/www.facebook.com\/sharer.php?u=https:\/\/radiorevelacionfm.cl\/?p=33973&#038;t=Proyecto%20Explora%20Ays%C3%A9n%20apuesta%20por%20fortalecer%20la%20ciencia%20escolar%20en%20la%20regi%C3%B3n' aria-hidden='false' data-av_icon='\ue8f3' data-av_iconfont='entypo-fontello' title='' data-avia-related-tooltip='Compartir en Facebook' rel=\"noopener\"><span class='avia_hidden_link_text'>Compartir en Facebook<\/span><\/a><\/li><li class='av-share-link av-social-link-twitter' ><a target=\"_blank\" aria-label=\"Compartir en Twitter\" href='https:\/\/twitter.com\/share?text=Proyecto%20Explora%20Ays%C3%A9n%20apuesta%20por%20fortalecer%20la%20ciencia%20escolar%20en%20la%20regi%C3%B3n&#038;url=https:\/\/radiorevelacionfm.cl\/?p=33973' aria-hidden='false' data-av_icon='\ue8f1' data-av_iconfont='entypo-fontello' title='' data-avia-related-tooltip='Compartir en Twitter' rel=\"noopener\"><span class='avia_hidden_link_text'>Compartir en Twitter<\/span><\/a><\/li><li class='av-share-link av-social-link-whatsapp' ><a target=\"_blank\" aria-label=\"Compartir en Whatsapp\" href='https:\/\/api.whatsapp.com\/send?text=https:\/\/radiorevelacionfm.cl\/?p=33973' aria-hidden='false' data-av_icon='\uf232' data-av_iconfont='entypo-fontello' title='' data-avia-related-tooltip='Compartir en Whatsapp' rel=\"noopener\"><span class='avia_hidden_link_text'>Compartir en Whatsapp<\/span><\/a><\/li><li class='av-share-link av-social-link-linkedin' ><a target=\"_blank\" aria-label=\"Compartir en LinkedIn\" href='https:\/\/linkedin.com\/shareArticle?mini=true&#038;title=Proyecto%20Explora%20Ays%C3%A9n%20apuesta%20por%20fortalecer%20la%20ciencia%20escolar%20en%20la%20regi%C3%B3n&#038;url=https:\/\/radiorevelacionfm.cl\/?p=33973' aria-hidden='false' data-av_icon='\ue8fc' data-av_iconfont='entypo-fontello' title='' data-avia-related-tooltip='Compartir en LinkedIn' rel=\"noopener\"><span class='avia_hidden_link_text'>Compartir en LinkedIn<\/span><\/a><\/li><li class='av-share-link av-social-link-mail' ><a  aria-label=\"Compartir por correo\" href='mailto:?subject=Proyecto%20Explora%20Ays%C3%A9n%20apuesta%20por%20fortalecer%20la%20ciencia%20escolar%20en%20la%20regi%C3%B3n&#038;body=https:\/\/radiorevelacionfm.cl\/?p=33973' aria-hidden='false' data-av_icon='\ue805' data-av_iconfont='entypo-fontello' title='' data-avia-related-tooltip='Compartir por correo'><span class='avia_hidden_link_text'>Compartir por correo<\/span><\/a><\/li><\/ul><\/div><\/div>\n<div  style='height:50px' class='hr hr-invisible   avia-builder-el-8  el_after_av_social_share  el_before_av_comments_list '><span class='hr-inner ' ><span class='hr-inner-style'><\/span><\/span><\/div>\n<div  class='av-buildercomment  av-blog-meta-html-info-disabled av-blog-meta-tag-disabled  '><\/div>\n","protected":false},"excerpt":{"rendered":"","protected":false},"author":1,"featured_media":33974,"comment_status":"open","ping_status":"open","sticky":false,"template":"","format":"standard","meta":{"footnotes":""},"categories":[49],"tags":[],"class_list":["post-33973","post","type-post","status-publish","format-standard","has-post-thumbnail","hentry","category-educacion"],"jetpack_featured_media_url":"https:\/\/radiorevelacionfm.cl\/wp-content\/uploads\/2023\/08\/1-69-1-2.jpg","_links":{"self":[{"href":"https:\/\/radiorevelacionfm.cl\/index.php?rest_route=\/wp\/v2\/posts\/33973","targetHints":{"allow":["GET"]}}],"collection":[{"href":"https:\/\/radiorevelacionfm.cl\/index.php?rest_route=\/wp\/v2\/posts"}],"about":[{"href":"https:\/\/radiorevelacionfm.cl\/index.php?rest_route=\/wp\/v2\/types\/post"}],"author":[{"embeddable":true,"href":"https:\/\/radiorevelacionfm.cl\/index.php?rest_route=\/wp\/v2\/users\/1"}],"replies":[{"embeddable":true,"href":"https:\/\/radiorevelacionfm.cl\/index.php?rest_route=%2Fwp%2Fv2%2Fcomments&post=33973"}],"version-history":[{"count":1,"href":"https:\/\/radiorevelacionfm.cl\/index.php?rest_route=\/wp\/v2\/posts\/33973\/revisions"}],"predecessor-version":[{"id":33975,"href":"https:\/\/radiorevelacionfm.cl\/index.php?rest_route=\/wp\/v2\/posts\/33973\/revisions\/33975"}],"wp:featuredmedia":[{"embeddable":true,"href":"https:\/\/radiorevelacionfm.cl\/index.php?rest_route=\/wp\/v2\/media\/33974"}],"wp:attachment":[{"href":"https:\/\/radiorevelacionfm.cl\/index.php?rest_route=%2Fwp%2Fv2%2Fmedia&parent=33973"}],"wp:term":[{"taxonomy":"category","embeddable":true,"href":"https:\/\/radiorevelacionfm.cl\/index.php?rest_route=%2Fwp%2Fv2%2Fcategories&post=33973"},{"taxonomy":"post_tag","embeddable":true,"href":"https:\/\/radiorevelacionfm.cl\/index.php?rest_route=%2Fwp%2Fv2%2Ftags&post=33973"}],"curies":[{"name":"wp","href":"https:\/\/api.w.org\/{rel}","templated":true}]}}