{"id":33967,"date":"2023-08-17T17:03:49","date_gmt":"2023-08-17T20:03:49","guid":{"rendered":"https:\/\/radiorevelacionfm.cl\/?p=33967"},"modified":"2023-08-17T17:03:49","modified_gmt":"2023-08-17T20:03:49","slug":"seremi-de-la-mujer-da-a-conocer-ley-de-pensiones-de-alimentos-en-cesfam-alejandro-gutierrez","status":"publish","type":"post","link":"https:\/\/radiorevelacionfm.cl\/?p=33967","title":{"rendered":"Seremi de la Mujer da a conocer Ley de Pensiones de Alimentos en CESFAM Alejandro Guti\u00e9rrez"},"content":{"rendered":"<div class=\"flex_column av_one_full  flex_column_div av-zero-column-padding first  avia-builder-el-0  el_before_av_one_full  avia-builder-el-first  \" style='border-radius:0px; '><div  class='avia-image-container  av-styling-    avia-builder-el-1  avia-builder-el-no-sibling  avia-align-center '  itemprop=\"image\" itemscope=\"itemscope\" itemtype=\"https:\/\/schema.org\/ImageObject\"  ><div class='avia-image-container-inner'><div class='avia-image-overlay-wrap'><img decoding=\"async\" class='wp-image-33968 avia-img-lazy-loading-not-33968 avia_image' src=\"https:\/\/radiorevelacionfm.cl\/wp-content\/uploads\/2023\/08\/SEREMI-DE-LA-MUJER-1-1-1.jpeg\" alt='' title='SEREMI DE LA MUJER (1) (1) (1)' height=\"600\" width=\"972\"  itemprop=\"thumbnailUrl\" srcset=\"https:\/\/radiorevelacionfm.cl\/wp-content\/uploads\/2023\/08\/SEREMI-DE-LA-MUJER-1-1-1.jpeg 972w, https:\/\/radiorevelacionfm.cl\/wp-content\/uploads\/2023\/08\/SEREMI-DE-LA-MUJER-1-1-1-300x185.jpeg 300w, https:\/\/radiorevelacionfm.cl\/wp-content\/uploads\/2023\/08\/SEREMI-DE-LA-MUJER-1-1-1-768x474.jpeg 768w, https:\/\/radiorevelacionfm.cl\/wp-content\/uploads\/2023\/08\/SEREMI-DE-LA-MUJER-1-1-1-705x435.jpeg 705w, https:\/\/radiorevelacionfm.cl\/wp-content\/uploads\/2023\/08\/SEREMI-DE-LA-MUJER-1-1-1-450x278.jpeg 450w, https:\/\/radiorevelacionfm.cl\/wp-content\/uploads\/2023\/08\/SEREMI-DE-LA-MUJER-1-1-1-600x370.jpeg 600w\" sizes=\"(max-width: 972px) 100vw, 972px\" \/><\/div><\/div><\/div><\/div><div class=\"flex_column av_one_full  flex_column_div av-zero-column-padding first  avia-builder-el-2  el_after_av_one_full  el_before_av_one_full  column-top-margin\" style='border-radius:0px; '><section class=\"av_textblock_section \"  itemscope=\"itemscope\" itemtype=\"https:\/\/schema.org\/BlogPosting\" itemprop=\"blogPost\" ><div class='avia_textblock  '   itemprop=\"text\" ><p style=\"text-align: center;\"><strong><span style=\"font-size: 18pt;\">Seremi de la Mujer da a conocer Ley de Pensiones de Alimentos en CESFAM Alejandro Guti\u00e9rrez<\/span><\/strong><\/p>\n<div id=\"gtx-trans\" style=\"position: absolute; left: -50px; top: 4.31534px;\">\n<div class=\"gtx-trans-icon\"><\/div>\n<\/div>\n<\/div><\/section><\/div><div class=\"flex_column av_one_full  flex_column_div av-zero-column-padding first  avia-builder-el-4  el_after_av_one_full  el_before_av_hr  column-top-margin\" style='border-radius:0px; '><section class=\"av_textblock_section \"  itemscope=\"itemscope\" itemtype=\"https:\/\/schema.org\/BlogPosting\" itemprop=\"blogPost\" ><div class='avia_textblock  '   itemprop=\"text\" ><p style=\"text-align: justify;\">En el consultorio Dr. Alejandro Guti\u00e9rrez de Coyhaique la Seremi de la Mujer y Equidad de G\u00e9nero, Andrea M\u00e9ndez, dio a conocer la Ley de Responsabilidad Parental y Pago Efectivo de Pensi\u00f3n de Alimentos, una medida que est\u00e1 en funcionamiento desde mayo y que surge para entregar justicia a miles ni\u00f1as, ni\u00f1os y adolescentes de todo el pa\u00eds.<\/p>\n<p style=\"text-align: justify;\">Las funcionarias de la Serem\u00eda de la Mujer estuvieron durante toda la jornada entregando informaci\u00f3n sobre el funcionamiento de la Ley, requisitos para hacerla efectiva, c\u00f3mo acceder a \u00e9sta, entre otras consultas que surgieron en terreno. La iniciativa se da en el contexto de acercar la normativa y los programas, a las chilenas que requieran hacer uso de estos. En esa l\u00ednea, la directora (s) del CESFAM Dr. Alejandro Guti\u00e9rrez, Natalie Concha \u201cEs un d\u00eda especial, tenemos apertura de agenda de nuestros tres sectores y creemos que es un excelente espacio p\u00fablico para difundir la nueva pago de deudas de alimentos y el compromiso que tenemos con nuestra comunidad\u201d.<\/p>\n<p style=\"text-align: justify;\">Al respecto, Gabriela Manzi, una de las usuarias del Cesfam se\u00f1al\u00f3, \u201cEs un gran aporte para las madres que por fin encuentren un apoyo legal para regular el pago de pensi\u00f3n de alimentos y que exista este registro de padres deudores para que se haga efectivo el pago, porque hay deudas que se mantienen por a\u00f1os y que se regularice eso es un gran aporte para la mujer y es tambi\u00e9n un apoyo para la infancia y un avance en t\u00e9rminos de pol\u00edticas p\u00fablicas\u201d.<\/p>\n<p style=\"text-align: justify;\">La ley de Responsabilidad Parental y Pago Efectivo de Pensiones de Alimentos, que se suma a la que permiti\u00f3 la creaci\u00f3n del Registro de Deudores, establece un mecanismo de pago permanente de la deuda de pensi\u00f3n de alimentos y mejora el acceso a la informaci\u00f3n financiera de las personas deudoras. La persona a cargo de los ni\u00f1os o ni\u00f1as a quienes se les adeuda el pago tendr\u00e1 que solicitar la retenci\u00f3n de los fondos de las cuentas bancarias o de otros instrumentos financieros del deudor o deudora en la p\u00e1gina web del Poder Judicial.<\/p>\n<p style=\"text-align: justify;\">\u201cNos interesa llevar los objetivos y procedimientos asociados a la nueva Ley de Responsabilidad Parental y Pago Efectivo de Pensiones hacia quienes la han inspirado: las mujeres madres de nuestro pa\u00eds, quienes por demasiado tiempo hab\u00edan tenido que sortear complejas e injustas situaciones asociadas a una d\u00e9bil institucionalidad que no entregaba garant\u00edas de justicia y dignidad. Actualmente, gracias a la gesti\u00f3n del gobierno del presidente Gabriel Boric, eso ha cambiado sustancialmente\u201d, explic\u00f3 Andrea M\u00e9ndez, Seremi de la Mujer y Equidad de G\u00e9nero de Ays\u00e9n.<\/p>\n<p style=\"text-align: justify;\">Cabe se\u00f1alar que la Serem\u00eda de la Mujer y la Equidad de G\u00e9nero de Ays\u00e9n a la fecha ha realizado cerca de 15 charlas respecto del funcionamiento de esta ley, la que busca hacer justicia, con ni\u00f1as, ni\u00f1os y adolescentes, a los que se les adeuda pensi\u00f3n, pero tambi\u00e9n viene a terminar con la que ser\u00eda un tipo de violencia econ\u00f3mica sobre las madres.<\/p>\n<\/div><\/section><\/div><div  style='height:50px' class='hr hr-invisible   avia-builder-el-6  el_after_av_one_full  el_before_av_social_share '><span class='hr-inner ' ><span class='hr-inner-style'><\/span><\/span><\/div><\/p>\n<div  class='av-social-sharing-box  avia-builder-el-7  el_after_av_hr  el_before_av_hr  '><div class='av-share-box'><h5 class='av-share-link-description av-no-toc '>Compartir esta noticia<\/h5><ul class='av-share-box-list noLightbox'><li class='av-share-link av-social-link-facebook' ><a target=\"_blank\" aria-label=\"Compartir en Facebook\" href='https:\/\/www.facebook.com\/sharer.php?u=https:\/\/radiorevelacionfm.cl\/?p=33967&#038;t=Seremi%20de%20la%20Mujer%20da%20a%20conocer%20Ley%20de%20Pensiones%20de%20Alimentos%20en%20CESFAM%20Alejandro%20Guti%C3%A9rrez' aria-hidden='false' data-av_icon='\ue8f3' data-av_iconfont='entypo-fontello' title='' data-avia-related-tooltip='Compartir en Facebook' rel=\"noopener\"><span class='avia_hidden_link_text'>Compartir en Facebook<\/span><\/a><\/li><li class='av-share-link av-social-link-twitter' ><a target=\"_blank\" aria-label=\"Compartir en Twitter\" href='https:\/\/twitter.com\/share?text=Seremi%20de%20la%20Mujer%20da%20a%20conocer%20Ley%20de%20Pensiones%20de%20Alimentos%20en%20CESFAM%20Alejandro%20Guti%C3%A9rrez&#038;url=https:\/\/radiorevelacionfm.cl\/?p=33967' aria-hidden='false' data-av_icon='\ue8f1' data-av_iconfont='entypo-fontello' title='' data-avia-related-tooltip='Compartir en Twitter' rel=\"noopener\"><span class='avia_hidden_link_text'>Compartir en Twitter<\/span><\/a><\/li><li class='av-share-link av-social-link-whatsapp' ><a target=\"_blank\" aria-label=\"Compartir en Whatsapp\" href='https:\/\/api.whatsapp.com\/send?text=https:\/\/radiorevelacionfm.cl\/?p=33967' aria-hidden='false' data-av_icon='\uf232' data-av_iconfont='entypo-fontello' title='' data-avia-related-tooltip='Compartir en Whatsapp' rel=\"noopener\"><span class='avia_hidden_link_text'>Compartir en Whatsapp<\/span><\/a><\/li><li class='av-share-link av-social-link-linkedin' ><a target=\"_blank\" aria-label=\"Compartir en LinkedIn\" href='https:\/\/linkedin.com\/shareArticle?mini=true&#038;title=Seremi%20de%20la%20Mujer%20da%20a%20conocer%20Ley%20de%20Pensiones%20de%20Alimentos%20en%20CESFAM%20Alejandro%20Guti%C3%A9rrez&#038;url=https:\/\/radiorevelacionfm.cl\/?p=33967' aria-hidden='false' data-av_icon='\ue8fc' data-av_iconfont='entypo-fontello' title='' data-avia-related-tooltip='Compartir en LinkedIn' rel=\"noopener\"><span class='avia_hidden_link_text'>Compartir en LinkedIn<\/span><\/a><\/li><li class='av-share-link av-social-link-mail' ><a  aria-label=\"Compartir por correo\" href='mailto:?subject=Seremi%20de%20la%20Mujer%20da%20a%20conocer%20Ley%20de%20Pensiones%20de%20Alimentos%20en%20CESFAM%20Alejandro%20Guti%C3%A9rrez&#038;body=https:\/\/radiorevelacionfm.cl\/?p=33967' aria-hidden='false' data-av_icon='\ue805' data-av_iconfont='entypo-fontello' title='' data-avia-related-tooltip='Compartir por correo'><span class='avia_hidden_link_text'>Compartir por correo<\/span><\/a><\/li><\/ul><\/div><\/div>\n<div  style='height:50px' class='hr hr-invisible   avia-builder-el-8  el_after_av_social_share  el_before_av_comments_list '><span class='hr-inner ' ><span class='hr-inner-style'><\/span><\/span><\/div>\n<div  class='av-buildercomment  av-blog-meta-html-info-disabled av-blog-meta-tag-disabled  '><\/div>\n","protected":false},"excerpt":{"rendered":"","protected":false},"author":1,"featured_media":33968,"comment_status":"open","ping_status":"open","sticky":false,"template":"","format":"standard","meta":{"footnotes":""},"categories":[38],"tags":[],"class_list":["post-33967","post","type-post","status-publish","format-standard","has-post-thumbnail","hentry","category-regional"],"jetpack_featured_media_url":"https:\/\/radiorevelacionfm.cl\/wp-content\/uploads\/2023\/08\/SEREMI-DE-LA-MUJER-1-1-1.jpeg","_links":{"self":[{"href":"https:\/\/radiorevelacionfm.cl\/index.php?rest_route=\/wp\/v2\/posts\/33967","targetHints":{"allow":["GET"]}}],"collection":[{"href":"https:\/\/radiorevelacionfm.cl\/index.php?rest_route=\/wp\/v2\/posts"}],"about":[{"href":"https:\/\/radiorevelacionfm.cl\/index.php?rest_route=\/wp\/v2\/types\/post"}],"author":[{"embeddable":true,"href":"https:\/\/radiorevelacionfm.cl\/index.php?rest_route=\/wp\/v2\/users\/1"}],"replies":[{"embeddable":true,"href":"https:\/\/radiorevelacionfm.cl\/index.php?rest_route=%2Fwp%2Fv2%2Fcomments&post=33967"}],"version-history":[{"count":1,"href":"https:\/\/radiorevelacionfm.cl\/index.php?rest_route=\/wp\/v2\/posts\/33967\/revisions"}],"predecessor-version":[{"id":33969,"href":"https:\/\/radiorevelacionfm.cl\/index.php?rest_route=\/wp\/v2\/posts\/33967\/revisions\/33969"}],"wp:featuredmedia":[{"embeddable":true,"href":"https:\/\/radiorevelacionfm.cl\/index.php?rest_route=\/wp\/v2\/media\/33968"}],"wp:attachment":[{"href":"https:\/\/radiorevelacionfm.cl\/index.php?rest_route=%2Fwp%2Fv2%2Fmedia&parent=33967"}],"wp:term":[{"taxonomy":"category","embeddable":true,"href":"https:\/\/radiorevelacionfm.cl\/index.php?rest_route=%2Fwp%2Fv2%2Fcategories&post=33967"},{"taxonomy":"post_tag","embeddable":true,"href":"https:\/\/radiorevelacionfm.cl\/index.php?rest_route=%2Fwp%2Fv2%2Ftags&post=33967"}],"curies":[{"name":"wp","href":"https:\/\/api.w.org\/{rel}","templated":true}]}}