{"id":33964,"date":"2023-08-17T15:36:02","date_gmt":"2023-08-17T18:36:02","guid":{"rendered":"https:\/\/radiorevelacionfm.cl\/?p=33964"},"modified":"2023-08-17T15:36:02","modified_gmt":"2023-08-17T18:36:02","slug":"el-lunes-cierra-llamado-anual-de-acreditacion-de-evaluadores-energeticos","status":"publish","type":"post","link":"https:\/\/radiorevelacionfm.cl\/?p=33964","title":{"rendered":"El lunes cierra llamado anual de Acreditaci\u00f3n de Evaluadores Energ\u00e9ticos"},"content":{"rendered":"<div class=\"flex_column av_one_full  flex_column_div av-zero-column-padding first  avia-builder-el-0  el_before_av_one_full  avia-builder-el-first  \" style='border-radius:0px; '><div  class='avia-image-container  av-styling-    avia-builder-el-1  avia-builder-el-no-sibling  avia-align-center '  itemprop=\"image\" itemscope=\"itemscope\" itemtype=\"https:\/\/schema.org\/ImageObject\"  ><div class='avia-image-container-inner'><div class='avia-image-overlay-wrap'><img decoding=\"async\" class='wp-image-33965 avia-img-lazy-loading-not-33965 avia_image' src=\"https:\/\/radiorevelacionfm.cl\/wp-content\/uploads\/2023\/08\/foto-archivo-panoramica-casas-Cochrane-1.jpg\" alt='' title='foto archivo panor\u00e1mica casas Cochrane (1)' height=\"600\" width=\"800\"  itemprop=\"thumbnailUrl\" srcset=\"https:\/\/radiorevelacionfm.cl\/wp-content\/uploads\/2023\/08\/foto-archivo-panoramica-casas-Cochrane-1.jpg 800w, https:\/\/radiorevelacionfm.cl\/wp-content\/uploads\/2023\/08\/foto-archivo-panoramica-casas-Cochrane-1-300x225.jpg 300w, https:\/\/radiorevelacionfm.cl\/wp-content\/uploads\/2023\/08\/foto-archivo-panoramica-casas-Cochrane-1-768x576.jpg 768w, https:\/\/radiorevelacionfm.cl\/wp-content\/uploads\/2023\/08\/foto-archivo-panoramica-casas-Cochrane-1-705x529.jpg 705w, https:\/\/radiorevelacionfm.cl\/wp-content\/uploads\/2023\/08\/foto-archivo-panoramica-casas-Cochrane-1-450x338.jpg 450w, https:\/\/radiorevelacionfm.cl\/wp-content\/uploads\/2023\/08\/foto-archivo-panoramica-casas-Cochrane-1-600x450.jpg 600w\" sizes=\"(max-width: 800px) 100vw, 800px\" \/><\/div><\/div><\/div><\/div><div class=\"flex_column av_one_full  flex_column_div av-zero-column-padding first  avia-builder-el-2  el_after_av_one_full  el_before_av_one_full  column-top-margin\" style='border-radius:0px; '><section class=\"av_textblock_section \"  itemscope=\"itemscope\" itemtype=\"https:\/\/schema.org\/BlogPosting\" itemprop=\"blogPost\" ><div class='avia_textblock  '   itemprop=\"text\" ><p style=\"text-align: center;\"><strong><span style=\"font-size: 18pt;\">El lunes cierra llamado anual de Acreditaci\u00f3n de Evaluadores Energ\u00e9ticos<\/span><\/strong><\/p>\n<div id=\"gtx-trans\" style=\"position: absolute; left: -50px; top: 4.31534px;\">\n<div class=\"gtx-trans-icon\"><\/div>\n<\/div>\n<\/div><\/section><\/div><div class=\"flex_column av_one_full  flex_column_div av-zero-column-padding first  avia-builder-el-4  el_after_av_one_full  el_before_av_hr  column-top-margin\" style='border-radius:0px; '><section class=\"av_textblock_section \"  itemscope=\"itemscope\" itemtype=\"https:\/\/schema.org\/BlogPosting\" itemprop=\"blogPost\" ><div class='avia_textblock  '   itemprop=\"text\" ><p style=\"text-align: justify;\">Hasta el lunes 21 de agosto, el Ministerio de Vivienda y Urbanismo mantendr\u00e1 abierta la convocatoria para que profesionales del \u00e1rea de la construcci\u00f3n como arquitectos, constructores civiles e ingenieros en sus diferentes especialidades, puedan inscribirse para participar en el segundo Proceso 2023 de Acreditaci\u00f3n de Evaluadores Energ\u00e9ticos para la Calificaci\u00f3n Energ\u00e9tica de Viviendas en Chile.<\/p>\n<p style=\"text-align: justify;\">La informaci\u00f3n fue entregada por la Seremi de Vivienda y Urbanismo, Paulina Ruz, quien hizo un llamado a los interesados a sumarse a este proceso que est\u00e1 impulsando la Divisi\u00f3n T\u00e9cnica de Estudio y Fomento Habitacional (Ditec) del MINVU y el Ministerio de Energ\u00eda. \u201cEste proceso es 100% en l\u00ednea, por lo cual es una gran oportunidad para profesionales de lugares remotos de nuestra regi\u00f3n, para que puedan acreditarse y contribuyan en el fomento de construcci\u00f3n de viviendas m\u00e1s eficientes y que entreguen una mejor calidad de vidas a las familias. Contar con la Calificaci\u00f3n Energ\u00e9tica de Viviendas no solo fomenta la edificaci\u00f3n de construcciones m\u00e1s eficientes, sino que tambi\u00e9n aporta en la introducci\u00f3n de un gran cambio en la forma en que se dise\u00f1an y construyen las viviendas en nuestro pa\u00eds\u201d, manifest\u00f3.<\/p>\n<p style=\"text-align: justify;\">Agreg\u00f3 la Seremi que este tema tiene que ver con el modelo de eficiencia energ\u00e9tica y sus diferentes componentes en la vivienda, lo que finalmente repercute en la temperatura interior y tambi\u00e9n en el ahorro de energ\u00eda y en la descontaminaci\u00f3n de nuestros principales centro urbanos y rurales de la regi\u00f3n. \u201cPor eso este llamado, porque necesitamos contar con m\u00e1s profesionales que se preocupen de certificar que todas las condiciones se est\u00e1n cumpliendo, tanto en lo que se refiere al dise\u00f1o como a la ejecuci\u00f3n de los proyectos de mejoramiento o construcci\u00f3n de las viviendas que estamos entregando\u201d, explic\u00f3.<\/p>\n<p style=\"text-align: justify;\">Agreg\u00f3 la Seremi que la idea es que, a futuro, al momento de elegir y hacer la compra de sus viviendas, las personas puedan tener informaci\u00f3n clara y oportuna acerca de la eficiencia energ\u00e9tica con la que cuentan.<\/p>\n<p style=\"text-align: justify;\">Cabe recordad que la Calificaci\u00f3n Energ\u00e9tica de Viviendas (CEV) es un instrumento que permite medir, de manera objetiva y estandarizada, el requerimiento energ\u00e9tico de casas y departamentos, considerando las diferencias clim\u00e1ticas existentes en el pa\u00eds.<\/p>\n<p style=\"text-align: justify;\">Los interesados deber\u00e1n completar el formulario de inscripci\u00f3n disponible en la p\u00e1gina web <a href=\"http:\/\/www.calificacionenergetica.cl\">www.calificacionenergetica.cl<\/a> en la secci\u00f3n de \u201cAcreditaci\u00f3n de Evaluadores Energ\u00e9ticos\u201d, mismo lugar donde encontrar\u00e1n toda la informaci\u00f3n necesaria para postular en el llamado vigente.<\/p>\n<\/div><\/section><\/div><div  style='height:50px' class='hr hr-invisible   avia-builder-el-6  el_after_av_one_full  el_before_av_social_share '><span class='hr-inner ' ><span class='hr-inner-style'><\/span><\/span><\/div><\/p>\n<div  class='av-social-sharing-box  avia-builder-el-7  el_after_av_hr  el_before_av_hr  '><div class='av-share-box'><h5 class='av-share-link-description av-no-toc '>Compartir esta noticia<\/h5><ul class='av-share-box-list noLightbox'><li class='av-share-link av-social-link-facebook' ><a target=\"_blank\" aria-label=\"Compartir en Facebook\" href='https:\/\/www.facebook.com\/sharer.php?u=https:\/\/radiorevelacionfm.cl\/?p=33964&#038;t=El%20lunes%20cierra%20llamado%20anual%20de%20Acreditaci%C3%B3n%20de%20Evaluadores%20Energ%C3%A9ticos' aria-hidden='false' data-av_icon='\ue8f3' data-av_iconfont='entypo-fontello' title='' data-avia-related-tooltip='Compartir en Facebook' rel=\"noopener\"><span class='avia_hidden_link_text'>Compartir en Facebook<\/span><\/a><\/li><li class='av-share-link av-social-link-twitter' ><a target=\"_blank\" aria-label=\"Compartir en Twitter\" href='https:\/\/twitter.com\/share?text=El%20lunes%20cierra%20llamado%20anual%20de%20Acreditaci%C3%B3n%20de%20Evaluadores%20Energ%C3%A9ticos&#038;url=https:\/\/radiorevelacionfm.cl\/?p=33964' aria-hidden='false' data-av_icon='\ue8f1' data-av_iconfont='entypo-fontello' title='' data-avia-related-tooltip='Compartir en Twitter' rel=\"noopener\"><span class='avia_hidden_link_text'>Compartir en Twitter<\/span><\/a><\/li><li class='av-share-link av-social-link-whatsapp' ><a target=\"_blank\" aria-label=\"Compartir en Whatsapp\" href='https:\/\/api.whatsapp.com\/send?text=https:\/\/radiorevelacionfm.cl\/?p=33964' aria-hidden='false' data-av_icon='\uf232' data-av_iconfont='entypo-fontello' title='' data-avia-related-tooltip='Compartir en Whatsapp' rel=\"noopener\"><span class='avia_hidden_link_text'>Compartir en Whatsapp<\/span><\/a><\/li><li class='av-share-link av-social-link-linkedin' ><a target=\"_blank\" aria-label=\"Compartir en LinkedIn\" href='https:\/\/linkedin.com\/shareArticle?mini=true&#038;title=El%20lunes%20cierra%20llamado%20anual%20de%20Acreditaci%C3%B3n%20de%20Evaluadores%20Energ%C3%A9ticos&#038;url=https:\/\/radiorevelacionfm.cl\/?p=33964' aria-hidden='false' data-av_icon='\ue8fc' data-av_iconfont='entypo-fontello' title='' data-avia-related-tooltip='Compartir en LinkedIn' rel=\"noopener\"><span class='avia_hidden_link_text'>Compartir en LinkedIn<\/span><\/a><\/li><li class='av-share-link av-social-link-mail' ><a  aria-label=\"Compartir por correo\" href='mailto:?subject=El%20lunes%20cierra%20llamado%20anual%20de%20Acreditaci%C3%B3n%20de%20Evaluadores%20Energ%C3%A9ticos&#038;body=https:\/\/radiorevelacionfm.cl\/?p=33964' aria-hidden='false' data-av_icon='\ue805' data-av_iconfont='entypo-fontello' title='' data-avia-related-tooltip='Compartir por correo'><span class='avia_hidden_link_text'>Compartir por correo<\/span><\/a><\/li><\/ul><\/div><\/div>\n<div  style='height:50px' class='hr hr-invisible   avia-builder-el-8  el_after_av_social_share  el_before_av_comments_list '><span class='hr-inner ' ><span class='hr-inner-style'><\/span><\/span><\/div>\n<div  class='av-buildercomment  av-blog-meta-html-info-disabled av-blog-meta-tag-disabled  '><\/div>\n","protected":false},"excerpt":{"rendered":"","protected":false},"author":1,"featured_media":33965,"comment_status":"open","ping_status":"open","sticky":false,"template":"","format":"standard","meta":{"footnotes":""},"categories":[57],"tags":[],"class_list":["post-33964","post","type-post","status-publish","format-standard","has-post-thumbnail","hentry","category-vivienda"],"jetpack_featured_media_url":"https:\/\/radiorevelacionfm.cl\/wp-content\/uploads\/2023\/08\/foto-archivo-panoramica-casas-Cochrane-1.jpg","_links":{"self":[{"href":"https:\/\/radiorevelacionfm.cl\/index.php?rest_route=\/wp\/v2\/posts\/33964","targetHints":{"allow":["GET"]}}],"collection":[{"href":"https:\/\/radiorevelacionfm.cl\/index.php?rest_route=\/wp\/v2\/posts"}],"about":[{"href":"https:\/\/radiorevelacionfm.cl\/index.php?rest_route=\/wp\/v2\/types\/post"}],"author":[{"embeddable":true,"href":"https:\/\/radiorevelacionfm.cl\/index.php?rest_route=\/wp\/v2\/users\/1"}],"replies":[{"embeddable":true,"href":"https:\/\/radiorevelacionfm.cl\/index.php?rest_route=%2Fwp%2Fv2%2Fcomments&post=33964"}],"version-history":[{"count":1,"href":"https:\/\/radiorevelacionfm.cl\/index.php?rest_route=\/wp\/v2\/posts\/33964\/revisions"}],"predecessor-version":[{"id":33966,"href":"https:\/\/radiorevelacionfm.cl\/index.php?rest_route=\/wp\/v2\/posts\/33964\/revisions\/33966"}],"wp:featuredmedia":[{"embeddable":true,"href":"https:\/\/radiorevelacionfm.cl\/index.php?rest_route=\/wp\/v2\/media\/33965"}],"wp:attachment":[{"href":"https:\/\/radiorevelacionfm.cl\/index.php?rest_route=%2Fwp%2Fv2%2Fmedia&parent=33964"}],"wp:term":[{"taxonomy":"category","embeddable":true,"href":"https:\/\/radiorevelacionfm.cl\/index.php?rest_route=%2Fwp%2Fv2%2Fcategories&post=33964"},{"taxonomy":"post_tag","embeddable":true,"href":"https:\/\/radiorevelacionfm.cl\/index.php?rest_route=%2Fwp%2Fv2%2Ftags&post=33964"}],"curies":[{"name":"wp","href":"https:\/\/api.w.org\/{rel}","templated":true}]}}