{"id":33960,"date":"2023-08-17T13:13:31","date_gmt":"2023-08-17T16:13:31","guid":{"rendered":"https:\/\/radiorevelacionfm.cl\/?p=33960"},"modified":"2023-08-17T13:13:31","modified_gmt":"2023-08-17T16:13:31","slug":"mes-de-la-fotografia-se-celebra-en-aysen-con-talleres-y-conversatorios","status":"publish","type":"post","link":"https:\/\/radiorevelacionfm.cl\/?p=33960","title":{"rendered":"Mes de la Fotograf\u00eda se celebra en Ays\u00e9n con talleres y conversatorios"},"content":{"rendered":"<div class=\"flex_column av_one_full  flex_column_div av-zero-column-padding first  avia-builder-el-0  el_before_av_one_full  avia-builder-el-first  \" style='border-radius:0px; '><div  class='avia-image-container  av-styling-    avia-builder-el-1  avia-builder-el-no-sibling  avia-align-center '  itemprop=\"image\" itemscope=\"itemscope\" itemtype=\"https:\/\/schema.org\/ImageObject\"  ><div class='avia-image-container-inner'><div class='avia-image-overlay-wrap'><img decoding=\"async\" class='wp-image-33961 avia-img-lazy-loading-not-33961 avia_image' src=\"https:\/\/radiorevelacionfm.cl\/wp-content\/uploads\/2023\/08\/afiche-virtual-dia-fotografia-2023-1_optimized-1.jpg\" alt='' title='afiche-virtual-d\u00eda-fotograf\u00eda-2023-(1)_optimized (1)' height=\"600\" width=\"600\"  itemprop=\"thumbnailUrl\" srcset=\"https:\/\/radiorevelacionfm.cl\/wp-content\/uploads\/2023\/08\/afiche-virtual-dia-fotografia-2023-1_optimized-1.jpg 600w, https:\/\/radiorevelacionfm.cl\/wp-content\/uploads\/2023\/08\/afiche-virtual-dia-fotografia-2023-1_optimized-1-300x300.jpg 300w, https:\/\/radiorevelacionfm.cl\/wp-content\/uploads\/2023\/08\/afiche-virtual-dia-fotografia-2023-1_optimized-1-80x80.jpg 80w, https:\/\/radiorevelacionfm.cl\/wp-content\/uploads\/2023\/08\/afiche-virtual-dia-fotografia-2023-1_optimized-1-36x36.jpg 36w, https:\/\/radiorevelacionfm.cl\/wp-content\/uploads\/2023\/08\/afiche-virtual-dia-fotografia-2023-1_optimized-1-180x180.jpg 180w, https:\/\/radiorevelacionfm.cl\/wp-content\/uploads\/2023\/08\/afiche-virtual-dia-fotografia-2023-1_optimized-1-120x120.jpg 120w, https:\/\/radiorevelacionfm.cl\/wp-content\/uploads\/2023\/08\/afiche-virtual-dia-fotografia-2023-1_optimized-1-450x450.jpg 450w, https:\/\/radiorevelacionfm.cl\/wp-content\/uploads\/2023\/08\/afiche-virtual-dia-fotografia-2023-1_optimized-1-100x100.jpg 100w\" sizes=\"(max-width: 600px) 100vw, 600px\" \/><\/div><\/div><\/div><\/div><div class=\"flex_column av_one_full  flex_column_div av-zero-column-padding first  avia-builder-el-2  el_after_av_one_full  el_before_av_one_full  column-top-margin\" style='border-radius:0px; '><section class=\"av_textblock_section \"  itemscope=\"itemscope\" itemtype=\"https:\/\/schema.org\/BlogPosting\" itemprop=\"blogPost\" ><div class='avia_textblock  '   itemprop=\"text\" ><p style=\"text-align: center;\"><span style=\"font-size: 18pt;\"><b>Mes de la Fotograf\u00eda se celebra en Ays\u00e9n con talleres y conversatorios<\/b><\/span><\/p>\n<div id=\"gtx-trans\" style=\"position: absolute; left: -50px; top: 4.31534px;\">\n<div class=\"gtx-trans-icon\"><\/div>\n<\/div>\n<\/div><\/section><\/div><div class=\"flex_column av_one_full  flex_column_div av-zero-column-padding first  avia-builder-el-4  el_after_av_one_full  el_before_av_hr  column-top-margin\" style='border-radius:0px; '><section class=\"av_textblock_section \"  itemscope=\"itemscope\" itemtype=\"https:\/\/schema.org\/BlogPosting\" itemprop=\"blogPost\" ><div class='avia_textblock  '   itemprop=\"text\" ><p style=\"text-align: justify;\">Como cada a\u00f1o, la Seremi de Culturas Ays\u00e9n junto a creadores y creadoras regionales celebra el Mes de la Fotograf\u00eda durante agosto y, m\u00e1s espec\u00edficamente, el D\u00eda de la Fotograf\u00eda, el 19, recordando la inscripci\u00f3n de la patente del daguerrotipo, primera imagen fotogr\u00e1fica creada por el artista franc\u00e9s Louis Daguerre ese d\u00eda de 1839. Tras declarar que se hab\u00eda inventado la fotograf\u00eda en Par\u00eds, Francia compr\u00f3 el procedimiento y liber\u00f3 la patente para que todos y todas pudieran usarlo.<\/p>\n<p style=\"text-align: justify;\">180 a\u00f1os despu\u00e9s, las im\u00e1genes son protagonistas de la vida diaria y para compartir y apreciar este arte, la Secretar\u00eda Regional Ministerial de las Culturas, las Artes y el Patrimonio, Regi\u00f3n de Ays\u00e9n invita a celebrar este Mes de la fotograf\u00eda de diversas maneras.<\/p>\n<p style=\"text-align: justify;\">Ya est\u00e1 abierta la convocatoria Infancia en dictadura que busca reunir im\u00e1genes y relatos de ni\u00f1as, ni\u00f1as y adolescentes entre 1973 y 1990 en el territorio regional. Para participar deber enviar tu material a\u00a0<a id=\"m_-4403465545206537954OWA031d7849-1d48-4b2c-60d6-c6f620762ad1\" href=\"mailto:culturaaysen@cultura.gob.cl\" target=\"_blank\" rel=\"noopener\">culturaaysen@cultura.gob.cl<\/a>\u00a0o entregarlo personalmente en las oficinas de 21 de mayo 574, Coyhaique.<\/p>\n<p style=\"text-align: justify;\">Felipe Quiroz, seremi de Culturas Ays\u00e9n, siente que \u201ces particularmente relevante el Mes de la Fotograf\u00eda este a\u00f1o, cuando se cumplen, adem\u00e1s, 50 a\u00f1os del golpe de Estado. Por eso queremos rescatar las narraciones infantiles de aquellos a\u00f1os como un ejercicio de memoria regional que a\u00fane la mirada de los ni\u00f1os que fueron durante la dictadura\u201d.<\/p>\n<p style=\"text-align: justify;\">En Puerto Ays\u00e9n, este s\u00e1bado 19 de agosto, la Red de Artistas Visuales-RAVA Ays\u00e9n con el financimiento del Ministerio de las Culturas estar\u00e1 en la Biblioteca de Puerto Ays\u00e9n desarrollando un taller creativo y una charla sobre la versatilidad del soporte fotogr\u00e1fico con que trabajan los integrantes del colectivo. Esta actividad es gratuita, previa inscripci\u00f3n a trav\u00e9s de correo\u00a0<a id=\"m_-4403465545206537954OWA9294fcc5-4d1f-3c66-ba64-3bb58a9ea7bc\" href=\"mailto:redartesvisualesaysen@gmail.com\" target=\"_blank\" rel=\"noopener\">redartesvisualesaysen@gmail.<wbr \/>com<\/a>.<\/p>\n<p style=\"text-align: justify;\">Felipe Soza, parte de RAVA, cuenta que \u201cestar\u00e1n Sebasti\u00e1n Saavedra, Catalina Correa, Paula Zapata, Tania Morgado y yo, donde hablaremos de FOTOGRAF\u00cdA y tendremos un taller que aborda la fotograf\u00eda y su relato. Todo esto marcado en el mes de la fotograf\u00eda. Los esperamos\u201d.<\/p>\n<p style=\"text-align: justify;\">El seremi Felipe Quiroz a\u00f1ade que \u201ccomo Gobierno, nuestro inter\u00e9s de llegar a los territorios no solo es un deber, sino un principio para apoyar el desarrollo cultural fuera de Coyhaique, como es el caso de las actividades junto a RAVA\u201d.<\/p>\n<\/div><\/section><\/div><div  style='height:50px' class='hr hr-invisible   avia-builder-el-6  el_after_av_one_full  el_before_av_social_share '><span class='hr-inner ' ><span class='hr-inner-style'><\/span><\/span><\/div><\/p>\n<div  class='av-social-sharing-box  avia-builder-el-7  el_after_av_hr  el_before_av_hr  '><div class='av-share-box'><h5 class='av-share-link-description av-no-toc '>Compartir esta noticia<\/h5><ul class='av-share-box-list noLightbox'><li class='av-share-link av-social-link-facebook' ><a target=\"_blank\" aria-label=\"Compartir en Facebook\" href='https:\/\/www.facebook.com\/sharer.php?u=https:\/\/radiorevelacionfm.cl\/?p=33960&#038;t=Mes%20de%20la%20Fotograf%C3%ADa%20se%20celebra%20en%20Ays%C3%A9n%20con%20talleres%20y%20conversatorios' aria-hidden='false' data-av_icon='\ue8f3' data-av_iconfont='entypo-fontello' title='' data-avia-related-tooltip='Compartir en Facebook' rel=\"noopener\"><span class='avia_hidden_link_text'>Compartir en Facebook<\/span><\/a><\/li><li class='av-share-link av-social-link-twitter' ><a target=\"_blank\" aria-label=\"Compartir en Twitter\" href='https:\/\/twitter.com\/share?text=Mes%20de%20la%20Fotograf%C3%ADa%20se%20celebra%20en%20Ays%C3%A9n%20con%20talleres%20y%20conversatorios&#038;url=https:\/\/radiorevelacionfm.cl\/?p=33960' aria-hidden='false' data-av_icon='\ue8f1' data-av_iconfont='entypo-fontello' title='' data-avia-related-tooltip='Compartir en Twitter' rel=\"noopener\"><span class='avia_hidden_link_text'>Compartir en Twitter<\/span><\/a><\/li><li class='av-share-link av-social-link-whatsapp' ><a target=\"_blank\" aria-label=\"Compartir en Whatsapp\" href='https:\/\/api.whatsapp.com\/send?text=https:\/\/radiorevelacionfm.cl\/?p=33960' aria-hidden='false' data-av_icon='\uf232' data-av_iconfont='entypo-fontello' title='' data-avia-related-tooltip='Compartir en Whatsapp' rel=\"noopener\"><span class='avia_hidden_link_text'>Compartir en Whatsapp<\/span><\/a><\/li><li class='av-share-link av-social-link-linkedin' ><a target=\"_blank\" aria-label=\"Compartir en LinkedIn\" href='https:\/\/linkedin.com\/shareArticle?mini=true&#038;title=Mes%20de%20la%20Fotograf%C3%ADa%20se%20celebra%20en%20Ays%C3%A9n%20con%20talleres%20y%20conversatorios&#038;url=https:\/\/radiorevelacionfm.cl\/?p=33960' aria-hidden='false' data-av_icon='\ue8fc' data-av_iconfont='entypo-fontello' title='' data-avia-related-tooltip='Compartir en LinkedIn' rel=\"noopener\"><span class='avia_hidden_link_text'>Compartir en LinkedIn<\/span><\/a><\/li><li class='av-share-link av-social-link-mail' ><a  aria-label=\"Compartir por correo\" href='mailto:?subject=Mes%20de%20la%20Fotograf%C3%ADa%20se%20celebra%20en%20Ays%C3%A9n%20con%20talleres%20y%20conversatorios&#038;body=https:\/\/radiorevelacionfm.cl\/?p=33960' aria-hidden='false' data-av_icon='\ue805' data-av_iconfont='entypo-fontello' title='' data-avia-related-tooltip='Compartir por correo'><span class='avia_hidden_link_text'>Compartir por correo<\/span><\/a><\/li><\/ul><\/div><\/div>\n<div  style='height:50px' class='hr hr-invisible   avia-builder-el-8  el_after_av_social_share  el_before_av_comments_list '><span class='hr-inner ' ><span class='hr-inner-style'><\/span><\/span><\/div>\n<div  class='av-buildercomment  av-blog-meta-html-info-disabled av-blog-meta-tag-disabled  '><\/div>\n","protected":false},"excerpt":{"rendered":"","protected":false},"author":1,"featured_media":33962,"comment_status":"open","ping_status":"open","sticky":false,"template":"","format":"standard","meta":{"footnotes":""},"categories":[52],"tags":[],"class_list":["post-33960","post","type-post","status-publish","format-standard","has-post-thumbnail","hentry","category-cultura"],"jetpack_featured_media_url":"https:\/\/radiorevelacionfm.cl\/wp-content\/uploads\/2023\/08\/Afiche-virtual-Dia-Fotografia-2023_v2-1.jpg","_links":{"self":[{"href":"https:\/\/radiorevelacionfm.cl\/index.php?rest_route=\/wp\/v2\/posts\/33960","targetHints":{"allow":["GET"]}}],"collection":[{"href":"https:\/\/radiorevelacionfm.cl\/index.php?rest_route=\/wp\/v2\/posts"}],"about":[{"href":"https:\/\/radiorevelacionfm.cl\/index.php?rest_route=\/wp\/v2\/types\/post"}],"author":[{"embeddable":true,"href":"https:\/\/radiorevelacionfm.cl\/index.php?rest_route=\/wp\/v2\/users\/1"}],"replies":[{"embeddable":true,"href":"https:\/\/radiorevelacionfm.cl\/index.php?rest_route=%2Fwp%2Fv2%2Fcomments&post=33960"}],"version-history":[{"count":1,"href":"https:\/\/radiorevelacionfm.cl\/index.php?rest_route=\/wp\/v2\/posts\/33960\/revisions"}],"predecessor-version":[{"id":33963,"href":"https:\/\/radiorevelacionfm.cl\/index.php?rest_route=\/wp\/v2\/posts\/33960\/revisions\/33963"}],"wp:featuredmedia":[{"embeddable":true,"href":"https:\/\/radiorevelacionfm.cl\/index.php?rest_route=\/wp\/v2\/media\/33962"}],"wp:attachment":[{"href":"https:\/\/radiorevelacionfm.cl\/index.php?rest_route=%2Fwp%2Fv2%2Fmedia&parent=33960"}],"wp:term":[{"taxonomy":"category","embeddable":true,"href":"https:\/\/radiorevelacionfm.cl\/index.php?rest_route=%2Fwp%2Fv2%2Fcategories&post=33960"},{"taxonomy":"post_tag","embeddable":true,"href":"https:\/\/radiorevelacionfm.cl\/index.php?rest_route=%2Fwp%2Fv2%2Ftags&post=33960"}],"curies":[{"name":"wp","href":"https:\/\/api.w.org\/{rel}","templated":true}]}}