{"id":33954,"date":"2023-08-17T10:59:42","date_gmt":"2023-08-17T13:59:42","guid":{"rendered":"https:\/\/radiorevelacionfm.cl\/?p=33954"},"modified":"2023-08-17T10:59:42","modified_gmt":"2023-08-17T13:59:42","slug":"comunidad-entrego-mas-de-300-firmas-de-respaldo-a-la-gestion-de-milenka-adofacci-en-el-cesfam-de-aysen","status":"publish","type":"post","link":"https:\/\/radiorevelacionfm.cl\/?p=33954","title":{"rendered":"Comunidad entreg\u00f3 m\u00e1s de 300 firmas de respaldo a la gesti\u00f3n de Milenka Adofacci en el CESFAM de Ays\u00e9n"},"content":{"rendered":"<div class=\"flex_column av_one_full  flex_column_div av-zero-column-padding first  avia-builder-el-0  el_before_av_one_full  avia-builder-el-first  \" style='border-radius:0px; '><div  class='avia-image-container  av-styling-    avia-builder-el-1  avia-builder-el-no-sibling  avia-align-center '  itemprop=\"image\" itemscope=\"itemscope\" itemtype=\"https:\/\/schema.org\/ImageObject\"  ><div class='avia-image-container-inner'><div class='avia-image-overlay-wrap'><img decoding=\"async\" class='wp-image-33955 avia-img-lazy-loading-not-33955 avia_image' src=\"https:\/\/radiorevelacionfm.cl\/wp-content\/uploads\/2023\/08\/img-comunfirmas2-1-1.jpg\" alt='' title='img-comunfirmas2 (1) (1)' height=\"600\" width=\"923\"  itemprop=\"thumbnailUrl\" srcset=\"https:\/\/radiorevelacionfm.cl\/wp-content\/uploads\/2023\/08\/img-comunfirmas2-1-1.jpg 923w, https:\/\/radiorevelacionfm.cl\/wp-content\/uploads\/2023\/08\/img-comunfirmas2-1-1-300x195.jpg 300w, https:\/\/radiorevelacionfm.cl\/wp-content\/uploads\/2023\/08\/img-comunfirmas2-1-1-768x499.jpg 768w, https:\/\/radiorevelacionfm.cl\/wp-content\/uploads\/2023\/08\/img-comunfirmas2-1-1-705x458.jpg 705w, https:\/\/radiorevelacionfm.cl\/wp-content\/uploads\/2023\/08\/img-comunfirmas2-1-1-450x293.jpg 450w, https:\/\/radiorevelacionfm.cl\/wp-content\/uploads\/2023\/08\/img-comunfirmas2-1-1-600x390.jpg 600w\" sizes=\"(max-width: 923px) 100vw, 923px\" \/><\/div><\/div><\/div><\/div><div class=\"flex_column av_one_full  flex_column_div av-zero-column-padding first  avia-builder-el-2  el_after_av_one_full  el_before_av_one_full  column-top-margin\" style='border-radius:0px; '><section class=\"av_textblock_section \"  itemscope=\"itemscope\" itemtype=\"https:\/\/schema.org\/BlogPosting\" itemprop=\"blogPost\" ><div class='avia_textblock  '   itemprop=\"text\" ><p style=\"text-align: center;\"><strong><span style=\"font-size: 18pt;\">Comunidad entreg\u00f3 m\u00e1s de 300 firmas de respaldo a la gesti\u00f3n de Milenka Adofacci en el CESFAM de Ays\u00e9n<\/span><\/strong><\/p>\n<div id=\"gtx-trans\" style=\"position: absolute; left: -50px; top: 4.31534px;\">\n<div class=\"gtx-trans-icon\"><\/div>\n<\/div>\n<\/div><\/section><\/div><div class=\"flex_column av_one_full  flex_column_div av-zero-column-padding first  avia-builder-el-4  el_after_av_one_full  el_before_av_hr  column-top-margin\" style='border-radius:0px; '><section class=\"av_textblock_section \"  itemscope=\"itemscope\" itemtype=\"https:\/\/schema.org\/BlogPosting\" itemprop=\"blogPost\" ><div class='avia_textblock  '   itemprop=\"text\" ><p style=\"text-align: justify;\">En menos de una semana los habitantes de la comuna porte\u00f1a juntaron r\u00fabricas desde distintos espacios para ir en apoyo de la gesti\u00f3n que lleva adelante en el Centro de Salud Familiar (CESFAM) de Puerto Ays\u00e9n la cirujana dentista, Milenka Adofacci Zamora, quien hasta el momento se encuentra con una licencia m\u00e9dica. Sin embargo, distintos trascendidos y cambios en el recino asistencial har\u00edan prever su salida inminente. En una reuni\u00f3n sostenida durante la tarde del mi\u00e9rcoles 16 de agosto fueron entregadas a diversos personeros del Servicio de Salud de Ays\u00e9n (SSA) los respaldos ciudadanos quedando a la espera de una decisi\u00f3n por parte de las autoridades sanitarias y de gobierno para definir qu\u00e9 ocurrir\u00e1 con la respaldada directora.<\/p>\n<p style=\"text-align: justify;\">La Dra Adofacci destac\u00f3 en la comunidad aysenina gracias a diversas iniciativas que permitieron erradicar en su gesti\u00f3n la fila de las 05:00 am en el Cesfam, recuperar tres sillones dentales, abrir la agenda mensual en las poblaciones con la iniciativa \u201cCesfam en Terreno\u201d, habilitar dependencias para la consulta psicosocial de Puerto Chacabuco, entre otras materias en beneficio de los usuarios y usuarias del establecimiento de Atenci\u00f3n Primaria de Salud.<\/p>\n<p style=\"text-align: justify;\">Al respecto, la reconocida dirigenta de Puerto Ays\u00e9n, Rosa Ch\u00e1vez Nitor, declar\u00f3 tras la entrega de firmas que esperaban la presencia del director del Servicio de Salud para abordar lo acontecido, pese a ello, entregaron a Juan Catal\u00e1n y Hern\u00e1n Barrientos, jefe de gabinete y asesor del SSA, respectivamente; las r\u00fabricas ayseninas que llegan a las 320 en cinco d\u00edas de actividad. \u201cyo les dec\u00eda que (los firmantes) fueron personas de todos los \u00edndoles pol\u00edticos que conocieron a la doctora Adofacci, el trabajo que hizo. Entonces, le suman tres integrantes por eso cada uno de los que firm\u00f3, ser\u00edan 900 usuarios que est\u00e1n pidiendo que ella siga a la cabeza y no desde un partido pol\u00edtico, porque nosotros la estamos apoyando como profesional que estuvo en la direcci\u00f3n\u201d.<\/p>\n<p style=\"text-align: justify;\">A\u00f1adiendo que, tras algunas acusaciones que se han formulado en contra de la directora por parte de un grupo de profesionales del Cesfam ninguna de estas ha podido ser comprobada. Asimismo, la dirigenta record\u00f3 los d\u00edas previos a la asunci\u00f3n del cargo de la cirujana dentista cuando se amenaz\u00f3 a la comunidad con un paro m\u00e9dico, por lo que, su salida era algo que \u201cya se ve\u00eda desde antes venir\u201d.<\/p>\n<p style=\"text-align: justify;\">Por su parte, Alicia Ru\u00edz, presidenta del Sindicato Mujeres del Mar de Puerto Chacabuco indic\u00f3 que \u201cme voy con un sabor amargo porque pens\u00e9 que iban a dar una respuesta concreta y no que ven\u00eda a perder el tiempo. No pueden sacarla porque los que tenemos que evaluar somos nosotros, los usuarios, no ellos. Ellos (los directivos) est\u00e1n al servicio del pueblo y el pueblo es el que tiene que definir qui\u00e9n hace las cosas bien y si a alguien le molesta porque le dicen que son flojos ac\u00e1 (en Cesfam), es porque no hay un jefe que lo haga trabajar\u201d.<\/p>\n<p style=\"text-align: justify;\">Finalmente, Ricardo Soto, vecino de Ays\u00e9n y ex dirigente de salud enfatiz\u00f3 en el respaldo ciudadano que posee la directora titular del Cesfam por el trabajo realizado, \u201cnosotros estamos tratando de rescatar y de apoyar un buen trabajo que se hace siempre, de cualquier persona. Esto es apol\u00edtico, o sea que, no estamos nosotros por una cuesti\u00f3n pol\u00edtica haciendo una defensa de una persona\u201d. Con ello, Soto tambi\u00e9n expres\u00f3 su preocupaci\u00f3n por no existir respuestas m\u00e1s claras por parte del SSA sobre esta materia \u201cpor qu\u00e9 vienen a escuchar a un poblador si saben de qu\u00e9 se trata, por qu\u00e9 no traen una posible soluci\u00f3n, por \u00faltimo. Pero uno queda en la ambig\u00fcedad y eso no corresponde\u201d, sentenci\u00f3 el vecino de Puerto Ays\u00e9n.<\/p>\n<\/div><\/section><\/div><div  style='height:50px' class='hr hr-invisible   avia-builder-el-6  el_after_av_one_full  el_before_av_social_share '><span class='hr-inner ' ><span class='hr-inner-style'><\/span><\/span><\/div><\/p>\n<div  class='av-social-sharing-box  avia-builder-el-7  el_after_av_hr  el_before_av_hr  '><div class='av-share-box'><h5 class='av-share-link-description av-no-toc '>Compartir esta noticia<\/h5><ul class='av-share-box-list noLightbox'><li class='av-share-link av-social-link-facebook' ><a target=\"_blank\" aria-label=\"Compartir en Facebook\" href='https:\/\/www.facebook.com\/sharer.php?u=https:\/\/radiorevelacionfm.cl\/?p=33954&#038;t=Comunidad%20entreg%C3%B3%20m%C3%A1s%20de%20300%20firmas%20de%20respaldo%20a%20la%20gesti%C3%B3n%20de%20Milenka%20Adofacci%20en%20el%20CESFAM%20de%20Ays%C3%A9n' aria-hidden='false' data-av_icon='\ue8f3' data-av_iconfont='entypo-fontello' title='' data-avia-related-tooltip='Compartir en Facebook' rel=\"noopener\"><span class='avia_hidden_link_text'>Compartir en Facebook<\/span><\/a><\/li><li class='av-share-link av-social-link-twitter' ><a target=\"_blank\" aria-label=\"Compartir en Twitter\" href='https:\/\/twitter.com\/share?text=Comunidad%20entreg%C3%B3%20m%C3%A1s%20de%20300%20firmas%20de%20respaldo%20a%20la%20gesti%C3%B3n%20de%20Milenka%20Adofacci%20en%20el%20CESFAM%20de%20Ays%C3%A9n&#038;url=https:\/\/radiorevelacionfm.cl\/?p=33954' aria-hidden='false' data-av_icon='\ue8f1' data-av_iconfont='entypo-fontello' title='' data-avia-related-tooltip='Compartir en Twitter' rel=\"noopener\"><span class='avia_hidden_link_text'>Compartir en Twitter<\/span><\/a><\/li><li class='av-share-link av-social-link-whatsapp' ><a target=\"_blank\" aria-label=\"Compartir en Whatsapp\" href='https:\/\/api.whatsapp.com\/send?text=https:\/\/radiorevelacionfm.cl\/?p=33954' aria-hidden='false' data-av_icon='\uf232' data-av_iconfont='entypo-fontello' title='' data-avia-related-tooltip='Compartir en Whatsapp' rel=\"noopener\"><span class='avia_hidden_link_text'>Compartir en Whatsapp<\/span><\/a><\/li><li class='av-share-link av-social-link-linkedin' ><a target=\"_blank\" aria-label=\"Compartir en LinkedIn\" href='https:\/\/linkedin.com\/shareArticle?mini=true&#038;title=Comunidad%20entreg%C3%B3%20m%C3%A1s%20de%20300%20firmas%20de%20respaldo%20a%20la%20gesti%C3%B3n%20de%20Milenka%20Adofacci%20en%20el%20CESFAM%20de%20Ays%C3%A9n&#038;url=https:\/\/radiorevelacionfm.cl\/?p=33954' aria-hidden='false' data-av_icon='\ue8fc' data-av_iconfont='entypo-fontello' title='' data-avia-related-tooltip='Compartir en LinkedIn' rel=\"noopener\"><span class='avia_hidden_link_text'>Compartir en LinkedIn<\/span><\/a><\/li><li class='av-share-link av-social-link-mail' ><a  aria-label=\"Compartir por correo\" href='mailto:?subject=Comunidad%20entreg%C3%B3%20m%C3%A1s%20de%20300%20firmas%20de%20respaldo%20a%20la%20gesti%C3%B3n%20de%20Milenka%20Adofacci%20en%20el%20CESFAM%20de%20Ays%C3%A9n&#038;body=https:\/\/radiorevelacionfm.cl\/?p=33954' aria-hidden='false' data-av_icon='\ue805' data-av_iconfont='entypo-fontello' title='' data-avia-related-tooltip='Compartir por correo'><span class='avia_hidden_link_text'>Compartir por correo<\/span><\/a><\/li><\/ul><\/div><\/div>\n<div  style='height:50px' class='hr hr-invisible   avia-builder-el-8  el_after_av_social_share  el_before_av_comments_list '><span class='hr-inner ' ><span class='hr-inner-style'><\/span><\/span><\/div>\n<div  class='av-buildercomment  av-blog-meta-html-info-disabled av-blog-meta-tag-disabled  '><\/div>\n","protected":false},"excerpt":{"rendered":"","protected":false},"author":1,"featured_media":33955,"comment_status":"open","ping_status":"open","sticky":false,"template":"","format":"standard","meta":{"footnotes":""},"categories":[46],"tags":[],"class_list":["post-33954","post","type-post","status-publish","format-standard","has-post-thumbnail","hentry","category-salud"],"jetpack_featured_media_url":"https:\/\/radiorevelacionfm.cl\/wp-content\/uploads\/2023\/08\/img-comunfirmas2-1-1.jpg","_links":{"self":[{"href":"https:\/\/radiorevelacionfm.cl\/index.php?rest_route=\/wp\/v2\/posts\/33954","targetHints":{"allow":["GET"]}}],"collection":[{"href":"https:\/\/radiorevelacionfm.cl\/index.php?rest_route=\/wp\/v2\/posts"}],"about":[{"href":"https:\/\/radiorevelacionfm.cl\/index.php?rest_route=\/wp\/v2\/types\/post"}],"author":[{"embeddable":true,"href":"https:\/\/radiorevelacionfm.cl\/index.php?rest_route=\/wp\/v2\/users\/1"}],"replies":[{"embeddable":true,"href":"https:\/\/radiorevelacionfm.cl\/index.php?rest_route=%2Fwp%2Fv2%2Fcomments&post=33954"}],"version-history":[{"count":1,"href":"https:\/\/radiorevelacionfm.cl\/index.php?rest_route=\/wp\/v2\/posts\/33954\/revisions"}],"predecessor-version":[{"id":33956,"href":"https:\/\/radiorevelacionfm.cl\/index.php?rest_route=\/wp\/v2\/posts\/33954\/revisions\/33956"}],"wp:featuredmedia":[{"embeddable":true,"href":"https:\/\/radiorevelacionfm.cl\/index.php?rest_route=\/wp\/v2\/media\/33955"}],"wp:attachment":[{"href":"https:\/\/radiorevelacionfm.cl\/index.php?rest_route=%2Fwp%2Fv2%2Fmedia&parent=33954"}],"wp:term":[{"taxonomy":"category","embeddable":true,"href":"https:\/\/radiorevelacionfm.cl\/index.php?rest_route=%2Fwp%2Fv2%2Fcategories&post=33954"},{"taxonomy":"post_tag","embeddable":true,"href":"https:\/\/radiorevelacionfm.cl\/index.php?rest_route=%2Fwp%2Fv2%2Ftags&post=33954"}],"curies":[{"name":"wp","href":"https:\/\/api.w.org\/{rel}","templated":true}]}}