{"id":33950,"date":"2023-08-16T21:39:10","date_gmt":"2023-08-17T00:39:10","guid":{"rendered":"https:\/\/radiorevelacionfm.cl\/?p=33950"},"modified":"2023-08-16T21:39:10","modified_gmt":"2023-08-17T00:39:10","slug":"listo-para-ser-visto-en-sala-senadora-ordenes-se-mostro-a-favor-del-sistema-unico-de-evaluacion-docente","status":"publish","type":"post","link":"https:\/\/radiorevelacionfm.cl\/?p=33950","title":{"rendered":"Listo para ser visto en sala: Senadora \u00d3rdenes se mostr\u00f3 a favor del Sistema \u00danico de Evaluaci\u00f3n Docente"},"content":{"rendered":"<div class=\"flex_column av_one_full  flex_column_div av-zero-column-padding first  avia-builder-el-0  el_before_av_one_full  avia-builder-el-first  \" style='border-radius:0px; '><div  class='avia-image-container  av-styling-    avia-builder-el-1  avia-builder-el-no-sibling  avia-align-center '  itemprop=\"image\" itemscope=\"itemscope\" itemtype=\"https:\/\/schema.org\/ImageObject\"  ><div class='avia-image-container-inner'><div class='avia-image-overlay-wrap'><img decoding=\"async\" class='wp-image-33951 avia-img-lazy-loading-not-33951 avia_image' src=\"https:\/\/radiorevelacionfm.cl\/wp-content\/uploads\/2023\/08\/reuniOn-con-colegio-de-profesores-1-1_optimized.jpg\" alt='' title='reuni\u00d3n-con-colegio-de-profesores-1-(1)_optimized' height=\"600\" width=\"1004\"  itemprop=\"thumbnailUrl\" srcset=\"https:\/\/radiorevelacionfm.cl\/wp-content\/uploads\/2023\/08\/reuniOn-con-colegio-de-profesores-1-1_optimized.jpg 1004w, https:\/\/radiorevelacionfm.cl\/wp-content\/uploads\/2023\/08\/reuniOn-con-colegio-de-profesores-1-1_optimized-300x179.jpg 300w, https:\/\/radiorevelacionfm.cl\/wp-content\/uploads\/2023\/08\/reuniOn-con-colegio-de-profesores-1-1_optimized-768x459.jpg 768w, https:\/\/radiorevelacionfm.cl\/wp-content\/uploads\/2023\/08\/reuniOn-con-colegio-de-profesores-1-1_optimized-705x421.jpg 705w, https:\/\/radiorevelacionfm.cl\/wp-content\/uploads\/2023\/08\/reuniOn-con-colegio-de-profesores-1-1_optimized-450x269.jpg 450w, https:\/\/radiorevelacionfm.cl\/wp-content\/uploads\/2023\/08\/reuniOn-con-colegio-de-profesores-1-1_optimized-600x359.jpg 600w\" sizes=\"(max-width: 1004px) 100vw, 1004px\" \/><\/div><\/div><\/div><\/div>\n<div class=\"flex_column av_one_full  flex_column_div av-zero-column-padding first  avia-builder-el-2  el_after_av_one_full  el_before_av_one_full  column-top-margin\" style='border-radius:0px; '><section class=\"av_textblock_section \"  itemscope=\"itemscope\" itemtype=\"https:\/\/schema.org\/BlogPosting\" itemprop=\"blogPost\" ><div class='avia_textblock  '   itemprop=\"text\" ><p style=\"text-align: center;\"><span style=\"font-size: 18pt;\"><strong>Listo para ser visto en sala: Senadora \u00d3rdenes se mostr\u00f3 a favor del Sistema \u00danico de Evaluaci\u00f3n Docente<\/strong><\/span><\/p>\n<div id=\"gtx-trans\" style=\"position: absolute; left: -50px; top: 4.31534px;\">\n<div class=\"gtx-trans-icon\"><\/div>\n<\/div>\n<\/div><\/section><\/div><div class=\"flex_column av_one_full  flex_column_div av-zero-column-padding first  avia-builder-el-4  el_after_av_one_full  el_before_av_hr  column-top-margin\" style='border-radius:0px; '><section class=\"av_textblock_section \"  itemscope=\"itemscope\" itemtype=\"https:\/\/schema.org\/BlogPosting\" itemprop=\"blogPost\" ><div class='avia_textblock  '   itemprop=\"text\" ><p style=\"text-align: justify;\">Con tres votos a favor y uno en contra, la Comisi\u00f3n de Educaci\u00f3n aprob\u00f3 la idea de legislar y despach\u00f3 a Sala el proyecto que establece un sistema \u00fanico de Evaluaci\u00f3n Docente. Este proyecto tiene el objetivo de establecer un sistema \u00fanico de evaluaci\u00f3n, reconocimiento y progresi\u00f3n, basado en las normas del estatuto docente y que permita el reconocimiento y promoci\u00f3n del desarrollo de cada profesional. Adem\u00e1s, se ampl\u00eda el acompa\u00f1amiento de docentes n\u00f3veles, con el apoyo de docentes mentores que les ayuden a mejorar sus competencias profesionales.<\/p>\n<p style=\"text-align: justify;\">En segundo tr\u00e1mite, la norma ser\u00e1 analizada en una pr\u00f3xima sesi\u00f3n ordinaria. La idea es que los docentes de establecimientos municipales y los de Servicios Locales de Educaci\u00f3n P\u00fablica dejen de ser evaluados por dos sistemas distintos -ya que actualmente existe la Evaluaci\u00f3n Docente y el Sistema de Desarrollo Profesional Docente- y sean evaluados \u00fanicamente por el sistema de evaluaci\u00f3n de la Carrera Docente, al igual que los profesionales del sector particular subvencionado. Este proceso evaluativo, llamado Sistema de Reconocimiento, incorpora una evaluaci\u00f3n de conocimientos espec\u00edficos y pedag\u00f3gicos y la elaboraci\u00f3n de un portafolio.<\/p>\n<p style=\"text-align: justify;\">Ximena \u00d3rdenes, senadora de la regi\u00f3n de Ays\u00e9n, se mostr\u00f3 a favor de la iniciativa. \u201cVamos a apoyar el sistema \u00fanico de evaluaci\u00f3n. Esta es una respuesta eficiente, que valora la acreditaci\u00f3n constante, manteniendo un est\u00e1ndar de calidad en el desarrollo de la carrera de cada docente y que adem\u00e1s busca entregar mayor apoyo a aquellos profesionales m\u00e1s j\u00f3venes\u201d, se\u00f1al\u00f3 la representante regional por la 14\u00aa Circunscripci\u00f3n.<\/p>\n<p style=\"text-align: justify;\">Durante la semana distrital del 14 de agosto, la senadora se reuni\u00f3 con Rosa Pesutic, presidenta regional del Colegio de Profesores de Chile y Diego Quijada, secretario regional, quienes, entre otras inquietudes, le mostraron su inter\u00e9s en este proyecto que unificar\u00eda la evaluaci\u00f3n.<\/p>\n<p style=\"text-align: justify;\">\u201cEstamos conformes con esta reuni\u00f3n con la senadora. Ven\u00edamos con un mandato espec\u00edfico, que era pedirle su apoyo, su voto en el senado, para eliminar la doble evaluaci\u00f3n docente y que quede un sistema \u00fanico de evaluaci\u00f3n, situaci\u00f3n que pasar\u00e1 al senado dentro de poco. La senadora nos ha dicho que contemos con su voto favorable, entiende perfectamente de qu\u00e9 se trata el tema, lo conoce, por lo tanto, nosotros vamos a responderle al directorio nacional que aqu\u00ed en la regi\u00f3n de Ays\u00e9n, la senadora \u00d3rdenes est\u00e1 por apoyar la eliminaci\u00f3n de la doble evaluaci\u00f3n docente\u201d, sostuvo la presidenta regional del Colegio de Profesores de Chile.<\/p>\n<p style=\"text-align: justify;\">El texto del proyecto deroga normas de la ley que aprob\u00f3 el estatuto de los profesionales de la educaci\u00f3n, estableciendo un sistema \u00fanico de evaluaci\u00f3n, amplia el apoyo a los profesionales m\u00e1s j\u00f3venes y elimina la restricci\u00f3n de horas contratadas para cursar el proceso de inducci\u00f3n, cuyo l\u00edmite actual es de 38 horas. En casos en que la jornada semanal sea superior, el proceso de inducci\u00f3n se realizar\u00e1 durante la jornada de trabajo y se considerar\u00e1 como actividades curriculares no lectivas.<\/p>\n<p style=\"text-align: justify;\">Adem\u00e1s, los profesionales de la educaci\u00f3n que durante el a\u00f1o 2015 rindieron la evaluaci\u00f3n de desempe\u00f1o profesional docente podr\u00e1n optar a varias alternativas para ser asignados a un tramo de desarrollo profesional.<\/p>\n<\/div><\/section><\/div><div  style='height:50px' class='hr hr-invisible   avia-builder-el-6  el_after_av_one_full  el_before_av_social_share '><span class='hr-inner ' ><span class='hr-inner-style'><\/span><\/span><\/div><\/p>\n<div  class='av-social-sharing-box  avia-builder-el-7  el_after_av_hr  el_before_av_hr  '><div class='av-share-box'><h5 class='av-share-link-description av-no-toc '>Compartir esta noticia<\/h5><ul class='av-share-box-list noLightbox'><li class='av-share-link av-social-link-facebook' ><a target=\"_blank\" aria-label=\"Compartir en Facebook\" href='https:\/\/www.facebook.com\/sharer.php?u=https:\/\/radiorevelacionfm.cl\/?p=33950&#038;t=Listo%20para%20ser%20visto%20en%20sala%3A%20Senadora%20%C3%93rdenes%20se%20mostr%C3%B3%20a%20favor%20del%20Sistema%20%C3%9Anico%20de%20Evaluaci%C3%B3n%20Docente' aria-hidden='false' data-av_icon='\ue8f3' data-av_iconfont='entypo-fontello' title='' data-avia-related-tooltip='Compartir en Facebook' rel=\"noopener\"><span class='avia_hidden_link_text'>Compartir en Facebook<\/span><\/a><\/li><li class='av-share-link av-social-link-twitter' ><a target=\"_blank\" aria-label=\"Compartir en Twitter\" href='https:\/\/twitter.com\/share?text=Listo%20para%20ser%20visto%20en%20sala%3A%20Senadora%20%C3%93rdenes%20se%20mostr%C3%B3%20a%20favor%20del%20Sistema%20%C3%9Anico%20de%20Evaluaci%C3%B3n%20Docente&#038;url=https:\/\/radiorevelacionfm.cl\/?p=33950' aria-hidden='false' data-av_icon='\ue8f1' data-av_iconfont='entypo-fontello' title='' data-avia-related-tooltip='Compartir en Twitter' rel=\"noopener\"><span class='avia_hidden_link_text'>Compartir en Twitter<\/span><\/a><\/li><li class='av-share-link av-social-link-whatsapp' ><a target=\"_blank\" aria-label=\"Compartir en Whatsapp\" href='https:\/\/api.whatsapp.com\/send?text=https:\/\/radiorevelacionfm.cl\/?p=33950' aria-hidden='false' data-av_icon='\uf232' data-av_iconfont='entypo-fontello' title='' data-avia-related-tooltip='Compartir en Whatsapp' rel=\"noopener\"><span class='avia_hidden_link_text'>Compartir en Whatsapp<\/span><\/a><\/li><li class='av-share-link av-social-link-linkedin' ><a target=\"_blank\" aria-label=\"Compartir en LinkedIn\" href='https:\/\/linkedin.com\/shareArticle?mini=true&#038;title=Listo%20para%20ser%20visto%20en%20sala%3A%20Senadora%20%C3%93rdenes%20se%20mostr%C3%B3%20a%20favor%20del%20Sistema%20%C3%9Anico%20de%20Evaluaci%C3%B3n%20Docente&#038;url=https:\/\/radiorevelacionfm.cl\/?p=33950' aria-hidden='false' data-av_icon='\ue8fc' data-av_iconfont='entypo-fontello' title='' data-avia-related-tooltip='Compartir en LinkedIn' rel=\"noopener\"><span class='avia_hidden_link_text'>Compartir en LinkedIn<\/span><\/a><\/li><li class='av-share-link av-social-link-mail' ><a  aria-label=\"Compartir por correo\" href='mailto:?subject=Listo%20para%20ser%20visto%20en%20sala%3A%20Senadora%20%C3%93rdenes%20se%20mostr%C3%B3%20a%20favor%20del%20Sistema%20%C3%9Anico%20de%20Evaluaci%C3%B3n%20Docente&#038;body=https:\/\/radiorevelacionfm.cl\/?p=33950' aria-hidden='false' data-av_icon='\ue805' data-av_iconfont='entypo-fontello' title='' data-avia-related-tooltip='Compartir por correo'><span class='avia_hidden_link_text'>Compartir por correo<\/span><\/a><\/li><\/ul><\/div><\/div>\n<div  style='height:50px' class='hr hr-invisible   avia-builder-el-8  el_after_av_social_share  el_before_av_comments_list '><span class='hr-inner ' ><span class='hr-inner-style'><\/span><\/span><\/div>\n<div  class='av-buildercomment  av-blog-meta-html-info-disabled av-blog-meta-tag-disabled  '><\/div>\n","protected":false},"excerpt":{"rendered":"","protected":false},"author":1,"featured_media":33951,"comment_status":"open","ping_status":"open","sticky":false,"template":"","format":"standard","meta":{"footnotes":""},"categories":[35],"tags":[],"class_list":["post-33950","post","type-post","status-publish","format-standard","has-post-thumbnail","hentry","category-politica"],"jetpack_featured_media_url":"https:\/\/radiorevelacionfm.cl\/wp-content\/uploads\/2023\/08\/reuniOn-con-colegio-de-profesores-1-1_optimized.jpg","_links":{"self":[{"href":"https:\/\/radiorevelacionfm.cl\/index.php?rest_route=\/wp\/v2\/posts\/33950","targetHints":{"allow":["GET"]}}],"collection":[{"href":"https:\/\/radiorevelacionfm.cl\/index.php?rest_route=\/wp\/v2\/posts"}],"about":[{"href":"https:\/\/radiorevelacionfm.cl\/index.php?rest_route=\/wp\/v2\/types\/post"}],"author":[{"embeddable":true,"href":"https:\/\/radiorevelacionfm.cl\/index.php?rest_route=\/wp\/v2\/users\/1"}],"replies":[{"embeddable":true,"href":"https:\/\/radiorevelacionfm.cl\/index.php?rest_route=%2Fwp%2Fv2%2Fcomments&post=33950"}],"version-history":[{"count":2,"href":"https:\/\/radiorevelacionfm.cl\/index.php?rest_route=\/wp\/v2\/posts\/33950\/revisions"}],"predecessor-version":[{"id":33953,"href":"https:\/\/radiorevelacionfm.cl\/index.php?rest_route=\/wp\/v2\/posts\/33950\/revisions\/33953"}],"wp:featuredmedia":[{"embeddable":true,"href":"https:\/\/radiorevelacionfm.cl\/index.php?rest_route=\/wp\/v2\/media\/33951"}],"wp:attachment":[{"href":"https:\/\/radiorevelacionfm.cl\/index.php?rest_route=%2Fwp%2Fv2%2Fmedia&parent=33950"}],"wp:term":[{"taxonomy":"category","embeddable":true,"href":"https:\/\/radiorevelacionfm.cl\/index.php?rest_route=%2Fwp%2Fv2%2Fcategories&post=33950"},{"taxonomy":"post_tag","embeddable":true,"href":"https:\/\/radiorevelacionfm.cl\/index.php?rest_route=%2Fwp%2Fv2%2Ftags&post=33950"}],"curies":[{"name":"wp","href":"https:\/\/api.w.org\/{rel}","templated":true}]}}