{"id":33947,"date":"2023-08-16T17:51:34","date_gmt":"2023-08-16T20:51:34","guid":{"rendered":"https:\/\/radiorevelacionfm.cl\/?p=33947"},"modified":"2023-08-16T17:51:34","modified_gmt":"2023-08-16T20:51:34","slug":"vecinos-de-alto-manihuales-denuncian-abandono-por-parte-del-estado","status":"publish","type":"post","link":"https:\/\/radiorevelacionfm.cl\/?p=33947","title":{"rendered":"Vecinos de Alto Ma\u00f1ihuales denuncian abandono por parte del Estado"},"content":{"rendered":"<div class=\"flex_column av_one_full  flex_column_div av-zero-column-padding first  avia-builder-el-0  el_before_av_one_full  avia-builder-el-first  \" style='border-radius:0px; '><div  class='avia-image-container  av-styling-    avia-builder-el-1  avia-builder-el-no-sibling  avia-align-center '  itemprop=\"image\" itemscope=\"itemscope\" itemtype=\"https:\/\/schema.org\/ImageObject\"  ><div class='avia-image-container-inner'><div class='avia-image-overlay-wrap'><img decoding=\"async\" class='wp-image-33948 avia-img-lazy-loading-not-33948 avia_image' src=\"https:\/\/radiorevelacionfm.cl\/wp-content\/uploads\/2023\/08\/foto-alto-maNihuales-1_optimized-1.jpeg\" alt='' title='foto-alto-ma\u00d1ihuales-(1)_optimized (1)' height=\"600\" width=\"800\"  itemprop=\"thumbnailUrl\" srcset=\"https:\/\/radiorevelacionfm.cl\/wp-content\/uploads\/2023\/08\/foto-alto-maNihuales-1_optimized-1.jpeg 800w, https:\/\/radiorevelacionfm.cl\/wp-content\/uploads\/2023\/08\/foto-alto-maNihuales-1_optimized-1-300x225.jpeg 300w, https:\/\/radiorevelacionfm.cl\/wp-content\/uploads\/2023\/08\/foto-alto-maNihuales-1_optimized-1-768x576.jpeg 768w, https:\/\/radiorevelacionfm.cl\/wp-content\/uploads\/2023\/08\/foto-alto-maNihuales-1_optimized-1-705x529.jpeg 705w, https:\/\/radiorevelacionfm.cl\/wp-content\/uploads\/2023\/08\/foto-alto-maNihuales-1_optimized-1-450x338.jpeg 450w, https:\/\/radiorevelacionfm.cl\/wp-content\/uploads\/2023\/08\/foto-alto-maNihuales-1_optimized-1-600x450.jpeg 600w\" sizes=\"(max-width: 800px) 100vw, 800px\" \/><\/div><\/div><\/div><\/div><div class=\"flex_column av_one_full  flex_column_div av-zero-column-padding first  avia-builder-el-2  el_after_av_one_full  el_before_av_one_full  column-top-margin\" style='border-radius:0px; '><section class=\"av_textblock_section \"  itemscope=\"itemscope\" itemtype=\"https:\/\/schema.org\/BlogPosting\" itemprop=\"blogPost\" ><div class='avia_textblock  '   itemprop=\"text\" ><p style=\"text-align: center;\"><strong><span style=\"font-size: 18pt;\">Vecinos de Alto Ma\u00f1ihuales denuncian abandono por parte del Estado <\/span><\/strong><\/p>\n<div id=\"gtx-trans\" style=\"position: absolute; left: -50px; top: 4.31534px;\">\n<div class=\"gtx-trans-icon\"><\/div>\n<\/div>\n<\/div><\/section><\/div><div class=\"flex_column av_one_full  flex_column_div av-zero-column-padding first  avia-builder-el-4  el_after_av_one_full  el_before_av_hr  column-top-margin\" style='border-radius:0px; '><section class=\"av_textblock_section \"  itemscope=\"itemscope\" itemtype=\"https:\/\/schema.org\/BlogPosting\" itemprop=\"blogPost\" ><div class='avia_textblock  '   itemprop=\"text\" ><p style=\"font-weight: 400; text-align: justify;\">El diputado Miguel \u00c1ngel Calisto se traslad\u00f3 hasta Alto Ma\u00f1ihuales, instancia en la que pudo reunirse con vecinos y dirigentes del sector, quienes le plantearon su preocupaci\u00f3n por la mala conectividad y la falta de se\u00f1al de telefon\u00eda m\u00f3vil, entre otros temas, por lo que acusaron cierto abandono por parte de las instituciones del Estado.<\/p>\n<p style=\"font-weight: 400; text-align: justify;\">Seg\u00fan el diputado Calisto, \u201cnos reunimos con vecinos y dirigentes de Alto Ma\u00f1ihuales, quienes est\u00e1n haciendo patria en este sector tan alejado y que es parte de la comuna de Coyhaique. Vemos el abandono por parte de las instituciones del Estado. Hemos recabado distintas preocupaciones, las que tienen que ver principalmente con el estado de los caminos y la conectividad m\u00f3vil y digital\u201d.<\/p>\n<p style=\"font-weight: 400; text-align: justify;\">\u201cPasamos el aviso a la subsecretar\u00eda de comunicaciones, porque en este sector a\u00fan no se instala la antena que se hab\u00eda comprometido hace m\u00e1s de dos o tres a\u00f1os. Es fundamental que el Gobierno se aparezca, se haga presente con algo que es de primera necesidad en este minuto, especialmente cuando alguno de los pobladores se enferma y requiere traslado, no tienen c\u00f3mo comunicarse con los recintos hospitalarios\u201d.<\/p>\n<p style=\"font-weight: 400; text-align: justify;\">Calisto agreg\u00f3 que \u201ctambi\u00e9n hemos estado en contacto con el director de vialidad, para plantearle el tema de la conectividad. Hay algunos compromisos tambi\u00e9n por parte de la municipalidad, como as\u00ed tambi\u00e9n los paneles fotovoltaicos por parte del Gobierno Regional. Por lo tanto, tambi\u00e9n nos llevamos muchas tareas para comenzar a gestionar\u201d.<\/p>\n<p style=\"font-weight: 400; text-align: justify;\">Por su parte, Ana Santana, Presidenta de la Junta de Vecinos 23 de Alto Ma\u00f1ihuales, afirm\u00f3 que \u201cle planteamos al diputado varios puntos. Existe un abandono por parte del Estado, porque muchas veces nos hacen promesas ya hay varias incumplidas. Est\u00e1 el tema de la antena de telefon\u00eda, porque hace varios a\u00f1os insistimos con lo mismo, y a pesar que nos dicen que se va a concretar, siempre es lo mismo y seguimos esperando\u201d.<\/p>\n<p style=\"font-weight: 400; text-align: justify;\">La direigenta se\u00f1al\u00f3 que \u201clo mismo pasa con el tema de la electrificaci\u00f3n, porque no tenemos luz a\u00fan. Nosotros tambi\u00e9n somos chilenos, por lo que nos merecemos tener una mejor calidad de vida, por derecho propio. Creo que una mejor conectividad y tener acceso a telefon\u00eda es un derecho que pueden acceder todos los chilenos, pero que nosotros no tenemos\u201d.<\/p>\n<p style=\"font-weight: 400; text-align: justify;\">Ana Santana se\u00f1al\u00f3 que \u201ces bueno que vengan las autoridades, por eso le agradecemos al diputado, porque as\u00ed podemos canalizar todos estos temas. Con tantas promesas incumplidas, al final el proyecto se pierde. Ac\u00e1 tenemos que estar insistiendo con los caminos y no deber\u00edamos insistir tanto con vialidad, ellos debieran mantener siempre y uno debiera estar tranquilo\u201d.<\/p>\n<p style=\"font-weight: 400; text-align: justify;\"><strong>Luz el\u00e9ctrica<\/strong><\/p>\n<p style=\"font-weight: 400; text-align: justify;\">En su visita, el diputado se reuni\u00f3 adem\u00e1s con el comit\u00e9 de electrificaci\u00f3n El Colmillo. Seg\u00fan Mar\u00eda Mu\u00f1oz, secretaria del comit\u00e9, que abarca los sectores de Agua Fresca, Rinc\u00f3n de Los Toros, Alto Ma\u00f1ihuales y El Turbio, \u201cya llevamos como seis o siete a\u00f1os postulando, pero no hemos tenido mucho avance. Dicen que se est\u00e1 avanzando, que hay novedades, pero nosotros como dirigentes no hemos tenido ninguna informaci\u00f3n o respuesta concreta. Nosotros como vecinos necesitamos la luz\u201d.<\/p>\n<p style=\"font-weight: 400; text-align: justify;\">Ante esto el diputado Calisto se\u00f1al\u00f3 que \u201cqueremos acompa\u00f1ar las gestiones de este comit\u00e9, porque sabemos que este elemento es fundamental, porque estas familias hacen patria en rincones aislados de nuestra regi\u00f3n, y el Estado est\u00e1 ausente. Estamos haciendo gestiones con el Consejero Felipe Klein para garantizar que la luz el\u00e9ctrica llegue a estas localidades\u201d.<\/p>\n<p style=\"font-weight: 400; text-align: justify;\">Finalmente, el diputado Calisto se\u00f1al\u00f3 que \u201cen estos tiempos, donde hablamos de tantos progresos de la ciencia., aun tenemos pobladores en nuestra regi\u00f3n que no tienen cubiertos los servicios b\u00e1sicos, como la luz y el alcantarillado. Es fundamental que ac\u00e1 se haga presente el Estado, por lo que seremos intermediarios para ponerle el pie en el acelerador a este proyecto de electrificaci\u00f3n\u201d.<\/p>\n<\/div><\/section><\/div><div  style='height:50px' class='hr hr-invisible   avia-builder-el-6  el_after_av_one_full  el_before_av_social_share '><span class='hr-inner ' ><span class='hr-inner-style'><\/span><\/span><\/div><\/p>\n<div  class='av-social-sharing-box  avia-builder-el-7  el_after_av_hr  el_before_av_hr  '><div class='av-share-box'><h5 class='av-share-link-description av-no-toc '>Compartir esta noticia<\/h5><ul class='av-share-box-list noLightbox'><li class='av-share-link av-social-link-facebook' ><a target=\"_blank\" aria-label=\"Compartir en Facebook\" href='https:\/\/www.facebook.com\/sharer.php?u=https:\/\/radiorevelacionfm.cl\/?p=33947&#038;t=Vecinos%20de%20Alto%20Ma%C3%B1ihuales%20denuncian%20abandono%20por%20parte%20del%20Estado' aria-hidden='false' data-av_icon='\ue8f3' data-av_iconfont='entypo-fontello' title='' data-avia-related-tooltip='Compartir en Facebook' rel=\"noopener\"><span class='avia_hidden_link_text'>Compartir en Facebook<\/span><\/a><\/li><li class='av-share-link av-social-link-twitter' ><a target=\"_blank\" aria-label=\"Compartir en Twitter\" href='https:\/\/twitter.com\/share?text=Vecinos%20de%20Alto%20Ma%C3%B1ihuales%20denuncian%20abandono%20por%20parte%20del%20Estado&#038;url=https:\/\/radiorevelacionfm.cl\/?p=33947' aria-hidden='false' data-av_icon='\ue8f1' data-av_iconfont='entypo-fontello' title='' data-avia-related-tooltip='Compartir en Twitter' rel=\"noopener\"><span class='avia_hidden_link_text'>Compartir en Twitter<\/span><\/a><\/li><li class='av-share-link av-social-link-whatsapp' ><a target=\"_blank\" aria-label=\"Compartir en Whatsapp\" href='https:\/\/api.whatsapp.com\/send?text=https:\/\/radiorevelacionfm.cl\/?p=33947' aria-hidden='false' data-av_icon='\uf232' data-av_iconfont='entypo-fontello' title='' data-avia-related-tooltip='Compartir en Whatsapp' rel=\"noopener\"><span class='avia_hidden_link_text'>Compartir en Whatsapp<\/span><\/a><\/li><li class='av-share-link av-social-link-linkedin' ><a target=\"_blank\" aria-label=\"Compartir en LinkedIn\" href='https:\/\/linkedin.com\/shareArticle?mini=true&#038;title=Vecinos%20de%20Alto%20Ma%C3%B1ihuales%20denuncian%20abandono%20por%20parte%20del%20Estado&#038;url=https:\/\/radiorevelacionfm.cl\/?p=33947' aria-hidden='false' data-av_icon='\ue8fc' data-av_iconfont='entypo-fontello' title='' data-avia-related-tooltip='Compartir en LinkedIn' rel=\"noopener\"><span class='avia_hidden_link_text'>Compartir en LinkedIn<\/span><\/a><\/li><li class='av-share-link av-social-link-mail' ><a  aria-label=\"Compartir por correo\" href='mailto:?subject=Vecinos%20de%20Alto%20Ma%C3%B1ihuales%20denuncian%20abandono%20por%20parte%20del%20Estado&#038;body=https:\/\/radiorevelacionfm.cl\/?p=33947' aria-hidden='false' data-av_icon='\ue805' data-av_iconfont='entypo-fontello' title='' data-avia-related-tooltip='Compartir por correo'><span class='avia_hidden_link_text'>Compartir por correo<\/span><\/a><\/li><\/ul><\/div><\/div>\n<div  style='height:50px' class='hr hr-invisible   avia-builder-el-8  el_after_av_social_share  el_before_av_comments_list '><span class='hr-inner ' ><span class='hr-inner-style'><\/span><\/span><\/div>\n<div  class='av-buildercomment  av-blog-meta-html-info-disabled av-blog-meta-tag-disabled  '><\/div>\n","protected":false},"excerpt":{"rendered":"","protected":false},"author":1,"featured_media":33948,"comment_status":"open","ping_status":"open","sticky":false,"template":"","format":"standard","meta":{"footnotes":""},"categories":[38],"tags":[],"class_list":["post-33947","post","type-post","status-publish","format-standard","has-post-thumbnail","hentry","category-regional"],"jetpack_featured_media_url":"https:\/\/radiorevelacionfm.cl\/wp-content\/uploads\/2023\/08\/foto-alto-maNihuales-1_optimized-1.jpeg","_links":{"self":[{"href":"https:\/\/radiorevelacionfm.cl\/index.php?rest_route=\/wp\/v2\/posts\/33947","targetHints":{"allow":["GET"]}}],"collection":[{"href":"https:\/\/radiorevelacionfm.cl\/index.php?rest_route=\/wp\/v2\/posts"}],"about":[{"href":"https:\/\/radiorevelacionfm.cl\/index.php?rest_route=\/wp\/v2\/types\/post"}],"author":[{"embeddable":true,"href":"https:\/\/radiorevelacionfm.cl\/index.php?rest_route=\/wp\/v2\/users\/1"}],"replies":[{"embeddable":true,"href":"https:\/\/radiorevelacionfm.cl\/index.php?rest_route=%2Fwp%2Fv2%2Fcomments&post=33947"}],"version-history":[{"count":1,"href":"https:\/\/radiorevelacionfm.cl\/index.php?rest_route=\/wp\/v2\/posts\/33947\/revisions"}],"predecessor-version":[{"id":33949,"href":"https:\/\/radiorevelacionfm.cl\/index.php?rest_route=\/wp\/v2\/posts\/33947\/revisions\/33949"}],"wp:featuredmedia":[{"embeddable":true,"href":"https:\/\/radiorevelacionfm.cl\/index.php?rest_route=\/wp\/v2\/media\/33948"}],"wp:attachment":[{"href":"https:\/\/radiorevelacionfm.cl\/index.php?rest_route=%2Fwp%2Fv2%2Fmedia&parent=33947"}],"wp:term":[{"taxonomy":"category","embeddable":true,"href":"https:\/\/radiorevelacionfm.cl\/index.php?rest_route=%2Fwp%2Fv2%2Fcategories&post=33947"},{"taxonomy":"post_tag","embeddable":true,"href":"https:\/\/radiorevelacionfm.cl\/index.php?rest_route=%2Fwp%2Fv2%2Ftags&post=33947"}],"curies":[{"name":"wp","href":"https:\/\/api.w.org\/{rel}","templated":true}]}}