{"id":33942,"date":"2023-08-16T16:05:25","date_gmt":"2023-08-16T19:05:25","guid":{"rendered":"https:\/\/radiorevelacionfm.cl\/?p=33942"},"modified":"2023-08-16T16:05:25","modified_gmt":"2023-08-16T19:05:25","slug":"profesionales-de-salud-realizaron-programacion-de-trabajo-sectorial-para-el-2024","status":"publish","type":"post","link":"https:\/\/radiorevelacionfm.cl\/?p=33942","title":{"rendered":"Profesionales de Salud realizaron programaci\u00f3n de trabajo sectorial para el 2024"},"content":{"rendered":"<div class=\"flex_column av_one_full  flex_column_div av-zero-column-padding first  avia-builder-el-0  el_before_av_one_full  avia-builder-el-first  \" style='border-radius:0px; '><div  class='avia-image-container  av-styling-    avia-builder-el-1  avia-builder-el-no-sibling  avia-align-center '  itemprop=\"image\" itemscope=\"itemscope\" itemtype=\"https:\/\/schema.org\/ImageObject\"  ><div class='avia-image-container-inner'><div class='avia-image-overlay-wrap'><img decoding=\"async\" class='wp-image-33943 avia-img-lazy-loading-not-33943 avia_image' src=\"https:\/\/radiorevelacionfm.cl\/wp-content\/uploads\/2023\/08\/jornada-salud-1-1_optimized.jpg\" alt='' title='jornada-salud-1-(1)_optimized' height=\"600\" width=\"900\"  itemprop=\"thumbnailUrl\" srcset=\"https:\/\/radiorevelacionfm.cl\/wp-content\/uploads\/2023\/08\/jornada-salud-1-1_optimized.jpg 900w, https:\/\/radiorevelacionfm.cl\/wp-content\/uploads\/2023\/08\/jornada-salud-1-1_optimized-300x200.jpg 300w, https:\/\/radiorevelacionfm.cl\/wp-content\/uploads\/2023\/08\/jornada-salud-1-1_optimized-768x512.jpg 768w, https:\/\/radiorevelacionfm.cl\/wp-content\/uploads\/2023\/08\/jornada-salud-1-1_optimized-705x470.jpg 705w, https:\/\/radiorevelacionfm.cl\/wp-content\/uploads\/2023\/08\/jornada-salud-1-1_optimized-450x300.jpg 450w, https:\/\/radiorevelacionfm.cl\/wp-content\/uploads\/2023\/08\/jornada-salud-1-1_optimized-600x400.jpg 600w\" sizes=\"(max-width: 900px) 100vw, 900px\" \/><\/div><\/div><\/div><\/div><div class=\"flex_column av_one_full  flex_column_div av-zero-column-padding first  avia-builder-el-2  el_after_av_one_full  el_before_av_one_full  column-top-margin\" style='border-radius:0px; '><section class=\"av_textblock_section \"  itemscope=\"itemscope\" itemtype=\"https:\/\/schema.org\/BlogPosting\" itemprop=\"blogPost\" ><div class='avia_textblock  '   itemprop=\"text\" ><p style=\"text-align: center;\"><span style=\"font-size: 18pt;\"><strong>Profesionales de Salud realizaron programaci\u00f3n de trabajo sectorial para el 2024<\/strong><\/span><\/p>\n<div id=\"gtx-trans\" style=\"position: absolute; left: -50px; top: 4.31534px;\">\n<div class=\"gtx-trans-icon\"><\/div>\n<\/div>\n<\/div><\/section><\/div><div class=\"flex_column av_one_full  flex_column_div av-zero-column-padding first  avia-builder-el-4  el_after_av_one_full  el_before_av_hr  column-top-margin\" style='border-radius:0px; '><section class=\"av_textblock_section \"  itemscope=\"itemscope\" itemtype=\"https:\/\/schema.org\/BlogPosting\" itemprop=\"blogPost\" ><div class='avia_textblock  '   itemprop=\"text\" ><p style=\"text-align: justify;\">Con \u00e9nfasis en el fortalecimiento del trabajo intersectorial, la participaci\u00f3n social y una atenci\u00f3n centrada en las personas, lleg\u00f3 a t\u00e9rmino una jornada de trabajo de integraci\u00f3n desarrollada entre profesionales de la Seremi y del Servicio de Salud Ays\u00e9n, instancia que permiti\u00f3 a profesionales de diversos \u00e1mbitos coordinar los planes y programas de salud p\u00fablica con miras al pr\u00f3ximo a\u00f1o.<\/p>\n<p style=\"text-align: justify;\">Trabajo intersectorial de salud que fue destacado por el Doctor Franklin Fournier Duguet, quien es referente de la Estrategia de Cuidado Integral Centrado en las Personas (ECICEP del Servicio de Salud Ays\u00e9n).\u00a0 Me parece que son instancias fundamentales que van en una mejora del proceso de atenci\u00f3n a nuestra poblaci\u00f3n, si bien hace a\u00f1os a tras esto ya exist\u00eda, por distintas razones se hab\u00eda dejado de realizar y es necesario que existan coordinaciones entre los entes relacionados con salud, en beneficio de la comunidad y bajo lineamientos ministeriales\u201d.<\/p>\n<p style=\"text-align: justify;\">Similar opini\u00f3n fue la que entreg\u00f3 la Encargada del Programa de Infancia de la Seremi de Salud Ays\u00e9n, Angie Bichara Bustos.\u00a0 \u201cCreo que es fundamental tener estas pausas para analizar con datos, con conocimientos, con experiencia, lo que est\u00e1 pasando en nuestra regi\u00f3n con el tema de la salud, y a partir de toda la informaci\u00f3n recopilada, tomar acuerdos para mejorar este trabajo entre Seremi y Servicio en favor de la poblaci\u00f3n\u201d.<\/p>\n<p style=\"text-align: justify;\">As\u00ed mismo, la referente de Infancia y Chile Crece Contigo del Servicio de Salud, Alejandra Pacheco.\u00a0 \u201cConsidero super importante poder juntarnos, y saber en qu\u00e9 estamos cada uno de nosotros, donde el prop\u00f3sito en com\u00fan es el bienestar de la poblaci\u00f3n regional, de norte a sur, es super importante estar informado de todo lo que estamos avanzando en forma conjunta\u201d.<\/p>\n<p style=\"text-align: justify;\">Trabajo mancomunado que tambi\u00e9n fue valorado por la Jefa del Dpto de Salud P\u00fablica de la Seremi de Salud Ays\u00e9n, Silvia Delfin Cort\u00e9s. \u201cHace mucho tiempo que los equipos gestores, tanto de la Seremi como del Servicio no nos junt\u00e1bamos para planificar el trabajo mirando hacia la reforma de salud, para poder planificar de mejor manera actividades que vayan siendo coordinadas entre los distintos niveles de intervenci\u00f3n que tenemos en salud, tanto en promoci\u00f3n, prevenci\u00f3n, tratamiento y rehabilitaci\u00f3n\u201d.<\/p>\n<p style=\"text-align: justify;\">Finalmente, la Seremi Carmen Monsalve G\u00f3mez, resalt\u00f3 la importancia de desarrollar un trabajo mancomunado entre los entes de salud en favor de las familias ayseninas. \u201cEstamos convencidos de la necesidad de trabajar como un sector unido frente a objetivos comunes, donde el m\u00e1s importante es poder entregar una atenci\u00f3n a nuestros usuarios, poder dar respuesta a sus problemas de salud de manera oportuna e integral, y el objetivo de esta jornada fue poder discutir entorno a las estrategias que se est\u00e1n implementando, poder instalar un modelo de atenci\u00f3n centrada en las personas, y esto fue muy motivante porque tenemos las competencias, el conocimiento y el cari\u00f1os por la red para poder avanzar de manera m\u00e1s certera,\u201d puntualiz\u00f3 la autoridad.<\/p>\n<p style=\"text-align: justify;\">Dentro de los acuerdos establecidos se ha evidenciado seguir trabajando durante el resto del a\u00f1o en nuevas instancias para poder generar una planificaci\u00f3n del\u00a0sector enfocado en mejorar la salud de la poblaci\u00f3n y de las\u00a0necesidades de la ciudadan\u00eda, la cual debe representar las miradas y voces de aquellos que aportan d\u00eda a d\u00eda desde su quehacer en construir una mejor salud y una mejor regi\u00f3n para todos.<\/p>\n<p style=\"text-align: justify;\">Por medio de esta jornada, donde hubo presentaciones\u00a0y trabajos pr\u00e1cticos, se pudo reactivar un proceso de articulaci\u00f3n entre el Servicio y la Seremi de Salud, para establecer las bases de una programaci\u00f3n en conjunto, sobre diversos temas de Salud P\u00fablica.<\/p>\n<\/div><\/section><\/div><div  style='height:50px' class='hr hr-invisible   avia-builder-el-6  el_after_av_one_full  el_before_av_social_share '><span class='hr-inner ' ><span class='hr-inner-style'><\/span><\/span><\/div><\/p>\n<div  class='av-social-sharing-box  avia-builder-el-7  el_after_av_hr  el_before_av_hr  '><div class='av-share-box'><h5 class='av-share-link-description av-no-toc '>Compartir esta noticia<\/h5><ul class='av-share-box-list noLightbox'><li class='av-share-link av-social-link-facebook' ><a target=\"_blank\" aria-label=\"Compartir en Facebook\" href='https:\/\/www.facebook.com\/sharer.php?u=https:\/\/radiorevelacionfm.cl\/?p=33942&#038;t=Profesionales%20de%20Salud%20realizaron%20programaci%C3%B3n%20de%20trabajo%20sectorial%20para%20el%202024' aria-hidden='false' data-av_icon='\ue8f3' data-av_iconfont='entypo-fontello' title='' data-avia-related-tooltip='Compartir en Facebook' rel=\"noopener\"><span class='avia_hidden_link_text'>Compartir en Facebook<\/span><\/a><\/li><li class='av-share-link av-social-link-twitter' ><a target=\"_blank\" aria-label=\"Compartir en Twitter\" href='https:\/\/twitter.com\/share?text=Profesionales%20de%20Salud%20realizaron%20programaci%C3%B3n%20de%20trabajo%20sectorial%20para%20el%202024&#038;url=https:\/\/radiorevelacionfm.cl\/?p=33942' aria-hidden='false' data-av_icon='\ue8f1' data-av_iconfont='entypo-fontello' title='' data-avia-related-tooltip='Compartir en Twitter' rel=\"noopener\"><span class='avia_hidden_link_text'>Compartir en Twitter<\/span><\/a><\/li><li class='av-share-link av-social-link-whatsapp' ><a target=\"_blank\" aria-label=\"Compartir en Whatsapp\" href='https:\/\/api.whatsapp.com\/send?text=https:\/\/radiorevelacionfm.cl\/?p=33942' aria-hidden='false' data-av_icon='\uf232' data-av_iconfont='entypo-fontello' title='' data-avia-related-tooltip='Compartir en Whatsapp' rel=\"noopener\"><span class='avia_hidden_link_text'>Compartir en Whatsapp<\/span><\/a><\/li><li class='av-share-link av-social-link-linkedin' ><a target=\"_blank\" aria-label=\"Compartir en LinkedIn\" href='https:\/\/linkedin.com\/shareArticle?mini=true&#038;title=Profesionales%20de%20Salud%20realizaron%20programaci%C3%B3n%20de%20trabajo%20sectorial%20para%20el%202024&#038;url=https:\/\/radiorevelacionfm.cl\/?p=33942' aria-hidden='false' data-av_icon='\ue8fc' data-av_iconfont='entypo-fontello' title='' data-avia-related-tooltip='Compartir en LinkedIn' rel=\"noopener\"><span class='avia_hidden_link_text'>Compartir en LinkedIn<\/span><\/a><\/li><li class='av-share-link av-social-link-mail' ><a  aria-label=\"Compartir por correo\" href='mailto:?subject=Profesionales%20de%20Salud%20realizaron%20programaci%C3%B3n%20de%20trabajo%20sectorial%20para%20el%202024&#038;body=https:\/\/radiorevelacionfm.cl\/?p=33942' aria-hidden='false' data-av_icon='\ue805' data-av_iconfont='entypo-fontello' title='' data-avia-related-tooltip='Compartir por correo'><span class='avia_hidden_link_text'>Compartir por correo<\/span><\/a><\/li><\/ul><\/div><\/div>\n<div  style='height:50px' class='hr hr-invisible   avia-builder-el-8  el_after_av_social_share  el_before_av_comments_list '><span class='hr-inner ' ><span class='hr-inner-style'><\/span><\/span><\/div>\n<div  class='av-buildercomment  av-blog-meta-html-info-disabled av-blog-meta-tag-disabled  '><\/div>\n","protected":false},"excerpt":{"rendered":"","protected":false},"author":1,"featured_media":33943,"comment_status":"open","ping_status":"open","sticky":false,"template":"","format":"standard","meta":{"footnotes":""},"categories":[46],"tags":[],"class_list":["post-33942","post","type-post","status-publish","format-standard","has-post-thumbnail","hentry","category-salud"],"jetpack_featured_media_url":"https:\/\/radiorevelacionfm.cl\/wp-content\/uploads\/2023\/08\/jornada-salud-1-1_optimized.jpg","_links":{"self":[{"href":"https:\/\/radiorevelacionfm.cl\/index.php?rest_route=\/wp\/v2\/posts\/33942","targetHints":{"allow":["GET"]}}],"collection":[{"href":"https:\/\/radiorevelacionfm.cl\/index.php?rest_route=\/wp\/v2\/posts"}],"about":[{"href":"https:\/\/radiorevelacionfm.cl\/index.php?rest_route=\/wp\/v2\/types\/post"}],"author":[{"embeddable":true,"href":"https:\/\/radiorevelacionfm.cl\/index.php?rest_route=\/wp\/v2\/users\/1"}],"replies":[{"embeddable":true,"href":"https:\/\/radiorevelacionfm.cl\/index.php?rest_route=%2Fwp%2Fv2%2Fcomments&post=33942"}],"version-history":[{"count":1,"href":"https:\/\/radiorevelacionfm.cl\/index.php?rest_route=\/wp\/v2\/posts\/33942\/revisions"}],"predecessor-version":[{"id":33944,"href":"https:\/\/radiorevelacionfm.cl\/index.php?rest_route=\/wp\/v2\/posts\/33942\/revisions\/33944"}],"wp:featuredmedia":[{"embeddable":true,"href":"https:\/\/radiorevelacionfm.cl\/index.php?rest_route=\/wp\/v2\/media\/33943"}],"wp:attachment":[{"href":"https:\/\/radiorevelacionfm.cl\/index.php?rest_route=%2Fwp%2Fv2%2Fmedia&parent=33942"}],"wp:term":[{"taxonomy":"category","embeddable":true,"href":"https:\/\/radiorevelacionfm.cl\/index.php?rest_route=%2Fwp%2Fv2%2Fcategories&post=33942"},{"taxonomy":"post_tag","embeddable":true,"href":"https:\/\/radiorevelacionfm.cl\/index.php?rest_route=%2Fwp%2Fv2%2Ftags&post=33942"}],"curies":[{"name":"wp","href":"https:\/\/api.w.org\/{rel}","templated":true}]}}