{"id":3394,"date":"2021-04-22T15:53:01","date_gmt":"2021-04-22T18:53:01","guid":{"rendered":"https:\/\/radiorevelacionfm.cl\/?p=3394"},"modified":"2021-04-22T15:53:01","modified_gmt":"2021-04-22T18:53:01","slug":"dirigentas-de-43-comites-de-agua-potable-rural-se-capacitaran-sobre-tematicas-de-equidad-de-genero","status":"publish","type":"post","link":"https:\/\/radiorevelacionfm.cl\/?p=3394","title":{"rendered":"Dirigentas de 43 comit\u00e9s de agua potable rural se capacitar\u00e1n sobre tem\u00e1ticas de equidad de g\u00e9nero"},"content":{"rendered":"<div class=\"flex_column av_one_full  flex_column_div av-zero-column-padding first  avia-builder-el-0  el_before_av_one_full  avia-builder-el-first  \" style='border-radius:0px; '><div  class='avia-image-container  av-styling-    avia-builder-el-1  avia-builder-el-no-sibling  avia-align-center '  itemprop=\"image\" itemscope=\"itemscope\" itemtype=\"https:\/\/schema.org\/ImageObject\"  ><div class='avia-image-container-inner'><div class='avia-image-overlay-wrap'><img decoding=\"async\" class='wp-image-0 avia-img-lazy-loading-not-0 avia_image' src=\"https:\/\/radiorevelacionfm.cl\/wp-content\/uploads\/2021\/04\/convenio-sernameg-obras-hidraulicas-3_optimized-scaled.jpg\" alt='' title=''   itemprop=\"thumbnailUrl\"  \/><\/div><\/div><\/div><\/div>\n<div class=\"flex_column av_one_full  flex_column_div av-zero-column-padding first  avia-builder-el-2  el_after_av_one_full  el_before_av_one_full  column-top-margin\" style='border-radius:0px; '><section class=\"av_textblock_section \"  itemscope=\"itemscope\" itemtype=\"https:\/\/schema.org\/BlogPosting\" itemprop=\"blogPost\" ><div class='avia_textblock  '   itemprop=\"text\" ><p style=\"text-align: center;\"><strong><span style=\"font-size: 18pt;\">Dirigentas de 43 comit\u00e9s de agua potable rural se capacitar\u00e1n sobre tem\u00e1ticas de equidad de g\u00e9nero <\/span><\/strong><\/p>\n<div id=\"gtx-trans\" style=\"position: absolute; left: -50px; top: 4.31534px;\">\n<div class=\"gtx-trans-icon\"><\/div>\n<\/div>\n<\/div><\/section><\/div><div class=\"flex_column av_one_full  flex_column_div av-zero-column-padding first  avia-builder-el-4  el_after_av_one_full  el_before_av_hr  column-top-margin\" style='border-radius:0px; '><section class=\"av_textblock_section \"  itemscope=\"itemscope\" itemtype=\"https:\/\/schema.org\/BlogPosting\" itemprop=\"blogPost\" ><div class='avia_textblock  '   itemprop=\"text\" ><p style=\"text-align: justify;\">Para avanzar en la disminuci\u00f3n de las brechas de g\u00e9nero en el mundo rural, se realiz\u00f3 la firma de un convenio de colaboraci\u00f3n entre el Servicio Nacional de la Mujer y la Equidad de G\u00e9nero, SernamEG, y la Direcci\u00f3n de Obras Hidr\u00e1ulicas del Ministerio de Obras P\u00fablicas. En la actividad de car\u00e1cter presencial, que se realiz\u00f3 bajo estrictas medidas de seguridad sanitarias, participaron las autoridades regionales de ambas instituciones \u2013 Elizabeth Guti\u00e9rrez Eggers y Cristian Aguilar Cay\u00fan- y cont\u00f3 con la presencia del Seremi de Obras P\u00fablicas, N\u00e9stor Mera Mu\u00f1oz.<\/p>\n<p style=\"text-align: justify;\">Respecto al impacto que tendr\u00e1 el convenio en la regi\u00f3n de Ays\u00e9n, el Seremi de Obras P\u00fablicas, N\u00e9stor Mera Mu\u00f1oz, dijo: \u201cse fortalecer\u00e1n las capacitaciones en materia de equidad de g\u00e9nero a todas las mujeres que son parte de la red de directivas de agua potable rural que corresponden a 43 desde Melinka por el norte a Villa O\u00b4Higgins por el sur. La idea es empoderar a las mujeres en sus derechos, el Ministerio y SernamEG est\u00e1 trabajando fuertemente en dar a conocer las leyes que se han aprobado y tambi\u00e9n en generar una red de apoyo en caso de ser necesario. Nosotros como Ministerio de Obras P\u00fablicas estamos abiertos y contentos de poder apoyar esta importante labor que se realiza en la regi\u00f3n de Ays\u00e9n\u201d.<\/p>\n<p style=\"text-align: justify;\">Por su parte, la Directora Regional de SernamEG, Elizabeth Guti\u00e9rrez Eggers, explic\u00f3 que \u201cla pandemia nos ha llevado como Servicio a profundizar la b\u00fasqueda de otros caminos que nos permitan que m\u00e1s mujeres tengan acceso a los programas de SernamEG. Por tal motivo estamos muy satisfechas\/os de poder implementar este convenio nacional en la regi\u00f3n que nos permitir\u00e1 realizar talleres centrados en el programa de Prevenci\u00f3n en Violencia contra las Mujeres que apuntan a contribuir al rol preventivo de esta problem\u00e1tica sociocultural. Asimismo, siempre pensando en la autonom\u00eda en fortalecer la autonom\u00eda f\u00edsica de las mujeres, realizaremos talleres de difusi\u00f3n del Programa Mujer, Sexualidad y Maternidad\u201d.<\/p>\n<p style=\"text-align: justify;\">En tanto, el Director Regional de Obras Hidr\u00e1ulicas del MOP, Cristian Aguilar Cay\u00fan, detall\u00f3 los alcances del acuerdo explicando que a las capacitaciones anuales que realizan, se sumar\u00e1n los equipos de SernamEG. \u201cEste esfuerzo va a requerir una coordinaci\u00f3n permanente entre SernamEG y Obras Hidr\u00e1ulicas, lo que nos va a permitir estrechar lazos para llevar a cabo talleres que nosotros tengamos con las dirigencias o poder coordinar algunos talleres particulares, ya sea hacia el norte, centro o sur de la regi\u00f3n con los Comit\u00e9s de \u00a0agua potable rural\u201d, puntualiz\u00f3.<\/p>\n<p style=\"text-align: justify;\">Actualmente, la Direcci\u00f3n Nacional de Obras Hidr\u00e1ulicas del MOP capacita a trav\u00e9s de la Subdirecci\u00f3n de Servicios Sanitarios Rurales, a m\u00e1s de 8.000 dirigentas y dirigentes de Comit\u00e9s y Cooperativas de Agua Potable Rural que existen en el pa\u00eds, en materias de operaci\u00f3n y gesti\u00f3n de sus sistemas.<\/p>\n<\/div><\/section><\/div><\/p>\n<div  style='height:50px' class='hr hr-invisible   avia-builder-el-6  el_after_av_one_full  el_before_av_social_share '><span class='hr-inner ' ><span class='hr-inner-style'><\/span><\/span><\/div>\n<div  class='av-social-sharing-box  avia-builder-el-7  el_after_av_hr  el_before_av_hr  '><div class='av-share-box'><h5 class='av-share-link-description av-no-toc '>Compartir esta noticia<\/h5><ul class='av-share-box-list noLightbox'><li class='av-share-link av-social-link-facebook' ><a target=\"_blank\" aria-label=\"Compartir en Facebook\" href='https:\/\/www.facebook.com\/sharer.php?u=https:\/\/radiorevelacionfm.cl\/?p=3394&#038;t=Dirigentas%20de%2043%20comit%C3%A9s%20de%20agua%20potable%20rural%20se%20capacitar%C3%A1n%20sobre%20tem%C3%A1ticas%20de%20equidad%20de%20g%C3%A9nero' aria-hidden='false' data-av_icon='\ue8f3' data-av_iconfont='entypo-fontello' title='' data-avia-related-tooltip='Compartir en Facebook' rel=\"noopener\"><span class='avia_hidden_link_text'>Compartir en Facebook<\/span><\/a><\/li><li class='av-share-link av-social-link-twitter' ><a target=\"_blank\" aria-label=\"Compartir en Twitter\" href='https:\/\/twitter.com\/share?text=Dirigentas%20de%2043%20comit%C3%A9s%20de%20agua%20potable%20rural%20se%20capacitar%C3%A1n%20sobre%20tem%C3%A1ticas%20de%20equidad%20de%20g%C3%A9nero&#038;url=https:\/\/radiorevelacionfm.cl\/?p=3394' aria-hidden='false' data-av_icon='\ue8f1' data-av_iconfont='entypo-fontello' title='' data-avia-related-tooltip='Compartir en Twitter' rel=\"noopener\"><span class='avia_hidden_link_text'>Compartir en Twitter<\/span><\/a><\/li><li class='av-share-link av-social-link-whatsapp' ><a target=\"_blank\" aria-label=\"Compartir en Whatsapp\" href='https:\/\/api.whatsapp.com\/send?text=https:\/\/radiorevelacionfm.cl\/?p=3394' aria-hidden='false' data-av_icon='\uf232' data-av_iconfont='entypo-fontello' title='' data-avia-related-tooltip='Compartir en Whatsapp' rel=\"noopener\"><span class='avia_hidden_link_text'>Compartir en Whatsapp<\/span><\/a><\/li><li class='av-share-link av-social-link-linkedin' ><a target=\"_blank\" aria-label=\"Compartir en LinkedIn\" href='https:\/\/linkedin.com\/shareArticle?mini=true&#038;title=Dirigentas%20de%2043%20comit%C3%A9s%20de%20agua%20potable%20rural%20se%20capacitar%C3%A1n%20sobre%20tem%C3%A1ticas%20de%20equidad%20de%20g%C3%A9nero&#038;url=https:\/\/radiorevelacionfm.cl\/?p=3394' aria-hidden='false' data-av_icon='\ue8fc' data-av_iconfont='entypo-fontello' title='' data-avia-related-tooltip='Compartir en LinkedIn' rel=\"noopener\"><span class='avia_hidden_link_text'>Compartir en LinkedIn<\/span><\/a><\/li><li class='av-share-link av-social-link-mail' ><a  aria-label=\"Compartir por correo\" href='mailto:?subject=Dirigentas%20de%2043%20comit%C3%A9s%20de%20agua%20potable%20rural%20se%20capacitar%C3%A1n%20sobre%20tem%C3%A1ticas%20de%20equidad%20de%20g%C3%A9nero&#038;body=https:\/\/radiorevelacionfm.cl\/?p=3394' aria-hidden='false' data-av_icon='\ue805' data-av_iconfont='entypo-fontello' title='' data-avia-related-tooltip='Compartir por correo'><span class='avia_hidden_link_text'>Compartir por correo<\/span><\/a><\/li><\/ul><\/div><\/div>\n<div  style='height:50px' class='hr hr-invisible   avia-builder-el-8  el_after_av_social_share  el_before_av_comments_list '><span class='hr-inner ' ><span class='hr-inner-style'><\/span><\/span><\/div>\n<div  class='av-buildercomment  av-blog-meta-html-info-disabled av-blog-meta-tag-disabled  '><\/div>\n","protected":false},"excerpt":{"rendered":"","protected":false},"author":1,"featured_media":0,"comment_status":"open","ping_status":"open","sticky":false,"template":"","format":"standard","meta":{"footnotes":""},"categories":[38],"tags":[],"class_list":["post-3394","post","type-post","status-publish","format-standard","hentry","category-regional"],"jetpack_featured_media_url":"","_links":{"self":[{"href":"https:\/\/radiorevelacionfm.cl\/index.php?rest_route=\/wp\/v2\/posts\/3394","targetHints":{"allow":["GET"]}}],"collection":[{"href":"https:\/\/radiorevelacionfm.cl\/index.php?rest_route=\/wp\/v2\/posts"}],"about":[{"href":"https:\/\/radiorevelacionfm.cl\/index.php?rest_route=\/wp\/v2\/types\/post"}],"author":[{"embeddable":true,"href":"https:\/\/radiorevelacionfm.cl\/index.php?rest_route=\/wp\/v2\/users\/1"}],"replies":[{"embeddable":true,"href":"https:\/\/radiorevelacionfm.cl\/index.php?rest_route=%2Fwp%2Fv2%2Fcomments&post=3394"}],"version-history":[{"count":2,"href":"https:\/\/radiorevelacionfm.cl\/index.php?rest_route=\/wp\/v2\/posts\/3394\/revisions"}],"predecessor-version":[{"id":3398,"href":"https:\/\/radiorevelacionfm.cl\/index.php?rest_route=\/wp\/v2\/posts\/3394\/revisions\/3398"}],"wp:attachment":[{"href":"https:\/\/radiorevelacionfm.cl\/index.php?rest_route=%2Fwp%2Fv2%2Fmedia&parent=3394"}],"wp:term":[{"taxonomy":"category","embeddable":true,"href":"https:\/\/radiorevelacionfm.cl\/index.php?rest_route=%2Fwp%2Fv2%2Fcategories&post=3394"},{"taxonomy":"post_tag","embeddable":true,"href":"https:\/\/radiorevelacionfm.cl\/index.php?rest_route=%2Fwp%2Fv2%2Ftags&post=3394"}],"curies":[{"name":"wp","href":"https:\/\/api.w.org\/{rel}","templated":true}]}}