{"id":33939,"date":"2023-08-16T13:07:09","date_gmt":"2023-08-16T16:07:09","guid":{"rendered":"https:\/\/radiorevelacionfm.cl\/?p=33939"},"modified":"2023-08-16T13:07:09","modified_gmt":"2023-08-16T16:07:09","slug":"iv-division-de-ejercito-conmemorara-el-245-aniversario-del-natalicio-de-bernardo-ohiggins","status":"publish","type":"post","link":"https:\/\/radiorevelacionfm.cl\/?p=33939","title":{"rendered":"IV Divisi\u00f3n de Ej\u00e9rcito conmemorar\u00e1 el 245\u00b0 Aniversario del Natalicio de Bernardo O\u00b4Higgins"},"content":{"rendered":"<div class=\"flex_column av_one_full  flex_column_div av-zero-column-padding first  avia-builder-el-0  el_before_av_one_full  avia-builder-el-first  \" style='border-radius:0px; '><div  class='avia-image-container  av-styling-    avia-builder-el-1  avia-builder-el-no-sibling  avia-align-center '  itemprop=\"image\" itemscope=\"itemscope\" itemtype=\"https:\/\/schema.org\/ImageObject\"  ><div class='avia-image-container-inner'><div class='avia-image-overlay-wrap'><img decoding=\"async\" class='wp-image-33940 avia-img-lazy-loading-not-33940 avia_image' src=\"https:\/\/radiorevelacionfm.cl\/wp-content\/uploads\/2023\/08\/foto2-10_optimized.jpg\" alt='' title='foto2-(10)_optimized' height=\"607\" width=\"1189\"  itemprop=\"thumbnailUrl\" srcset=\"https:\/\/radiorevelacionfm.cl\/wp-content\/uploads\/2023\/08\/foto2-10_optimized.jpg 1189w, https:\/\/radiorevelacionfm.cl\/wp-content\/uploads\/2023\/08\/foto2-10_optimized-300x153.jpg 300w, https:\/\/radiorevelacionfm.cl\/wp-content\/uploads\/2023\/08\/foto2-10_optimized-1030x526.jpg 1030w, https:\/\/radiorevelacionfm.cl\/wp-content\/uploads\/2023\/08\/foto2-10_optimized-768x392.jpg 768w, https:\/\/radiorevelacionfm.cl\/wp-content\/uploads\/2023\/08\/foto2-10_optimized-705x360.jpg 705w, https:\/\/radiorevelacionfm.cl\/wp-content\/uploads\/2023\/08\/foto2-10_optimized-450x230.jpg 450w, https:\/\/radiorevelacionfm.cl\/wp-content\/uploads\/2023\/08\/foto2-10_optimized-600x306.jpg 600w\" sizes=\"(max-width: 1189px) 100vw, 1189px\" \/><\/div><\/div><\/div><\/div><div class=\"flex_column av_one_full  flex_column_div av-zero-column-padding first  avia-builder-el-2  el_after_av_one_full  el_before_av_one_full  column-top-margin\" style='border-radius:0px; '><section class=\"av_textblock_section \"  itemscope=\"itemscope\" itemtype=\"https:\/\/schema.org\/BlogPosting\" itemprop=\"blogPost\" ><div class='avia_textblock  '   itemprop=\"text\" ><p style=\"text-align: center;\"><strong><span style=\"font-size: 18pt;\">IV Divisi\u00f3n de Ej\u00e9rcito conmemorar\u00e1 el 245\u00b0 Aniversario del Natalicio de Bernardo O\u00b4Higgins <\/span><\/strong><\/p>\n<div id=\"gtx-trans\" style=\"position: absolute; left: -50px; top: 4.31534px;\">\n<div class=\"gtx-trans-icon\"><\/div>\n<\/div>\n<\/div><\/section><\/div><div class=\"flex_column av_one_full  flex_column_div av-zero-column-padding first  avia-builder-el-4  el_after_av_one_full  el_before_av_hr  column-top-margin\" style='border-radius:0px; '><section class=\"av_textblock_section \"  itemscope=\"itemscope\" itemtype=\"https:\/\/schema.org\/BlogPosting\" itemprop=\"blogPost\" ><div class='avia_textblock  '   itemprop=\"text\" ><p style=\"text-align: justify;\">Este domingo \u00a020 de agosto, a las 11:00 hrs., en\u00a0 la plaza de armas de Coyhaique\u00a0 y de la ciudad de Cochrane se conmemorar\u00e1 con una ceremonia c\u00edvico -militar, el ducent\u00e9simo cuadrag\u00e9simo quinto aniversario del natalicio del padre de la patria, Bernardo O\u00b4Higgins Riquelme.<\/p>\n<p style=\"text-align: justify;\">La actividad la cual contar\u00e1 con la presencia de autoridades civiles y militares, tiene contemplado la entrega de ofrendas florales en el busto del pr\u00f3cer, una muestra de baile folcl\u00f3rico a cargo de la Escuela Baquedano y cerrando con el tradicional desfile.<\/p>\n<p style=\"text-align: justify;\">El Capit\u00e1n General Bernardo O\u00b4Higgins Riquelme es considerado uno de los padres de la patria, h\u00e9roe de la Independencia de Chile, miembro y presidente de la Junta de Gobierno en 1811, dentro de sus importante obras est\u00e1n la creaci\u00f3n de la Biblioteca Nacional, el Cementerio General, la construcci\u00f3n de escuelas primarias, la creaci\u00f3n de la Escuela Militar, la abolici\u00f3n de los t\u00edtulos nobles, entre otras.<\/p>\n<p style=\"text-align: justify;\">Se invita a la comunidad a participar de este importante acto c\u00edvico- militar.<\/p>\n<\/div><\/section><\/div><div  style='height:50px' class='hr hr-invisible   avia-builder-el-6  el_after_av_one_full  el_before_av_social_share '><span class='hr-inner ' ><span class='hr-inner-style'><\/span><\/span><\/div><\/p>\n<div  class='av-social-sharing-box  avia-builder-el-7  el_after_av_hr  el_before_av_hr  '><div class='av-share-box'><h5 class='av-share-link-description av-no-toc '>Compartir esta noticia<\/h5><ul class='av-share-box-list noLightbox'><li class='av-share-link av-social-link-facebook' ><a target=\"_blank\" aria-label=\"Compartir en Facebook\" href='https:\/\/www.facebook.com\/sharer.php?u=https:\/\/radiorevelacionfm.cl\/?p=33939&#038;t=IV%20Divisi%C3%B3n%20de%20Ej%C3%A9rcito%20conmemorar%C3%A1%20el%20245%C2%B0%20Aniversario%20del%20Natalicio%20de%20Bernardo%20O%C2%B4Higgins' aria-hidden='false' data-av_icon='\ue8f3' data-av_iconfont='entypo-fontello' title='' data-avia-related-tooltip='Compartir en Facebook' rel=\"noopener\"><span class='avia_hidden_link_text'>Compartir en Facebook<\/span><\/a><\/li><li class='av-share-link av-social-link-twitter' ><a target=\"_blank\" aria-label=\"Compartir en Twitter\" href='https:\/\/twitter.com\/share?text=IV%20Divisi%C3%B3n%20de%20Ej%C3%A9rcito%20conmemorar%C3%A1%20el%20245%C2%B0%20Aniversario%20del%20Natalicio%20de%20Bernardo%20O%C2%B4Higgins&#038;url=https:\/\/radiorevelacionfm.cl\/?p=33939' aria-hidden='false' data-av_icon='\ue8f1' data-av_iconfont='entypo-fontello' title='' data-avia-related-tooltip='Compartir en Twitter' rel=\"noopener\"><span class='avia_hidden_link_text'>Compartir en Twitter<\/span><\/a><\/li><li class='av-share-link av-social-link-whatsapp' ><a target=\"_blank\" aria-label=\"Compartir en Whatsapp\" href='https:\/\/api.whatsapp.com\/send?text=https:\/\/radiorevelacionfm.cl\/?p=33939' aria-hidden='false' data-av_icon='\uf232' data-av_iconfont='entypo-fontello' title='' data-avia-related-tooltip='Compartir en Whatsapp' rel=\"noopener\"><span class='avia_hidden_link_text'>Compartir en Whatsapp<\/span><\/a><\/li><li class='av-share-link av-social-link-linkedin' ><a target=\"_blank\" aria-label=\"Compartir en LinkedIn\" href='https:\/\/linkedin.com\/shareArticle?mini=true&#038;title=IV%20Divisi%C3%B3n%20de%20Ej%C3%A9rcito%20conmemorar%C3%A1%20el%20245%C2%B0%20Aniversario%20del%20Natalicio%20de%20Bernardo%20O%C2%B4Higgins&#038;url=https:\/\/radiorevelacionfm.cl\/?p=33939' aria-hidden='false' data-av_icon='\ue8fc' data-av_iconfont='entypo-fontello' title='' data-avia-related-tooltip='Compartir en LinkedIn' rel=\"noopener\"><span class='avia_hidden_link_text'>Compartir en LinkedIn<\/span><\/a><\/li><li class='av-share-link av-social-link-mail' ><a  aria-label=\"Compartir por correo\" href='mailto:?subject=IV%20Divisi%C3%B3n%20de%20Ej%C3%A9rcito%20conmemorar%C3%A1%20el%20245%C2%B0%20Aniversario%20del%20Natalicio%20de%20Bernardo%20O%C2%B4Higgins&#038;body=https:\/\/radiorevelacionfm.cl\/?p=33939' aria-hidden='false' data-av_icon='\ue805' data-av_iconfont='entypo-fontello' title='' data-avia-related-tooltip='Compartir por correo'><span class='avia_hidden_link_text'>Compartir por correo<\/span><\/a><\/li><\/ul><\/div><\/div>\n<div  style='height:50px' class='hr hr-invisible   avia-builder-el-8  el_after_av_social_share  el_before_av_comments_list '><span class='hr-inner ' ><span class='hr-inner-style'><\/span><\/span><\/div>\n<div  class='av-buildercomment  av-blog-meta-html-info-disabled av-blog-meta-tag-disabled  '><\/div>\n","protected":false},"excerpt":{"rendered":"","protected":false},"author":1,"featured_media":33940,"comment_status":"open","ping_status":"open","sticky":false,"template":"","format":"standard","meta":{"footnotes":""},"categories":[38],"tags":[],"class_list":["post-33939","post","type-post","status-publish","format-standard","has-post-thumbnail","hentry","category-regional"],"jetpack_featured_media_url":"https:\/\/radiorevelacionfm.cl\/wp-content\/uploads\/2023\/08\/foto2-10_optimized.jpg","_links":{"self":[{"href":"https:\/\/radiorevelacionfm.cl\/index.php?rest_route=\/wp\/v2\/posts\/33939","targetHints":{"allow":["GET"]}}],"collection":[{"href":"https:\/\/radiorevelacionfm.cl\/index.php?rest_route=\/wp\/v2\/posts"}],"about":[{"href":"https:\/\/radiorevelacionfm.cl\/index.php?rest_route=\/wp\/v2\/types\/post"}],"author":[{"embeddable":true,"href":"https:\/\/radiorevelacionfm.cl\/index.php?rest_route=\/wp\/v2\/users\/1"}],"replies":[{"embeddable":true,"href":"https:\/\/radiorevelacionfm.cl\/index.php?rest_route=%2Fwp%2Fv2%2Fcomments&post=33939"}],"version-history":[{"count":1,"href":"https:\/\/radiorevelacionfm.cl\/index.php?rest_route=\/wp\/v2\/posts\/33939\/revisions"}],"predecessor-version":[{"id":33941,"href":"https:\/\/radiorevelacionfm.cl\/index.php?rest_route=\/wp\/v2\/posts\/33939\/revisions\/33941"}],"wp:featuredmedia":[{"embeddable":true,"href":"https:\/\/radiorevelacionfm.cl\/index.php?rest_route=\/wp\/v2\/media\/33940"}],"wp:attachment":[{"href":"https:\/\/radiorevelacionfm.cl\/index.php?rest_route=%2Fwp%2Fv2%2Fmedia&parent=33939"}],"wp:term":[{"taxonomy":"category","embeddable":true,"href":"https:\/\/radiorevelacionfm.cl\/index.php?rest_route=%2Fwp%2Fv2%2Fcategories&post=33939"},{"taxonomy":"post_tag","embeddable":true,"href":"https:\/\/radiorevelacionfm.cl\/index.php?rest_route=%2Fwp%2Fv2%2Ftags&post=33939"}],"curies":[{"name":"wp","href":"https:\/\/api.w.org\/{rel}","templated":true}]}}