{"id":33936,"date":"2023-08-16T19:04:32","date_gmt":"2023-08-16T22:04:32","guid":{"rendered":"https:\/\/radiorevelacionfm.cl\/?p=33936"},"modified":"2023-08-16T19:04:32","modified_gmt":"2023-08-16T22:04:32","slug":"refuerzan-campana-de-invierno-y-entrega-de-recomendaciones-para-la-proteccion-de-las-instalaciones-domiciliarias","status":"publish","type":"post","link":"https:\/\/radiorevelacionfm.cl\/?p=33936","title":{"rendered":"Refuerzan campa\u00f1a de invierno y entrega de recomendaciones para la protecci\u00f3n de las instalaciones domiciliarias"},"content":{"rendered":"<div class=\"flex_column av_one_full  flex_column_div av-zero-column-padding first  avia-builder-el-0  el_before_av_one_full  avia-builder-el-first  \" style='border-radius:0px; '><div  class='avia-image-container  av-styling-    avia-builder-el-1  avia-builder-el-no-sibling  avia-align-center '  itemprop=\"image\" itemscope=\"itemscope\" itemtype=\"https:\/\/schema.org\/ImageObject\"  ><div class='avia-image-container-inner'><div class='avia-image-overlay-wrap'><img decoding=\"async\" class='wp-image-33937 avia-img-lazy-loading-not-33937 avia_image' src=\"https:\/\/radiorevelacionfm.cl\/wp-content\/uploads\/2023\/08\/llave-congelada-1_optimized.jpg\" alt='' title='llave-congelada-(1)_optimized' height=\"600\" width=\"1067\"  itemprop=\"thumbnailUrl\" srcset=\"https:\/\/radiorevelacionfm.cl\/wp-content\/uploads\/2023\/08\/llave-congelada-1_optimized.jpg 1067w, https:\/\/radiorevelacionfm.cl\/wp-content\/uploads\/2023\/08\/llave-congelada-1_optimized-300x169.jpg 300w, https:\/\/radiorevelacionfm.cl\/wp-content\/uploads\/2023\/08\/llave-congelada-1_optimized-1030x579.jpg 1030w, https:\/\/radiorevelacionfm.cl\/wp-content\/uploads\/2023\/08\/llave-congelada-1_optimized-768x432.jpg 768w, https:\/\/radiorevelacionfm.cl\/wp-content\/uploads\/2023\/08\/llave-congelada-1_optimized-705x396.jpg 705w, https:\/\/radiorevelacionfm.cl\/wp-content\/uploads\/2023\/08\/llave-congelada-1_optimized-450x253.jpg 450w, https:\/\/radiorevelacionfm.cl\/wp-content\/uploads\/2023\/08\/llave-congelada-1_optimized-600x337.jpg 600w\" sizes=\"(max-width: 1067px) 100vw, 1067px\" \/><\/div><\/div><\/div><\/div><div class=\"flex_column av_one_full  flex_column_div av-zero-column-padding first  avia-builder-el-2  el_after_av_one_full  el_before_av_one_full  column-top-margin\" style='border-radius:0px; '><section class=\"av_textblock_section \"  itemscope=\"itemscope\" itemtype=\"https:\/\/schema.org\/BlogPosting\" itemprop=\"blogPost\" ><div class='avia_textblock  '   itemprop=\"text\" ><p style=\"text-align: center;\"><strong><span style=\"font-size: 18pt;\">Refuerzan campa\u00f1a de invierno y entrega de recomendaciones para la protecci\u00f3n de instalaciones domiciliarias<\/span><\/strong><\/p>\n<div id=\"gtx-trans\" style=\"position: absolute; left: -50px; top: 4.31534px;\">\n<div class=\"gtx-trans-icon\"><\/div>\n<\/div>\n<\/div><\/section><\/div><div class=\"flex_column av_one_full  flex_column_div av-zero-column-padding first  avia-builder-el-4  el_after_av_one_full  el_before_av_hr  column-top-margin\" style='border-radius:0px; '><section class=\"av_textblock_section \"  itemscope=\"itemscope\" itemtype=\"https:\/\/schema.org\/BlogPosting\" itemprop=\"blogPost\" ><div class='avia_textblock  '   itemprop=\"text\" ><p style=\"text-align: justify;\">Claudio Sanhueza, Gerente de Asuntos Corporativos de la Empresa destac\u00f3 la importancia de la campa\u00f1a de invierno para los clientes, la cual se viene desarrollando desde a\u00f1os, se\u00f1alando que antes, en los inviernos m\u00e1s crudos, se tocaba la sirena de bomberos alertando la llegada de escarchas, y que actualmente es posible recibir a trav\u00e9s de canales de informaci\u00f3n, redes sociales y medios de comunicaci\u00f3n las recomendaciones y pron\u00f3sticos que permiten anticiparse ante condiciones clim\u00e1ticas adversas.<\/p>\n<p style=\"text-align: justify;\">En esta temporada de invierno, es fundamental que los clientes tomen precauciones para evitar problemas relacionados con la congelaci\u00f3n de medidores y tuber\u00edas. Para ayudar a los clientes a proteger sus instalaciones, Aguas Patagonia brinda las siguientes recomendaciones:<\/p>\n<p style=\"text-align: justify;\"><strong>Protege el medidor:<\/strong> Utiliza un nicho y una tapa que cuenten con un material aislante adecuado, como poliestireno (plumavit) entero o trozado. Esto ayudar\u00e1 a evitar que el medidor se congele y garantizar\u00e1 su correcto funcionamiento, adem\u00e1s de retirar del interior del nicho cualquier elemento que no corresponda a su utilizaci\u00f3n como basura, le\u00f1a, manguera, entre otros manteniendo limpio y despejado.<\/p>\n<p style=\"text-align: justify;\"><strong>A\u00edsla las ca\u00f1er\u00edas y conexiones expuestas:<\/strong> Utiliza material aislante, como fundas de poliestireno (plumavit) o medias ca\u00f1as aislantes, para proteger las ca\u00f1er\u00edas y las conexiones que se encuentren al aire libre. Esto ayudar\u00e1 a prevenir el congelamiento y posibles rupturas, en ning\u00fan caso utilizar lana de vidrio dado que este material acumula humedad y se congela.<\/p>\n<p style=\"text-align: justify;\"><strong>No viertas agua caliente al medidor:<\/strong> Verter agua caliente al medidor puede causar da\u00f1os graves, como su ruptura o el deterioro del sistema de medici\u00f3n. Nunca desarrolles esta pr\u00e1ctica ya que puede destruir el medidor, tampoco practiques la utilizaci\u00f3n de secador de pelo o soplete por la alta temperatura que generan estos elementos.<\/p>\n<p style=\"text-align: justify;\"><strong>No cubrir con ropa ni frazadas:<\/strong> Al colocar dentro del nicho del medidor ropa, frazadas o lana de vidrio estas se mojan y luego desarrollan congelamiento de la prenda por lo cual generan un efecto contrario al deseado.<\/p>\n<p style=\"text-align: justify;\"><strong>Llave de jard\u00edn:<\/strong> Si tienes una manguera conectada a la llave de jard\u00edn la recomendaci\u00f3n es desconectarla en esta temporada, dado que es una conexi\u00f3n expuesta e ingresar\u00e1 hacia el interior fr\u00edo y\/o posterior congelamiento.<\/p>\n<p style=\"text-align: justify;\">En caso de experimentar problemas de suministro de agua durante el invierno, el llamado es que los clientes se comuniquen de inmediato con nuestro fono de atenci\u00f3n al cliente 672-215555, personal autorizado estar\u00e1 disponible para brindar asistencia y solucionar cualquier inconveniente con \u00edndole de emergencia.<\/p>\n<p style=\"text-align: justify;\">Cabe se\u00f1alar que toda la informaci\u00f3n detallada sobre la campa\u00f1a de invierno de Aguas Patagonia, as\u00ed como consejos y recomendaciones adicionales, se encuentra disponible en la p\u00e1gina web oficial, <a href=\"http:\/\/www.aguaspatagonia.cl\/invierno\">www.aguaspatagonia.cl\/invierno<\/a>. Tambi\u00e9n se est\u00e1 proporcionando informaci\u00f3n \u00fatil a trav\u00e9s de las redes sociales en Twitter (@aguaspatagonia), Facebook (@aguaspatagonia) e Instagram (@aguas_patagonia).<\/p>\n<\/div><\/section><\/div><div  style='height:50px' class='hr hr-invisible   avia-builder-el-6  el_after_av_one_full  el_before_av_social_share '><span class='hr-inner ' ><span class='hr-inner-style'><\/span><\/span><\/div><\/p>\n<div  class='av-social-sharing-box  avia-builder-el-7  el_after_av_hr  el_before_av_hr  '><div class='av-share-box'><h5 class='av-share-link-description av-no-toc '>Compartir esta noticia<\/h5><ul class='av-share-box-list noLightbox'><li class='av-share-link av-social-link-facebook' ><a target=\"_blank\" aria-label=\"Compartir en Facebook\" href='https:\/\/www.facebook.com\/sharer.php?u=https:\/\/radiorevelacionfm.cl\/?p=33936&#038;t=Refuerzan%20campa%C3%B1a%20de%20invierno%20y%20entrega%20de%20recomendaciones%20para%20la%20protecci%C3%B3n%20de%20las%20instalaciones%20domiciliarias' aria-hidden='false' data-av_icon='\ue8f3' data-av_iconfont='entypo-fontello' title='' data-avia-related-tooltip='Compartir en Facebook' rel=\"noopener\"><span class='avia_hidden_link_text'>Compartir en Facebook<\/span><\/a><\/li><li class='av-share-link av-social-link-twitter' ><a target=\"_blank\" aria-label=\"Compartir en Twitter\" href='https:\/\/twitter.com\/share?text=Refuerzan%20campa%C3%B1a%20de%20invierno%20y%20entrega%20de%20recomendaciones%20para%20la%20protecci%C3%B3n%20de%20las%20instalaciones%20domiciliarias&#038;url=https:\/\/radiorevelacionfm.cl\/?p=33936' aria-hidden='false' data-av_icon='\ue8f1' data-av_iconfont='entypo-fontello' title='' data-avia-related-tooltip='Compartir en Twitter' rel=\"noopener\"><span class='avia_hidden_link_text'>Compartir en Twitter<\/span><\/a><\/li><li class='av-share-link av-social-link-whatsapp' ><a target=\"_blank\" aria-label=\"Compartir en Whatsapp\" href='https:\/\/api.whatsapp.com\/send?text=https:\/\/radiorevelacionfm.cl\/?p=33936' aria-hidden='false' data-av_icon='\uf232' data-av_iconfont='entypo-fontello' title='' data-avia-related-tooltip='Compartir en Whatsapp' rel=\"noopener\"><span class='avia_hidden_link_text'>Compartir en Whatsapp<\/span><\/a><\/li><li class='av-share-link av-social-link-linkedin' ><a target=\"_blank\" aria-label=\"Compartir en LinkedIn\" href='https:\/\/linkedin.com\/shareArticle?mini=true&#038;title=Refuerzan%20campa%C3%B1a%20de%20invierno%20y%20entrega%20de%20recomendaciones%20para%20la%20protecci%C3%B3n%20de%20las%20instalaciones%20domiciliarias&#038;url=https:\/\/radiorevelacionfm.cl\/?p=33936' aria-hidden='false' data-av_icon='\ue8fc' data-av_iconfont='entypo-fontello' title='' data-avia-related-tooltip='Compartir en LinkedIn' rel=\"noopener\"><span class='avia_hidden_link_text'>Compartir en LinkedIn<\/span><\/a><\/li><li class='av-share-link av-social-link-mail' ><a  aria-label=\"Compartir por correo\" href='mailto:?subject=Refuerzan%20campa%C3%B1a%20de%20invierno%20y%20entrega%20de%20recomendaciones%20para%20la%20protecci%C3%B3n%20de%20las%20instalaciones%20domiciliarias&#038;body=https:\/\/radiorevelacionfm.cl\/?p=33936' aria-hidden='false' data-av_icon='\ue805' data-av_iconfont='entypo-fontello' title='' data-avia-related-tooltip='Compartir por correo'><span class='avia_hidden_link_text'>Compartir por correo<\/span><\/a><\/li><\/ul><\/div><\/div>\n<div  style='height:50px' class='hr hr-invisible   avia-builder-el-8  el_after_av_social_share  el_before_av_comments_list '><span class='hr-inner ' ><span class='hr-inner-style'><\/span><\/span><\/div>\n<div  class='av-buildercomment  av-blog-meta-html-info-disabled av-blog-meta-tag-disabled  '><\/div>\n","protected":false},"excerpt":{"rendered":"","protected":false},"author":1,"featured_media":33937,"comment_status":"open","ping_status":"open","sticky":false,"template":"","format":"standard","meta":{"footnotes":""},"categories":[38],"tags":[],"class_list":["post-33936","post","type-post","status-publish","format-standard","has-post-thumbnail","hentry","category-regional"],"jetpack_featured_media_url":"https:\/\/radiorevelacionfm.cl\/wp-content\/uploads\/2023\/08\/llave-congelada-1_optimized.jpg","_links":{"self":[{"href":"https:\/\/radiorevelacionfm.cl\/index.php?rest_route=\/wp\/v2\/posts\/33936","targetHints":{"allow":["GET"]}}],"collection":[{"href":"https:\/\/radiorevelacionfm.cl\/index.php?rest_route=\/wp\/v2\/posts"}],"about":[{"href":"https:\/\/radiorevelacionfm.cl\/index.php?rest_route=\/wp\/v2\/types\/post"}],"author":[{"embeddable":true,"href":"https:\/\/radiorevelacionfm.cl\/index.php?rest_route=\/wp\/v2\/users\/1"}],"replies":[{"embeddable":true,"href":"https:\/\/radiorevelacionfm.cl\/index.php?rest_route=%2Fwp%2Fv2%2Fcomments&post=33936"}],"version-history":[{"count":1,"href":"https:\/\/radiorevelacionfm.cl\/index.php?rest_route=\/wp\/v2\/posts\/33936\/revisions"}],"predecessor-version":[{"id":33938,"href":"https:\/\/radiorevelacionfm.cl\/index.php?rest_route=\/wp\/v2\/posts\/33936\/revisions\/33938"}],"wp:featuredmedia":[{"embeddable":true,"href":"https:\/\/radiorevelacionfm.cl\/index.php?rest_route=\/wp\/v2\/media\/33937"}],"wp:attachment":[{"href":"https:\/\/radiorevelacionfm.cl\/index.php?rest_route=%2Fwp%2Fv2%2Fmedia&parent=33936"}],"wp:term":[{"taxonomy":"category","embeddable":true,"href":"https:\/\/radiorevelacionfm.cl\/index.php?rest_route=%2Fwp%2Fv2%2Fcategories&post=33936"},{"taxonomy":"post_tag","embeddable":true,"href":"https:\/\/radiorevelacionfm.cl\/index.php?rest_route=%2Fwp%2Fv2%2Ftags&post=33936"}],"curies":[{"name":"wp","href":"https:\/\/api.w.org\/{rel}","templated":true}]}}