{"id":33934,"date":"2023-08-16T12:43:16","date_gmt":"2023-08-16T15:43:16","guid":{"rendered":"https:\/\/radiorevelacionfm.cl\/?p=33934"},"modified":"2023-08-16T12:43:16","modified_gmt":"2023-08-16T15:43:16","slug":"formalizan-por-trafico-y-microtrafico-de-drogas-a-imputado-que-operaba-en-puerto-aysen-y-coyhaique","status":"publish","type":"post","link":"https:\/\/radiorevelacionfm.cl\/?p=33934","title":{"rendered":"Formalizan por tr\u00e1fico y microtr\u00e1fico de drogas a imputado que operaba en Puerto Ays\u00e9n y Coyhaique"},"content":{"rendered":"<div class=\"flex_column av_one_full  flex_column_div av-zero-column-padding first  avia-builder-el-0  el_before_av_one_full  avia-builder-el-first  \" style='border-radius:0px; '><div  class='avia-image-container  av-styling-    avia-builder-el-1  avia-builder-el-no-sibling  avia-align-center '  itemprop=\"image\" itemscope=\"itemscope\" itemtype=\"https:\/\/schema.org\/ImageObject\"  ><div class='avia-image-container-inner'><div class='avia-image-overlay-wrap'><img decoding=\"async\" class='wp-image-33059 avia-img-lazy-loading-not-33059 avia_image' src=\"https:\/\/radiorevelacionfm.cl\/wp-content\/uploads\/2023\/07\/fiscalia_2-1_optimized.jpg\" alt='' title='fiscalia_2-(1)_optimized' height=\"600\" width=\"900\"  itemprop=\"thumbnailUrl\" srcset=\"https:\/\/radiorevelacionfm.cl\/wp-content\/uploads\/2023\/07\/fiscalia_2-1_optimized.jpg 900w, https:\/\/radiorevelacionfm.cl\/wp-content\/uploads\/2023\/07\/fiscalia_2-1_optimized-300x200.jpg 300w, https:\/\/radiorevelacionfm.cl\/wp-content\/uploads\/2023\/07\/fiscalia_2-1_optimized-768x512.jpg 768w, https:\/\/radiorevelacionfm.cl\/wp-content\/uploads\/2023\/07\/fiscalia_2-1_optimized-705x470.jpg 705w, https:\/\/radiorevelacionfm.cl\/wp-content\/uploads\/2023\/07\/fiscalia_2-1_optimized-450x300.jpg 450w, https:\/\/radiorevelacionfm.cl\/wp-content\/uploads\/2023\/07\/fiscalia_2-1_optimized-600x400.jpg 600w\" sizes=\"(max-width: 900px) 100vw, 900px\" \/><\/div><\/div><\/div><\/div><div class=\"flex_column av_one_full  flex_column_div av-zero-column-padding first  avia-builder-el-2  el_after_av_one_full  el_before_av_one_full  column-top-margin\" style='border-radius:0px; '><section class=\"av_textblock_section \"  itemscope=\"itemscope\" itemtype=\"https:\/\/schema.org\/BlogPosting\" itemprop=\"blogPost\" ><div class='avia_textblock  '   itemprop=\"text\" ><p style=\"text-align: center;\"><strong><span style=\"font-size: 18pt;\">Formalizan por tr\u00e1fico y microtr\u00e1fico de drogas a imputado que operaba en Puerto Ays\u00e9n y Coyhaique<\/span><\/strong><\/p>\n<div id=\"gtx-trans\" style=\"position: absolute; left: -50px; top: 4.31534px;\">\n<div class=\"gtx-trans-icon\"><\/div>\n<\/div>\n<\/div><\/section><\/div><div class=\"flex_column av_one_full  flex_column_div av-zero-column-padding first  avia-builder-el-4  el_after_av_one_full  el_before_av_hr  column-top-margin\" style='border-radius:0px; '><section class=\"av_textblock_section \"  itemscope=\"itemscope\" itemtype=\"https:\/\/schema.org\/BlogPosting\" itemprop=\"blogPost\" ><div class='avia_textblock  '   itemprop=\"text\" ><p style=\"font-weight: 400; text-align: justify;\">Como parte de una extensa investigaci\u00f3n conjunta entre el Ministerio P\u00fablico y la Polic\u00eda de Investigaciones, fue formalizado un imputado de 28 a\u00f1os por delitos asociados al tr\u00e1fico y microtr\u00e1fico de drogas, adem\u00e1s de un homicidio tentado en contra de un detective de la PDI mediante un intento de atropello.<\/p>\n<p style=\"font-weight: 400; text-align: justify;\">Las diligencias de este caso, donde se logr\u00f3 decomisar 293 gramos de clorhidrato de coca\u00edna que hab\u00eda sido enviada a Puerto Ays\u00e9n mediante un sistema de encomiendas, fueron efectuadas tanto por la Brigada Antinarc\u00f3ticos y Contra el Crimen Organizado de Coyhaique como por la Brigada de Investigaci\u00f3n Criminal de Puerto Ays\u00e9n.<\/p>\n<p style=\"font-weight: 400; text-align: justify;\">Seg\u00fan explic\u00f3 la fiscal Mar\u00eda In\u00e9s N\u00fa\u00f1ez Briso, de la Unidad de Drogas del Ministerio P\u00fablico, el martes \u201cse llev\u00f3 a cabo una audiencia de control de la detenci\u00f3n y formalizaci\u00f3n de la investigaci\u00f3n en contra de una persona que hab\u00eda sido ordenada su detenci\u00f3n por la Ilustr\u00edsima Corte de Apelaciones de Coyhaique, con fecha 8 de agosto\u201d.<\/p>\n<p style=\"font-weight: 400; text-align: justify;\">La persecutora penal agreg\u00f3 que \u201cel Tribunal declar\u00f3 legal la detenci\u00f3n y el Ministerio P\u00fablico formaliz\u00f3 investigaci\u00f3n por tres delitos: tr\u00e1fico de drogas en peque\u00f1as cantidades, delito de tr\u00e1fico de drogas, que previene el art\u00edculo 3 de la ley 20.000 y un delito de homicidio tentado en perjuicio de un funcionario de la Polic\u00eda de Investigaciones\u201d.<\/p>\n<p style=\"font-weight: 400; text-align: justify;\">PDI<\/p>\n<p style=\"font-weight: 400; text-align: justify;\">\u201cLa detenci\u00f3n de este sujeto, se enmarca en un procedimiento policial por los delitos de tr\u00e1fico de drogas y homicidio frustrado en contra de funcionario PDI a cargo de esta brigada especializada, acontecido el 15 de mayo del presente a\u00f1o en la ciudad de Puerto Ays\u00e9n, donde mediante t\u00e9cnicas investigativas amparadas por la ley se logr\u00f3 la detenci\u00f3n en flagrancia de una persona chilena, mayor de edad, que en compa\u00f1\u00eda del imputado principal, realizaba el retiro de una encomienda desde una empresa courier, la cual conten\u00eda Clorhidrato de Coca\u00edna, previamente detectado por nuestros ejemplares caninos\u201d, coment\u00f3 el subcomisario Ricardo Aedo de la Brigada Antinarc\u00f3ticos y Contra el Crimen Organizado Coyhaique.<\/p>\n<p style=\"font-weight: 400; text-align: justify;\">Seg\u00fan detall\u00f3 el detective, cuando la primera persona es detenida el l\u00edder de la banda se encontraba en un veh\u00edculo en las cercan\u00edas, esperando y vigilando que todo saliera conforme a lo planeado, no obstante, \u201cal percatarse de la presencia policial, esta segunda persona que estaba a bordo de un auto, se da a la fuga intentando atropellar a un detective, adem\u00e1s de poner en riesgo a las personas que se encontraban en las cercan\u00edas\u201d.<\/p>\n<p style=\"font-weight: 400; text-align: justify;\">Por lo anterior y en coordinaci\u00f3n con el Ministerio P\u00fablico, \u201cse solicit\u00f3 al Juzgado de Garant\u00eda de Coyhaique la respectiva orden de detenci\u00f3n, por cuanto se logr\u00f3 acreditar su participaci\u00f3n en delitos por infracci\u00f3n a la ley 20.000 y Homicidio Frustrado a Funcionario P\u00fablico, cuya detenci\u00f3n se materializ\u00f3, el d\u00eda 14 de agosto del a\u00f1o en curso en el sector c\u00e9ntrico de Puerto Ays\u00e9n por parte de funcionarios de la Brigada de Investigaci\u00f3n Criminal de esa ciudad\u201d, finaliz\u00f3 el subcomisario.<\/p>\n<p style=\"font-weight: 400; text-align: justify;\">PRISI\u00d3N PREVENTIVA<\/p>\n<p style=\"font-weight: 400; text-align: justify;\">El delito de tr\u00e1fico, por el que el imputado fue formalizado el martes, ocurri\u00f3 en mayo de este a\u00f1o en Puerto Ays\u00e9n y el microtr\u00e1fico corresponde a un hecho ocurrido en junio del a\u00f1o 2022, tambi\u00e9n en Puerto Ays\u00e9n, donde se incaut\u00f3 marihuana y ketamina en peque\u00f1as cantidades.<\/p>\n<p style=\"font-weight: 400; text-align: justify;\">Mar\u00eda In\u00e9s N\u00fa\u00f1ez a\u00f1adi\u00f3 que \u201cel Ministerio P\u00fablico solicit\u00f3 la medida cautelar de prisi\u00f3n preventiva en contra de esta persona, que estaba siendo investigada por el delito de tr\u00e1fico de drogas, tanto por la Brigada Antinarc\u00f3ticos de Coyhaique y tambi\u00e9n la Bicrim de Puerto Ays\u00e9n\u201d.<\/p>\n<p style=\"font-weight: 400; text-align: justify;\">En esta investigaci\u00f3n coordinada entre la Fiscal\u00eda y la PDI, \u201cel Tribunal, despu\u00e9s que se expusieron todos los antecedentes que se ten\u00edan en las carpetas investigativas, orden\u00f3 la prisi\u00f3n preventiva del imputado, la medida cautelar m\u00e1s gravosa en contra de esta persona, por ser su libertad un peligro para la seguridad de la sociedad, fij\u00e1ndose un plazo de 60 d\u00edas de investigaci\u00f3n\u201d, detall\u00f3 la fiscal del Ministerio P\u00fablico.<\/p>\n<\/div><\/section><\/div><div  style='height:50px' class='hr hr-invisible   avia-builder-el-6  el_after_av_one_full  el_before_av_social_share '><span class='hr-inner ' ><span class='hr-inner-style'><\/span><\/span><\/div><\/p>\n<div  class='av-social-sharing-box  avia-builder-el-7  el_after_av_hr  el_before_av_hr  '><div class='av-share-box'><h5 class='av-share-link-description av-no-toc '>Compartir esta noticia<\/h5><ul class='av-share-box-list noLightbox'><li class='av-share-link av-social-link-facebook' ><a target=\"_blank\" aria-label=\"Compartir en Facebook\" href='https:\/\/www.facebook.com\/sharer.php?u=https:\/\/radiorevelacionfm.cl\/?p=33934&#038;t=Formalizan%20por%20tr%C3%A1fico%20y%20microtr%C3%A1fico%20de%20drogas%20a%20imputado%20que%20operaba%20en%20Puerto%20Ays%C3%A9n%20y%20Coyhaique' aria-hidden='false' data-av_icon='\ue8f3' data-av_iconfont='entypo-fontello' title='' data-avia-related-tooltip='Compartir en Facebook' rel=\"noopener\"><span class='avia_hidden_link_text'>Compartir en Facebook<\/span><\/a><\/li><li class='av-share-link av-social-link-twitter' ><a target=\"_blank\" aria-label=\"Compartir en Twitter\" href='https:\/\/twitter.com\/share?text=Formalizan%20por%20tr%C3%A1fico%20y%20microtr%C3%A1fico%20de%20drogas%20a%20imputado%20que%20operaba%20en%20Puerto%20Ays%C3%A9n%20y%20Coyhaique&#038;url=https:\/\/radiorevelacionfm.cl\/?p=33934' aria-hidden='false' data-av_icon='\ue8f1' data-av_iconfont='entypo-fontello' title='' data-avia-related-tooltip='Compartir en Twitter' rel=\"noopener\"><span class='avia_hidden_link_text'>Compartir en Twitter<\/span><\/a><\/li><li class='av-share-link av-social-link-whatsapp' ><a target=\"_blank\" aria-label=\"Compartir en Whatsapp\" href='https:\/\/api.whatsapp.com\/send?text=https:\/\/radiorevelacionfm.cl\/?p=33934' aria-hidden='false' data-av_icon='\uf232' data-av_iconfont='entypo-fontello' title='' data-avia-related-tooltip='Compartir en Whatsapp' rel=\"noopener\"><span class='avia_hidden_link_text'>Compartir en Whatsapp<\/span><\/a><\/li><li class='av-share-link av-social-link-linkedin' ><a target=\"_blank\" aria-label=\"Compartir en LinkedIn\" href='https:\/\/linkedin.com\/shareArticle?mini=true&#038;title=Formalizan%20por%20tr%C3%A1fico%20y%20microtr%C3%A1fico%20de%20drogas%20a%20imputado%20que%20operaba%20en%20Puerto%20Ays%C3%A9n%20y%20Coyhaique&#038;url=https:\/\/radiorevelacionfm.cl\/?p=33934' aria-hidden='false' data-av_icon='\ue8fc' data-av_iconfont='entypo-fontello' title='' data-avia-related-tooltip='Compartir en LinkedIn' rel=\"noopener\"><span class='avia_hidden_link_text'>Compartir en LinkedIn<\/span><\/a><\/li><li class='av-share-link av-social-link-mail' ><a  aria-label=\"Compartir por correo\" href='mailto:?subject=Formalizan%20por%20tr%C3%A1fico%20y%20microtr%C3%A1fico%20de%20drogas%20a%20imputado%20que%20operaba%20en%20Puerto%20Ays%C3%A9n%20y%20Coyhaique&#038;body=https:\/\/radiorevelacionfm.cl\/?p=33934' aria-hidden='false' data-av_icon='\ue805' data-av_iconfont='entypo-fontello' title='' data-avia-related-tooltip='Compartir por correo'><span class='avia_hidden_link_text'>Compartir por correo<\/span><\/a><\/li><\/ul><\/div><\/div>\n<div  style='height:50px' class='hr hr-invisible   avia-builder-el-8  el_after_av_social_share  el_before_av_comments_list '><span class='hr-inner ' ><span class='hr-inner-style'><\/span><\/span><\/div>\n<div  class='av-buildercomment  av-blog-meta-html-info-disabled av-blog-meta-tag-disabled  '><\/div>\n","protected":false},"excerpt":{"rendered":"","protected":false},"author":1,"featured_media":33059,"comment_status":"open","ping_status":"open","sticky":false,"template":"","format":"standard","meta":{"footnotes":""},"categories":[36],"tags":[],"class_list":["post-33934","post","type-post","status-publish","format-standard","has-post-thumbnail","hentry","category-policial"],"jetpack_featured_media_url":"https:\/\/radiorevelacionfm.cl\/wp-content\/uploads\/2023\/07\/fiscalia_2-1_optimized.jpg","_links":{"self":[{"href":"https:\/\/radiorevelacionfm.cl\/index.php?rest_route=\/wp\/v2\/posts\/33934","targetHints":{"allow":["GET"]}}],"collection":[{"href":"https:\/\/radiorevelacionfm.cl\/index.php?rest_route=\/wp\/v2\/posts"}],"about":[{"href":"https:\/\/radiorevelacionfm.cl\/index.php?rest_route=\/wp\/v2\/types\/post"}],"author":[{"embeddable":true,"href":"https:\/\/radiorevelacionfm.cl\/index.php?rest_route=\/wp\/v2\/users\/1"}],"replies":[{"embeddable":true,"href":"https:\/\/radiorevelacionfm.cl\/index.php?rest_route=%2Fwp%2Fv2%2Fcomments&post=33934"}],"version-history":[{"count":1,"href":"https:\/\/radiorevelacionfm.cl\/index.php?rest_route=\/wp\/v2\/posts\/33934\/revisions"}],"predecessor-version":[{"id":33935,"href":"https:\/\/radiorevelacionfm.cl\/index.php?rest_route=\/wp\/v2\/posts\/33934\/revisions\/33935"}],"wp:featuredmedia":[{"embeddable":true,"href":"https:\/\/radiorevelacionfm.cl\/index.php?rest_route=\/wp\/v2\/media\/33059"}],"wp:attachment":[{"href":"https:\/\/radiorevelacionfm.cl\/index.php?rest_route=%2Fwp%2Fv2%2Fmedia&parent=33934"}],"wp:term":[{"taxonomy":"category","embeddable":true,"href":"https:\/\/radiorevelacionfm.cl\/index.php?rest_route=%2Fwp%2Fv2%2Fcategories&post=33934"},{"taxonomy":"post_tag","embeddable":true,"href":"https:\/\/radiorevelacionfm.cl\/index.php?rest_route=%2Fwp%2Fv2%2Ftags&post=33934"}],"curies":[{"name":"wp","href":"https:\/\/api.w.org\/{rel}","templated":true}]}}